{"id":24545,"date":"2024-02-05T06:10:00","date_gmt":"2024-02-05T09:10:00","guid":{"rendered":"https:\/\/cndl.org.br\/varejosa\/?p=22269"},"modified":"2024-02-05T11:34:35","modified_gmt":"2024-02-05T14:34:35","slug":"desenquadramento-de-mei-para-me-o-que-muda","status":"publish","type":"post","link":"https:\/\/cndl.org.br\/varejosa\/desenquadramento-de-mei-para-me-o-que-muda\/","title":{"rendered":"Desenquadramento de MEI para ME: o que muda?"},"content":{"rendered":"\n<p>Se no ano passado a sua empresa faturou mais de R$ 81 mil no ano, \u00e9 sinal que o seu neg\u00f3cio cresceu e que chegou a hora de mudar de MEI (microempreendedor individual) para ME (microempresa). Com essa altera\u00e7\u00e3o no porte, a empresa passa automaticamente para o regime tribut\u00e1rio do Simples Nacional. <\/p>\n\n\n\n<p>Al\u00e9m do faturamento acima do teto, existem outros motivos que levam \u00e0 necessidade do empreendedor de fazer essa migra\u00e7\u00e3o para microempresa, s\u00e3o eles:<\/p>\n\n\n\n<ul class=\"wp-block-list\">\n<li>Contrata\u00e7\u00e3o de mais de 1 funcion\u00e1rio;<\/li>\n\n\n\n<li>Mudan\u00e7a da natureza jur\u00eddica;<\/li>\n\n\n\n<li>Abertura de uma filial ou participa\u00e7\u00e3o em outra empresa;<\/li>\n\n\n\n<li>Mudan\u00e7a para ocupa\u00e7\u00e3o n\u00e3o permitida como MEI.<\/li>\n<\/ul>\n\n\n\n<p>Quando surge a necessidade de fazer o desenquadramento do MEI, isso significa que a empresa est\u00e1 crescendo. Nesse caso, assim que o empreendedor migra o porte da empresa para ME, algumas quest\u00f5es precisam mudar imediatamente na gest\u00e3o do neg\u00f3cio.<\/p>\n\n\n\n<p>Ap\u00f3s o desenquadramento, \u00e9 necess\u00e1ria a contrata\u00e7\u00e3o de um profissional de contabilidade para assinar a documenta\u00e7\u00e3o fiscal e cont\u00e1bil da empresa. Al\u00e9m disso, as compras, vendas e presta\u00e7\u00f5es de servi\u00e7os ter\u00e3o de ser feitas com nota fiscal e somente a conta banc\u00e1ria da empresa poder\u00e1 ser utilizada. Por outro lado, o novo ME ter\u00e1 uma s\u00e9rie de vantagens como:<\/p>\n\n\n\n<ul class=\"wp-block-list\">\n<li>Faturamento acima de R$ 81 mil;<\/li>\n\n\n\n<li>Contratar mais de 1 funcion\u00e1rios;<\/li>\n\n\n\n<li>Abrir filiais;<\/li>\n\n\n\n<li>Incluir s\u00f3cios;<\/li>\n\n\n\n<li>Vender para atacados;<\/li>\n\n\n\n<li>Participa\u00e7\u00e3o societ\u00e1ria.<\/li>\n<\/ul>\n\n\n\n<p>Agora, como ficam os tributos? Tendo como base o faturamento anual bruto de R$ 180 mil, cada segmento ir\u00e1 pagar uma porcentagem espec\u00edfica:<\/p>\n\n\n\n<ul class=\"wp-block-list\">\n<li><strong>Com\u00e9rcio:<\/strong> 4% sobre o faturamento bruto;<\/li>\n\n\n\n<li><strong>Ind\u00fastria: <\/strong>4,5 % sobre o faturamento bruto;<\/li>\n\n\n\n<li><strong>Servi\u00e7o:<\/strong> 6% sobre o faturamento bruto.<\/li>\n<\/ul>\n\n\n\n<p>Esse valor ser\u00e1 pago numa guia \u00fanica que vence no dia 20 de cada m\u00eas. J\u00e1 o INSS, que era de 5%, passar\u00e1 a ser de 11% sobre o sal\u00e1rio-m\u00ednimo, tamb\u00e9m com vencimento no dia 20, mas numa guia de pagamento separada.<\/p>\n\n\n\n<p>Depois do desenquadramento, o empreendedor precisa ter um ato constitutivo registrado na Junta Comercial do Estado. Para isso, \u00e9 necess\u00e1rio buscar o \u00f3rg\u00e3o e o contador respons\u00e1vel para realizar o processo.<\/p>\n\n\n\n<p>Quer saber mais? O Sebrae preparou uma  e um <a href=\"https:\/\/sebrae.com.br\/sites\/PortalSebrae\/MEI\" data-type=\"link\" data-id=\"https:\/\/sebrae.com.br\/sites\/PortalSebrae\/MEI\" target=\"_blank\" rel=\"noreferrer noopener\">portal<\/a> inteiramente dedicados a esclarecer essas e outras d\u00favidas dos microempreendedores individuais.<\/p>\n","protected":false},"excerpt":{"rendered":"<p>Uma s\u00e9rie de v\u00eddeos especiais e um portal foram inteiramente dedicados a esclarecer as principais d\u00favidas de quem j\u00e1 \u00e9 MEI ou tem planos de abrir o pr\u00f3prio neg\u00f3cio.<\/p>\n","protected":false},"author":11,"featured_media":24501,"comment_status":"closed","ping_status":"open","sticky":false,"template":"","format":"standard","meta":{"footnotes":""},"categories":[26],"tags":[341,317,288,2764,285],"class_list":["post-24545","post","type-post","status-publish","format-standard","has-post-thumbnail","hentry","category-negocios-e-economia","tag-economia","tag-empreendedorismo","tag-mei","tag-regime-tributario","tag-simples-nacional"],"_links":{"self":[{"href":"https:\/\/cndl.org.br\/varejosa\/wp-json\/wp\/v2\/posts\/24545","targetHints":{"allow":["GET"]}}],"collection":[{"href":"https:\/\/cndl.org.br\/varejosa\/wp-json\/wp\/v2\/posts"}],"about":[{"href":"https:\/\/cndl.org.br\/varejosa\/wp-json\/wp\/v2\/types\/post"}],"author":[{"embeddable":true,"href":"https:\/\/cndl.org.br\/varejosa\/wp-json\/wp\/v2\/users\/11"}],"replies":[{"embeddable":true,"href":"https:\/\/cndl.org.br\/varejosa\/wp-json\/wp\/v2\/comments?post=24545"}],"version-history":[{"count":0,"href":"https:\/\/cndl.org.br\/varejosa\/wp-json\/wp\/v2\/posts\/24545\/revisions"}],"wp:featuredmedia":[{"embeddable":true,"href":"https:\/\/cndl.org.br\/varejosa\/wp-json\/wp\/v2\/media\/24501"}],"wp:attachment":[{"href":"https:\/\/cndl.org.br\/varejosa\/wp-json\/wp\/v2\/media?parent=24545"}],"wp:term":[{"taxonomy":"category","embeddable":true,"href":"https:\/\/cndl.org.br\/varejosa\/wp-json\/wp\/v2\/categories?post=24545"},{"taxonomy":"post_tag","embeddable":true,"href":"https:\/\/cndl.org.br\/varejosa\/wp-json\/wp\/v2\/tags?post=24545"}],"curies":[{"name":"wp","href":"https:\/\/api.w.org\/{rel}","templated":true}]}}