{"id":24573,"date":"2024-01-24T06:53:00","date_gmt":"2024-01-24T09:53:00","guid":{"rendered":"https:\/\/cndl.org.br\/varejosa\/?p=22193"},"modified":"2026-01-29T10:18:49","modified_gmt":"2026-01-29T13:18:49","slug":"cartao-mei-e-desenrola-pj-sao-prioridades-de-marcio-franca-para-1o-semestre-de-2024","status":"publish","type":"post","link":"https:\/\/cndl.org.br\/varejosa\/cartao-mei-e-desenrola-pj-sao-prioridades-de-marcio-franca-para-1o-semestre-de-2024\/","title":{"rendered":"Cart\u00e3o MEI e Desenrola PJ s\u00e3o prioridades de M\u00e1rcio Fran\u00e7a para 1\u00ba semestre de 2024"},"content":{"rendered":"\n<p>O ministro do MEMP (Minist\u00e9rio do Empreendedorismo, da Microempresa e da Empresa de Pequeno Porte), M\u00e1rcio Fran\u00e7a (PSB), tem como prioridade a cria\u00e7\u00e3o do Desenrola PJ, uma vers\u00e3o para empresas do programa de renegocia\u00e7\u00e3o de d\u00edvidas implementado pelo Minist\u00e9rio da Fazenda no ano passado, e do Cart\u00e3o MEI, um documento de identifica\u00e7\u00e3o para microempreendedores individuais. A expectativa \u00e9 disponibilizar as duas iniciativas ainda no primeiro semestre de 2024. Anunciado em setembro de 2023, o MEMP foi efetivamente criado na semana passada, com a san\u00e7\u00e3o do presidente Luiz In\u00e1cio Lula da Silva (PT).<\/p>\n\n\n\n<p>Fran\u00e7a espera tamb\u00e9m aprovar, via Conselho de Desenvolvimento Econ\u00f4mico Social Sustent\u00e1vel, o chamado Conselh\u00e3o, uma resolu\u00e7\u00e3o que estende o prazo de regulariza\u00e7\u00e3o de empresas no Simples Nacional do final de janeiro para maio. Segundo ele, o Minist\u00e9rio da Fazenda j\u00e1 estuda como colocar isso em pr\u00e1tica.<\/p>\n\n\n\n<p>Em entrevista a Pequenas Empresas &amp; Grandes Neg\u00f3cios, ele falou das suas expectativas \u00e0 frente da pasta e as principais ideias para fomentar o ecossistema empreendedor, que incluem ainda abertura de capital para neg\u00f3cios e mudan\u00e7a no sistema de multas para o MEI que estoura o teto do faturamento.<\/p>\n\n\n\n<p><em>Leia a entrevista concedida pelo Ministro M\u00e1rcio Fran\u00e7a para o site <a href=\"https:\/\/revistapegn.globo.com\/economia\/noticia\/2024\/01\/cartao-mei-e-desenrola-pj-sao-prioridades-de-marcio-franca-para-1o-semestre-de-2024.ghtml\" data-type=\"link\" data-id=\"https:\/\/revistapegn.globo.com\/economia\/noticia\/2024\/01\/cartao-mei-e-desenrola-pj-sao-prioridades-de-marcio-franca-para-1o-semestre-de-2024.ghtml\" target=\"_blank\" rel=\"noreferrer noopener\">Pequenas Empresas &amp; Grandes Neg\u00f3cios<\/a>.<\/em><\/p>\n","protected":false},"excerpt":{"rendered":"<p>Plataforma de identifica\u00e7\u00e3o de MEIs e extens\u00e3o do programa de renegocia\u00e7\u00e3o de d\u00edvidas est\u00e3o em negocia\u00e7\u00e3o pelo ministro do Empreendedorismo, assim como a amplia\u00e7\u00e3o do prazo de regulariza\u00e7\u00e3o de empresas no Simples.<\/p>\n","protected":false},"author":8,"featured_media":24467,"comment_status":"closed","ping_status":"open","sticky":false,"template":"","format":"standard","meta":{"footnotes":""},"categories":[5891],"tags":[2817,2818,2239,623,2819,322,285],"class_list":["post-24573","post","type-post","status-publish","format-standard","has-post-thumbnail","hentry","category-empreendedorismo","tag-cartao-mei","tag-desenrola-pj","tag-desenvolvimento-economico","tag-microempreendedor-individual","tag-ministerio-do-empreendedorismo","tag-reforma-tributaria","tag-simples-nacional"],"_links":{"self":[{"href":"https:\/\/cndl.org.br\/varejosa\/wp-json\/wp\/v2\/posts\/24573","targetHints":{"allow":["GET"]}}],"collection":[{"href":"https:\/\/cndl.org.br\/varejosa\/wp-json\/wp\/v2\/posts"}],"about":[{"href":"https:\/\/cndl.org.br\/varejosa\/wp-json\/wp\/v2\/types\/post"}],"author":[{"embeddable":true,"href":"https:\/\/cndl.org.br\/varejosa\/wp-json\/wp\/v2\/users\/8"}],"replies":[{"embeddable":true,"href":"https:\/\/cndl.org.br\/varejosa\/wp-json\/wp\/v2\/comments?post=24573"}],"version-history":[{"count":0,"href":"https:\/\/cndl.org.br\/varejosa\/wp-json\/wp\/v2\/posts\/24573\/revisions"}],"wp:featuredmedia":[{"embeddable":true,"href":"https:\/\/cndl.org.br\/varejosa\/wp-json\/wp\/v2\/media\/24467"}],"wp:attachment":[{"href":"https:\/\/cndl.org.br\/varejosa\/wp-json\/wp\/v2\/media?parent=24573"}],"wp:term":[{"taxonomy":"category","embeddable":true,"href":"https:\/\/cndl.org.br\/varejosa\/wp-json\/wp\/v2\/categories?post=24573"},{"taxonomy":"post_tag","embeddable":true,"href":"https:\/\/cndl.org.br\/varejosa\/wp-json\/wp\/v2\/tags?post=24573"}],"curies":[{"name":"wp","href":"https:\/\/api.w.org\/{rel}","templated":true}]}}