{"id":24589,"date":"2024-01-24T06:12:00","date_gmt":"2024-01-24T09:12:00","guid":{"rendered":"https:\/\/cndl.org.br\/varejosa\/?p=22195"},"modified":"2024-02-03T15:53:59","modified_gmt":"2024-02-03T18:53:59","slug":"mei-investe-no-mercado-da-moda-e-estimula-o-empreendedorismo-no-interior-do-piaui","status":"publish","type":"post","link":"https:\/\/cndl.org.br\/varejosa\/mei-investe-no-mercado-da-moda-e-estimula-o-empreendedorismo-no-interior-do-piaui\/","title":{"rendered":"MEI investe no mercado da moda e estimula o empreendedorismo no interior do Piau\u00ed"},"content":{"rendered":"\n<p>Determina\u00e7\u00e3o e foco s\u00e3o qualidades que a MEI (microempreendedora individual) Carla Naiana de Menezes Mota teve para levar a sua empresa ao sucesso em quatro anos de trabalho duro. Depois de uma longa jornada longe da fam\u00edlia, a mais de 1,5 mil quil\u00f4metros de dist\u00e2ncia, Carla decidiu largar um bom emprego em Goi\u00e2nia para come\u00e7ar do zero em Ribeiro Gon\u00e7alves (PI). Em 2019, com apenas 10 camisetas no estoque e vendendo dentro do pr\u00f3prio quarto, ela come\u00e7ou a sua trajet\u00f3ria como empres\u00e1ria. Hoje \u00e9 a vencedora do Pr\u00eamio Sebrae Mulher de Neg\u00f3cios 2023.<\/p>\n\n\n\n<p>\u00c9 uma satisfa\u00e7\u00e3o enorme. Olhar para minha trajet\u00f3ria l\u00e1 no come\u00e7o, iniciando o meu neg\u00f3cio com R$ 100 e 10 blusinhas, lembrar as dificuldades que enfrentei e ver aonde eu cheguei hoje \u00e9 realmente gratificante. \u00c9 um marco na minha vida pessoal e profissional. Quero que a minha hist\u00f3ria sirva de exemplo e inspira\u00e7\u00e3o para outras mulheres.<\/p>\n\n\n\n<p>A propriet\u00e1ria da loja que leva o seu pr\u00f3prio nome j\u00e1 vislumbra abrir mais duas unidades em cidades em que hoje atende exclusivamente pela internet. Ela ainda aproveitou a oportunidade e abriu o primeiro brech\u00f3 em um raio de 300 quil\u00f4metros da cidade. \u201cHoje est\u00e1 crescendo tanto que j\u00e1 estou sem local para colocar as pe\u00e7as. Atualmente, ele funciona no mesmo local da minha loja, em c\u00f4modos separados. \u00c9 um sucesso na cidade\u201d, explica Carla Naiana.<\/p>\n\n\n\n<p>Al\u00e9m disso, uma vez ao m\u00eas, a vencedora do Pr\u00eamio Sebrae Mulher de Neg\u00f3cios 2023 na Categoria de Microempreendedora Individual e influenciadora digital organiza uma feira de empreendedores em seu munic\u00edpio, que movimenta cerca de R$ 25 mil a cada edi\u00e7\u00e3o. \u201cNos reunimos na pra\u00e7a da cidade para vendermos nossos produtos. O projeto foi t\u00e3o bem-sucedido que outras cidades vizinhas j\u00e1 copiaram a ideia\u201d, diz.<\/p>\n\n\n\n<p>Em sua trajet\u00f3ria, Carla Naiana ressalta que o apoio do Sebrae foi fundamental para chegar ao sucesso. \u201cEsse apoio em rela\u00e7\u00e3o ao desenvolvimento do neg\u00f3cio \u00e9 muito importante. \u00c9 uma orienta\u00e7\u00e3o que temos gratuitamente e muita gente n\u00e3o aproveita. Quem acessa, consegue crescer\u201d, afirma, ao lembrar que j\u00e1 fez diversos cursos, como de finan\u00e7as, atendimento ao cliente, vendas, entre outros.<\/p>\n\n\n\n<p>As empreendedoras que venceram a etapa nacional do Pr\u00eamio Sebrae de Neg\u00f3cios foram anunciadas no in\u00edcio de dezembro. A premia\u00e7\u00e3o tem o objetivo de dar visibilidade e reconhecimento \u00e0s empreendedoras brasileiras. Elas concorreram em tr\u00eas categorias: Pequenos neg\u00f3cios, Produtora Rural e Microempreendedora Individual. Em 2023, mais de 4 mil mulheres se inscreveram \u2013 37% a mais do que no ano anterior.<\/p>\n","protected":false},"excerpt":{"rendered":"<p>Carla Naiana, da cidade de Ribeiro Gon\u00e7alves, conquistou a categoria Microempreendedora Individual do Pr\u00eamio Sebrae Mulher de Neg\u00f3cios 2023<\/p>\n","protected":false},"author":11,"featured_media":24468,"comment_status":"closed","ping_status":"open","sticky":false,"template":"","format":"standard","meta":{"footnotes":""},"categories":[1836],"tags":[247,341,317,743,1065,249,2833,250],"class_list":["post-24589","post","type-post","status-publish","format-standard","has-post-thumbnail","hentry","category-marketing-e-vendas","tag-comercio","tag-economia","tag-empreendedorismo","tag-moda","tag-mulher-empreendedora","tag-varejo","tag-varejo-de-moda","tag-vendas"],"_links":{"self":[{"href":"https:\/\/cndl.org.br\/varejosa\/wp-json\/wp\/v2\/posts\/24589","targetHints":{"allow":["GET"]}}],"collection":[{"href":"https:\/\/cndl.org.br\/varejosa\/wp-json\/wp\/v2\/posts"}],"about":[{"href":"https:\/\/cndl.org.br\/varejosa\/wp-json\/wp\/v2\/types\/post"}],"author":[{"embeddable":true,"href":"https:\/\/cndl.org.br\/varejosa\/wp-json\/wp\/v2\/users\/11"}],"replies":[{"embeddable":true,"href":"https:\/\/cndl.org.br\/varejosa\/wp-json\/wp\/v2\/comments?post=24589"}],"version-history":[{"count":0,"href":"https:\/\/cndl.org.br\/varejosa\/wp-json\/wp\/v2\/posts\/24589\/revisions"}],"wp:featuredmedia":[{"embeddable":true,"href":"https:\/\/cndl.org.br\/varejosa\/wp-json\/wp\/v2\/media\/24468"}],"wp:attachment":[{"href":"https:\/\/cndl.org.br\/varejosa\/wp-json\/wp\/v2\/media?parent=24589"}],"wp:term":[{"taxonomy":"category","embeddable":true,"href":"https:\/\/cndl.org.br\/varejosa\/wp-json\/wp\/v2\/categories?post=24589"},{"taxonomy":"post_tag","embeddable":true,"href":"https:\/\/cndl.org.br\/varejosa\/wp-json\/wp\/v2\/tags?post=24589"}],"curies":[{"name":"wp","href":"https:\/\/api.w.org\/{rel}","templated":true}]}}