{"id":24672,"date":"2024-02-05T15:32:52","date_gmt":"2024-02-05T18:32:52","guid":{"rendered":"https:\/\/cndl.org.br\/varejosa\/?p=24672"},"modified":"2024-02-14T18:35:17","modified_gmt":"2024-02-14T21:35:17","slug":"o-portal-varejo-s-a-esta-de-cara-nova","status":"publish","type":"post","link":"https:\/\/cndl.org.br\/varejosa\/o-portal-varejo-s-a-esta-de-cara-nova\/","title":{"rendered":"O Portal Varejo S.A. est\u00e1 de cara nova!"},"content":{"rendered":"\n<p>Entrou no ar nesta segunda-feira (5\/2) o novo design do <strong>Portal Varejo S.A.<\/strong>, que est\u00e1 mais moderno e intuitivo. Publica\u00e7\u00e3o da CNDL (Confedera\u00e7\u00e3o Nacional de Dirigentes Lojistas), re\u00fane as principais not\u00edcias e novidades do setor de Com\u00e9rcio e Servi\u00e7os e do Sistema CNDL, al\u00e9m de compilar conte\u00fados essenciais para o crescimento das empresas de micro e pequeno porte do segmento. Nossa miss\u00e3o \u00e9 informar, instruir e propor novos caminhos para o Varejo, fomentando conhecimento, estimulando o empreendedorismo e agregando valor para o micro e pequeno varejo brasileiro.<\/p>\n\n\n\n<p>O <strong>Portal Varejo S.A.<\/strong> tem uma hist\u00f3ria de 50 anos: foi em outubro de 1973 que a revista Diretor Lojista, que mais tarde passaria a se chamar Varejo S.A., come\u00e7ou a circular. No in\u00edcio daquele ano, quase dez anos antes de o primeiro computador pessoal ser lan\u00e7ado e 15 antes da primeira conex\u00e3o de internet no Brasil, as revistas carregavam um peso enorme. Sem sites e redes sociais, os peri\u00f3dicos possu\u00edam grande prest\u00edgio e responsabilidade.<\/p>\n\n\n\n<p>A revista, que s\u00f3 deixou de ser editada por dois anos, nasceu com o nome \u2018Diretor Lojista\u2019, passou a se chamar \u2018Dirigente Lojista\u2019 e, em 2016, ganhou nova designa\u00e7\u00e3o: Varejo S.A.. O conte\u00fado tamb\u00e9m sofreu altera\u00e7\u00f5es: de um espa\u00e7o de registros meramente institucionais, o peri\u00f3dico tornou-se um ve\u00edculo com temas mais plurais, aberto a assuntos variados do universo do com\u00e9rcio e servi\u00e7os. A publica\u00e7\u00e3o chegou a uma tiragem de 20 mil exemplares por m\u00eas e foi distribu\u00edda para todas as CDLs (C\u00e2maras de Dirigentes Lojistas) do Brasil e para as principais autoridades p\u00fablicas.<\/p>\n\n\n\n<p>Sempre esteve presente no universo digital, desde os prim\u00f3rdios da internet e das redes sociais, mas em maio de 2020, a pandemia do novo coronav\u00edrus obrigou a CNDL a se posicionar sobre a vers\u00e3o impressa da revista. Base de informa\u00e7\u00e3o e conte\u00fado das outras plataformas do Sistema CNDL, com as restri\u00e7\u00f5es impostas pela doen\u00e7a, foi preciso repensar todo o processo de produ\u00e7\u00e3o da revista, que inclu\u00eda impress\u00e3o e distribui\u00e7\u00e3o.<\/p>\n\n\n\n<p>Foi nesse contexto que revista Varejo S.A. migrou, definitivamente, para uma plataforma mais moderna, \u00e1gil e vers\u00e1til. Hoje, o conjunto de exemplares das revistas impressas est\u00e1 cuidadosamente preservado nos arquivos da sede da Confedera\u00e7\u00e3o, em Bras\u00edlia (DF).<\/p>\n\n\n\n<p>O <strong>Portal Varejo S.A.<\/strong> \u00e9 um patrim\u00f4nio hist\u00f3rico do movimento lojista dos \u00faltimos 50 anos, onde est\u00e1 registrado cada ato, gesto, evento, posicionamento, vit\u00f3ria e derrota de uma organiza\u00e7\u00e3o que atravessou, at\u00e9 agora,11 presidentes da Rep\u00fablica e in\u00fameros avan\u00e7os no setor varejista.<\/p>\n","protected":false},"excerpt":{"rendered":"<p>Com a miss\u00e3o de informar, instruir e propor novos caminhos para o setor de Com\u00e9rcio e Servi\u00e7os, o Portal Varejo S.A. ganha design mais moderno e intuitivo<\/p>\n","protected":false},"author":7,"featured_media":24673,"comment_status":"closed","ping_status":"closed","sticky":false,"template":"","format":"standard","meta":{"footnotes":""},"categories":[1371],"tags":[317,4953,1103,249],"class_list":["post-24672","post","type-post","status-publish","format-standard","has-post-thumbnail","hentry","category-noticias-cndl","tag-empreendedorismo","tag-portal-varejo-s-a","tag-sistema-cndl","tag-varejo"],"_links":{"self":[{"href":"https:\/\/cndl.org.br\/varejosa\/wp-json\/wp\/v2\/posts\/24672","targetHints":{"allow":["GET"]}}],"collection":[{"href":"https:\/\/cndl.org.br\/varejosa\/wp-json\/wp\/v2\/posts"}],"about":[{"href":"https:\/\/cndl.org.br\/varejosa\/wp-json\/wp\/v2\/types\/post"}],"author":[{"embeddable":true,"href":"https:\/\/cndl.org.br\/varejosa\/wp-json\/wp\/v2\/users\/7"}],"replies":[{"embeddable":true,"href":"https:\/\/cndl.org.br\/varejosa\/wp-json\/wp\/v2\/comments?post=24672"}],"version-history":[{"count":0,"href":"https:\/\/cndl.org.br\/varejosa\/wp-json\/wp\/v2\/posts\/24672\/revisions"}],"wp:featuredmedia":[{"embeddable":true,"href":"https:\/\/cndl.org.br\/varejosa\/wp-json\/wp\/v2\/media\/24673"}],"wp:attachment":[{"href":"https:\/\/cndl.org.br\/varejosa\/wp-json\/wp\/v2\/media?parent=24672"}],"wp:term":[{"taxonomy":"category","embeddable":true,"href":"https:\/\/cndl.org.br\/varejosa\/wp-json\/wp\/v2\/categories?post=24672"},{"taxonomy":"post_tag","embeddable":true,"href":"https:\/\/cndl.org.br\/varejosa\/wp-json\/wp\/v2\/tags?post=24672"}],"curies":[{"name":"wp","href":"https:\/\/api.w.org\/{rel}","templated":true}]}}