{"id":24885,"date":"2024-03-01T05:53:00","date_gmt":"2024-03-01T08:53:00","guid":{"rendered":"https:\/\/cndl.org.br\/varejosa\/?p=24885"},"modified":"2024-02-26T16:53:45","modified_gmt":"2024-02-26T19:53:45","slug":"sefazs-estaduais-entram-em-nova-fase-de-validacao-de-notas-fiscais-de-produtos-com-codigo-de-barras-padrao-gs1","status":"publish","type":"post","link":"https:\/\/cndl.org.br\/varejosa\/sefazs-estaduais-entram-em-nova-fase-de-validacao-de-notas-fiscais-de-produtos-com-codigo-de-barras-padrao-gs1\/","title":{"rendered":"Sefaz&#8217;s estaduais entram em nova fase de valida\u00e7\u00e3o de notas fiscais de produtos com c\u00f3digo de barras padr\u00e3o GS1"},"content":{"rendered":"\n<p>A partir de abril, ser\u00e1 aplicada a vers\u00e3o 1.30 da Nota T\u00e9cnica 2021.003, que trata do preenchimento do GTIN (N\u00famero Global do Item Comercial) nas Notas Fiscais Eletr\u00f4nicas e Notas Fiscais ao Consumidor Eletr\u00f4nicas \u2013 NF-e e NFC-e. Nessa nova fase, em continuidade \u00e0 obrigatoriedade da informa\u00e7\u00e3o de GTIN, os donos de marcas de produtos de v\u00e1rios setores de alimentos, al\u00e9m de dentifr\u00edcio e escova dental devem incluir essa informa\u00e7\u00e3o nas NF-e e NFC-e. Devem tamb\u00e9m informar a respectiva valida\u00e7\u00e3o no CCG (Cadastro Centralizado de GTIN).<\/p>\n\n\n\n<p>A medida est\u00e1 em vigor em todo o territ\u00f3rio nacional para as empresas que possuem seus produtos identificados com GTIN, que \u00e9 a numera\u00e7\u00e3o que acompanha o c\u00f3digo de barras padr\u00e3o GS1 estampado nas embalagens de produtos. A Associa\u00e7\u00e3o Brasileira de Automa\u00e7\u00e3o-GS1 Brasil \u00e9 a entidade que atribui os c\u00f3digos de barras no Pa\u00eds para garantir \u00e0 cadeia de abastecimento a identifica\u00e7\u00e3o \u00fanica de cada produto na sua movimenta\u00e7\u00e3o, distribui\u00e7\u00e3o, venda e gest\u00e3o, tanto no varejo tradicional quanto no online.<\/p>\n\n\n\n<p>Em rela\u00e7\u00e3o ao CCG, \u00e9 um banco de dados da Sefaz (Secretaria da Fazenda) que cont\u00e9m um conjunto reduzido de informa\u00e7\u00f5es dos produtos e funciona de forma integrada ao Cadastro Nacional de Produtos da GS1. Portanto, com informa\u00e7\u00f5es precisas fornecidas pelos empres\u00e1rios, os campos das notas relacionados ao GTIN ficam aptos para valida\u00e7\u00e3o pela Secretaria de Fazenda de cada Estado.<\/p>\n\n\n\n<p>O grupo de mercadorias envolvidos nessa nova etapa pode ser conferido <a href=\"https:\/\/s2402.imxsnd13.com\/link.php?code=bDpodHRwcyUzQSUyRiUyRnd3dy5uZmUuZmF6ZW5kYS5nb3YuYnIlMkZwb3J0YWwlMkZleGliaXJBcnF1aXZvLmFzcHglM0Zjb250ZXVkbyUzRFNyUVQ5eXM4T0RvJTNEOjMyOTg5NTYwNTQ6dmFyZWpvc2FAY25kbC5vcmcuYnI6OGEzZmQ3Ojcw\" data-type=\"link\" data-id=\"https:\/\/s2402.imxsnd13.com\/link.php?code=bDpodHRwcyUzQSUyRiUyRnd3dy5uZmUuZmF6ZW5kYS5nb3YuYnIlMkZwb3J0YWwlMkZleGliaXJBcnF1aXZvLmFzcHglM0Zjb250ZXVkbyUzRFNyUVQ5eXM4T0RvJTNEOjMyOTg5NTYwNTQ6dmFyZWpvc2FAY25kbC5vcmcuYnI6OGEzZmQ3Ojcw\" target=\"_blank\" rel=\"noreferrer noopener\">aqui<\/a>.<\/p>\n","protected":false},"excerpt":{"rendered":"<p>Empresas de setores aliment\u00edcio e cuidados pessoais t\u00eam at\u00e9 abril para informar a numera\u00e7\u00e3o do c\u00f3digo de barras padr\u00e3o GS1 de seus produtos na Nota Fiscal Eletr\u00f4nica<\/p>\n","protected":false},"author":8,"featured_media":24886,"comment_status":"closed","ping_status":"closed","sticky":false,"template":"","format":"standard","meta":{"footnotes":""},"categories":[26],"tags":[5053,5057,5054,935,5056],"class_list":["post-24885","post","type-post","status-publish","format-standard","has-post-thumbnail","hentry","category-negocios-e-economia","tag-codigo-de-barras","tag-cuidados-pessoais","tag-gs1","tag-notas-fiscais","tag-sefaz"],"_links":{"self":[{"href":"https:\/\/cndl.org.br\/varejosa\/wp-json\/wp\/v2\/posts\/24885","targetHints":{"allow":["GET"]}}],"collection":[{"href":"https:\/\/cndl.org.br\/varejosa\/wp-json\/wp\/v2\/posts"}],"about":[{"href":"https:\/\/cndl.org.br\/varejosa\/wp-json\/wp\/v2\/types\/post"}],"author":[{"embeddable":true,"href":"https:\/\/cndl.org.br\/varejosa\/wp-json\/wp\/v2\/users\/8"}],"replies":[{"embeddable":true,"href":"https:\/\/cndl.org.br\/varejosa\/wp-json\/wp\/v2\/comments?post=24885"}],"version-history":[{"count":0,"href":"https:\/\/cndl.org.br\/varejosa\/wp-json\/wp\/v2\/posts\/24885\/revisions"}],"wp:featuredmedia":[{"embeddable":true,"href":"https:\/\/cndl.org.br\/varejosa\/wp-json\/wp\/v2\/media\/24886"}],"wp:attachment":[{"href":"https:\/\/cndl.org.br\/varejosa\/wp-json\/wp\/v2\/media?parent=24885"}],"wp:term":[{"taxonomy":"category","embeddable":true,"href":"https:\/\/cndl.org.br\/varejosa\/wp-json\/wp\/v2\/categories?post=24885"},{"taxonomy":"post_tag","embeddable":true,"href":"https:\/\/cndl.org.br\/varejosa\/wp-json\/wp\/v2\/tags?post=24885"}],"curies":[{"name":"wp","href":"https:\/\/api.w.org\/{rel}","templated":true}]}}