{"id":24887,"date":"2024-03-01T05:57:00","date_gmt":"2024-03-01T08:57:00","guid":{"rendered":"https:\/\/cndl.org.br\/varejosa\/?p=24887"},"modified":"2026-01-29T10:18:39","modified_gmt":"2026-01-29T13:18:39","slug":"abcomm-lanca-dia-do-comercio-eletronico","status":"publish","type":"post","link":"https:\/\/cndl.org.br\/varejosa\/abcomm-lanca-dia-do-comercio-eletronico\/","title":{"rendered":"ABComm lan\u00e7a Dia do Com\u00e9rcio Eletr\u00f4nico"},"content":{"rendered":"\n<p>Mar\u00e7o \u00e9 um m\u00eas especial para o com\u00e9rcio. O Dia da Mulher (8) e o do Consumidor (15) ajudam a impulsionar as vendas e atraem clientes para diversos setores. Pensando nisso, a ABComm (Associa\u00e7\u00e3o Brasileira de Com\u00e9rcio Eletr\u00f4nico) programa para 12\/03 o Dia do Com\u00e9rcio Eletr\u00f4nico, com o objetivo de homenagear os profissionais do setor e movimentar ainda mais a economia nesse per\u00edodo do ano.<\/p>\n\n\n\n<p>A data escolhida faz refer\u00eancia ao avan\u00e7o da internet. A World Wide Web, interface da rede, foi criada por Tim Berners-Lee em 12 de mar\u00e7o de 1993.<\/p>\n\n\n\n<p>\u201cJ\u00e1 s\u00e3o mais de 90 milh\u00f5es de brasileiros que se beneficiam com a comodidade e praticidade do com\u00e9rcio eletr\u00f4nico. Por tr\u00e1s de toda essa complexidade log\u00edstica e tecnol\u00f3gica, existem profissionais e empreendedores que tornam isso poss\u00edvel\u201d, ressalta Maur\u00edcio Salvador, presidente da ABComm.<\/p>\n\n\n\n<p><strong>Projeto de Lei<\/strong><br>Para que a data seja celebrada anualmente e fomente o com\u00e9rcio, a ABComm entrou com um Projeto de Lei no Congresso Nacional para instituir para 12\/03 o Dia do Com\u00e9rcio Eletr\u00f4nico. O projeto foi protocolado pelo deputado federal Maur\u00edcio Neves, do Partido Progressistas (PP\/SP), no \u00faltimo dia 5 de fevereiro e segue para debate no Congresso.<\/p>\n\n\n\n<p><strong>Mercado em alta<\/strong><br>Dados da ABComm mostram que de 2019 a 2023 o faturamento do e-commerce dobrou e mais de 50% dos pedidos foram feitos pelo celular. Hoje, o e-commerce j\u00e1 ultrapassou a marca dos 10% das vendas totais do varejo e, para alguns segmentos, o percentual \u00e9 superior a 50%.<\/p>\n\n\n\n<p>O levantamento aponta ainda que a receita chegou aos R$ 90 bilh\u00f5es em 2019 e aos R$ 185,7 bilh\u00f5es em 2023. Pelo menos 87 milh\u00f5es de consumidores compraram no formato virtual no ano passado, cujo ticket m\u00e9dio foi de R$ 470.<\/p>\n\n\n\n<p>&#8220;Os n\u00fameros mostram que o Brasil avan\u00e7a rapidamente no setor e que h\u00e1 uma mudan\u00e7a de comportamento s\u00f3lida dos usu\u00e1rios, que passaram a confiar mais no canal virtual. Isso faz com que o consumidor compre cada vez mais e movimente a economia da alimenta\u00e7\u00e3o, beleza, sa\u00fade, decora\u00e7\u00e3o, dos eletr\u00f4nicos, entre outros mercados&#8221;, refor\u00e7a Salvador.<\/p>\n","protected":false},"excerpt":{"rendered":"<p>Programado para 12 de mar\u00e7o, nova data busca homenagear profissionais do setor e movimentar a economia brasileira<\/p>\n","protected":false},"author":8,"featured_media":24888,"comment_status":"closed","ping_status":"closed","sticky":false,"template":"","format":"standard","meta":{"footnotes":""},"categories":[5891],"tags":[987,247,5058,249,1457],"class_list":["post-24887","post","type-post","status-publish","format-standard","has-post-thumbnail","hentry","category-empreendedorismo","tag-abcomm","tag-comercio","tag-dia-do-comercio-eletronico","tag-varejo","tag-varejo-online"],"_links":{"self":[{"href":"https:\/\/cndl.org.br\/varejosa\/wp-json\/wp\/v2\/posts\/24887","targetHints":{"allow":["GET"]}}],"collection":[{"href":"https:\/\/cndl.org.br\/varejosa\/wp-json\/wp\/v2\/posts"}],"about":[{"href":"https:\/\/cndl.org.br\/varejosa\/wp-json\/wp\/v2\/types\/post"}],"author":[{"embeddable":true,"href":"https:\/\/cndl.org.br\/varejosa\/wp-json\/wp\/v2\/users\/8"}],"replies":[{"embeddable":true,"href":"https:\/\/cndl.org.br\/varejosa\/wp-json\/wp\/v2\/comments?post=24887"}],"version-history":[{"count":0,"href":"https:\/\/cndl.org.br\/varejosa\/wp-json\/wp\/v2\/posts\/24887\/revisions"}],"wp:featuredmedia":[{"embeddable":true,"href":"https:\/\/cndl.org.br\/varejosa\/wp-json\/wp\/v2\/media\/24888"}],"wp:attachment":[{"href":"https:\/\/cndl.org.br\/varejosa\/wp-json\/wp\/v2\/media?parent=24887"}],"wp:term":[{"taxonomy":"category","embeddable":true,"href":"https:\/\/cndl.org.br\/varejosa\/wp-json\/wp\/v2\/categories?post=24887"},{"taxonomy":"post_tag","embeddable":true,"href":"https:\/\/cndl.org.br\/varejosa\/wp-json\/wp\/v2\/tags?post=24887"}],"curies":[{"name":"wp","href":"https:\/\/api.w.org\/{rel}","templated":true}]}}