{"id":24939,"date":"2024-03-06T10:54:00","date_gmt":"2024-03-06T13:54:00","guid":{"rendered":"https:\/\/cndl.org.br\/varejosa\/?p=24939"},"modified":"2024-04-03T09:06:15","modified_gmt":"2024-04-03T12:06:15","slug":"varejo-s-a-videocast-traz-reflexao-sobre-empreendedorismo-e-empoderamento","status":"publish","type":"post","link":"https:\/\/cndl.org.br\/varejosa\/varejo-s-a-videocast-traz-reflexao-sobre-empreendedorismo-e-empoderamento\/","title":{"rendered":"Varejo S.A. Videocast traz reflex\u00e3o sobre empreendedorismo e empoderamento"},"content":{"rendered":"<p>Na semana do Dia Internacional da Mulher, o <a href=\"https:\/\/www.youtube.com\/channel\/UCyenB89ZdRKIO-aIJkcaXKQ\" target=\"_blank\" rel=\"noopener\"><strong>Varejo S.A. Video<\/strong><\/a><a href=\"https:\/\/www.youtube.com\/channel\/UCyenB89ZdRKIO-aIJkcaXKQ\" target=\"_blank\" rel=\"noopener\"><strong>cast <\/strong><\/a>convidou Cristina Castro, CEO do Instituto Gl\u00f3ria e criadora do Programa Power4Girls &#8211; Empower to Lead!, para refletir sobre como o empreendedorismo e o empoderamento podem ser ferramentas poderosas para transformar vidas.<\/p>\n<p>\u201cO empreendedorismo \u00e9 muito mais uma compet\u00eancia de vida, de caminhada, de diferencial competitivo do que de uma caracter\u00edstica organizacional&#8221;, conta Cristina Castro. &#8220;O que toca o meu cora\u00e7\u00e3o forte todos os dias \u00e9 em pensar como buscamos um diferencial competitivo&#8221;, ressalta a empres\u00e1ria.<\/p>\n<p>Dentre os assuntos tratados no bate-papo com a <a href=\"https:\/\/site.cndl.org.br\/?city=756\" target=\"_blank\" rel=\"noopener\">CNDL <\/a>(<a href=\"https:\/\/cndl.org.br\/varejosa\/?city=756\" target=\"_blank\" rel=\"noopener\">Confedera\u00e7\u00e3o Nacional de Dirigentes Lojistas<\/a>), Cristina explicou um pouco sobre a rob\u00f4 <a href=\"https:\/\/eusouagloria.com.br\/home\" target=\"_blank\" rel=\"noopener\">Gl\u00f3ria<\/a>, uma intelig\u00eancia artificial que trabalha em tr\u00eas dire\u00e7\u00f5es. &#8220;Os pontos-chave s\u00e3o a comunica\u00e7\u00e3o e a intera\u00e7\u00e3o com o humano, a minera\u00e7\u00e3o de dados em tempo real, antecipando a viol\u00eancia contra a mulher, e o blockchain, a parte de seguran\u00e7a de informa\u00e7\u00e3o&#8221;, explica.<\/p>\n<p>J\u00e1 o Programa Power4Girls &#8211; Empower to Lead!, que tamb\u00e9m envolve empreendedorismo e empoderamento, foi idealizado por Cristina e contou com o apoio da Embaixada Norte-Americana para a cria\u00e7\u00e3o. &#8220;O programa \u00e9 voltado para as meninas de escolas p\u00fablicas e tem como objetivo aprimorar habilidades e compet\u00eancias para que elas sejam grandes empreendedoras&#8221;. Cada edi\u00e7\u00e3o conta com um tema espec\u00edfico e o deste ano de 2024 ser\u00e1 &#8220;Economia Circular&#8221;.<\/p>\n<p>Confira abaixo o epis\u00f3dio completo em v\u00eddeo ou no seu tocador de podcast preferido.<\/p>\n<p><iframe loading=\"lazy\" title=\"YouTube video player\" src=\"https:\/\/www.youtube.com\/embed\/v2t9UP2MJdE?si=z7ONhZ9Q3H8Bo-z0\" width=\"560\" height=\"315\" frameborder=\"0\" allowfullscreen=\"allowfullscreen\"><\/iframe><\/p>\n<p><iframe loading=\"lazy\" style=\"border-radius: 12px;\" src=\"https:\/\/open.spotify.com\/embed\/episode\/5YsHCu1N6eKsVrlOtcjdoq?utm_source=generator\" width=\"100%\" height=\"352\" frameborder=\"0\" allowfullscreen=\"allowfullscreen\"><\/iframe><\/p>\n","protected":false},"excerpt":{"rendered":"<p>No epis\u00f3dio #122, abordamos como o empreendedorismo pode ser uma ferramenta poderosa para transformar vidas.<\/p>\n","protected":false},"author":33,"featured_media":24952,"comment_status":"closed","ping_status":"closed","sticky":false,"template":"","format":"standard","meta":{"footnotes":""},"categories":[1371],"tags":[5065,5066,317,4553,5067],"class_list":["post-24939","post","type-post","status-publish","format-standard","has-post-thumbnail","hentry","category-noticias-cndl","tag-dia-internacional-das-mulhres","tag-empoderamento","tag-empreendedorismo","tag-podcast","tag-videocast"],"_links":{"self":[{"href":"https:\/\/cndl.org.br\/varejosa\/wp-json\/wp\/v2\/posts\/24939","targetHints":{"allow":["GET"]}}],"collection":[{"href":"https:\/\/cndl.org.br\/varejosa\/wp-json\/wp\/v2\/posts"}],"about":[{"href":"https:\/\/cndl.org.br\/varejosa\/wp-json\/wp\/v2\/types\/post"}],"author":[{"embeddable":true,"href":"https:\/\/cndl.org.br\/varejosa\/wp-json\/wp\/v2\/users\/33"}],"replies":[{"embeddable":true,"href":"https:\/\/cndl.org.br\/varejosa\/wp-json\/wp\/v2\/comments?post=24939"}],"version-history":[{"count":0,"href":"https:\/\/cndl.org.br\/varejosa\/wp-json\/wp\/v2\/posts\/24939\/revisions"}],"wp:featuredmedia":[{"embeddable":true,"href":"https:\/\/cndl.org.br\/varejosa\/wp-json\/wp\/v2\/media\/24952"}],"wp:attachment":[{"href":"https:\/\/cndl.org.br\/varejosa\/wp-json\/wp\/v2\/media?parent=24939"}],"wp:term":[{"taxonomy":"category","embeddable":true,"href":"https:\/\/cndl.org.br\/varejosa\/wp-json\/wp\/v2\/categories?post=24939"},{"taxonomy":"post_tag","embeddable":true,"href":"https:\/\/cndl.org.br\/varejosa\/wp-json\/wp\/v2\/tags?post=24939"}],"curies":[{"name":"wp","href":"https:\/\/api.w.org\/{rel}","templated":true}]}}