{"id":25005,"date":"2020-04-06T15:58:00","date_gmt":"2020-04-06T18:58:00","guid":{"rendered":"https:\/\/cndl.org.br\/varejosa\/?p=1425"},"modified":"2024-03-07T20:39:04","modified_gmt":"2024-03-07T23:39:04","slug":"cinco-dicas-para-dar-um-proposito-ao-seu-negocio","status":"publish","type":"post","link":"https:\/\/cndl.org.br\/varejosa\/cinco-dicas-para-dar-um-proposito-ao-seu-negocio\/","title":{"rendered":"Cinco dicas para dar um prop\u00f3sito ao seu neg\u00f3cio"},"content":{"rendered":"\n<p><em>Empresas podem e devem buscar na atua\u00e7\u00e3o socialmente respons\u00e1vel um diferencial de mercado<\/em><\/p>\n\n\n\n<p>Um dos temas mais comentados na NRF 2020 foi a import\u00e2ncia de as empresas encontrarem e trabalharem o prop\u00f3sito de suas marcas. O prop\u00f3sito \u00e9 uma express\u00e3o que indica o quanto uma organiza\u00e7\u00e3o est\u00e1 comprometida com causas sociais, estando relacionada com a \u00e9tica e a transpar\u00eancia na gest\u00e3o dos neg\u00f3cios e devendo ser refletida nas decis\u00f5es do dia a dia que podem causar impactos na sociedade, no meio ambiente e no futuro de uma empresa.<\/p>\n\n\n\n<p>As micro e pequenas empresas podem buscar na atua\u00e7\u00e3o socialmente respons\u00e1vel um diferencial de mercado, que, entre outros benef\u00edcios, as credencia a ser fornecedoras de grandes empresas que adotam essa forma de gest\u00e3o como crit\u00e9rio de sele\u00e7\u00e3o. Al\u00e9m disso, pr\u00e1ticas empresariais socialmente respons\u00e1veis d\u00e3o credibilidade \u00e0 gest\u00e3o do neg\u00f3cio e facilitam na obten\u00e7\u00e3o de cr\u00e9dito.<\/p>\n\n\n\n<p>Considerando que empresas com prop\u00f3sito podem e devem fazer parte da estrat\u00e9gia de qualquer tipo de neg\u00f3cio, conhe\u00e7a cinco dicas que podem ajud\u00e1-lo a inserir condutas e a\u00e7\u00f5es de responsabilidade social em sua organiza\u00e7\u00e3o. As orienta\u00e7\u00f5es s\u00e3o dicas do Servi\u00e7o Brasileiro de Apoio \u00e0s Micro e Pequenas Empresas (Sebrae).<\/p>\n\n\n\n<p><strong>1 \u2013 Prefira contratar m\u00e3o de obra local<\/strong><\/p>\n\n\n\n<p>A pr\u00e1tica de contratar colaboradores da sua comunidade ajuda no desenvolvimento local por meio da gera\u00e7\u00e3o de emprego e renda e \u00e9 bem vista por todos, estimulando o bom relacionamento com a comunidade. Al\u00e9m disso, ao trabalhar perto de casa, os colaboradores geralmente faltam menos e chegam menos cansados ao local de trabalho, tornando-se mais produtivos. Os custos com deslocamentos tamb\u00e9m diminuem por causa da proximidade.<\/p>\n\n\n\n<p><strong>2 \u2013 Prefira contratar fornecedores da sua comunidade<\/strong><\/p>\n\n\n\n<p>A sugest\u00e3o anterior vale tamb\u00e9m para os fornecedores. Ao contratar fornecedores locais, voc\u00ea gasta menos com transporte de mat\u00e9rias-primas e insumos e ganha na agilidade das entregas, al\u00e9m de estimular o desenvolvimento de outros pequenos neg\u00f3cios localizados na sua regi\u00e3o. Se voc\u00ea possui uma pequena f\u00e1brica de bolsas, por exemplo, pode adquirir os arremates feitos por uma cooperativa de costureiras local.<\/p>\n\n\n\n<p><strong>3 \u2013 Cumprimento das leis trabalhistas<\/strong><\/p>\n\n\n\n<p>Pode parecer \u00f3bvio, mas respeitar as leis trabalhistas \u00e9 uma postura de responsabilidade social da empresa, pois demonstra que o empres\u00e1rio valoriza seus empregados e colaboradores. Tenha em mente que empresas que valorizam seus funcion\u00e1rios valorizam, na verdade, a si mesmas. Ao estabelecer uma rela\u00e7\u00e3o saud\u00e1vel dentro da organiza\u00e7\u00e3o, voc\u00ea consegue ter uma gest\u00e3o mais tranquila do seu neg\u00f3cio e mant\u00e9m seu empregado estimulado e motivado no ambiente de trabalho.<\/p>\n\n\n\n<p><strong>4 \u2013 Fa\u00e7a uma boa gest\u00e3o de res\u00edduos<\/strong><\/p>\n\n\n\n<p>As quest\u00f5es que envolvem o meio ambiente s\u00e3o recorrentes em muitos neg\u00f3cios e, por isso, devem ser consideradas fundamentais para uma boa pr\u00e1tica de responsabilidade social e empresarial. Ao minimizar os impactos negativos que sua empresa provoca na sociedade, voc\u00ea colabora positivamente para a conserva\u00e7\u00e3o do meio ambiente e ainda conquista a simpatia do seu cliente. Uma boa gest\u00e3o de res\u00edduos tamb\u00e9m permite economia, pois a empresa acaba desperdi\u00e7ando menos mat\u00e9ria-prima e insumos.<\/p>\n\n\n\n<p><strong>5 \u2013 Divulgue suas a\u00e7\u00f5es de responsabilidade social<\/strong><\/p>\n\n\n\n<p>Na hora de planejar as a\u00e7\u00f5es de&nbsp;<em>marketing<\/em>&nbsp;e divulga\u00e7\u00e3o da sua empresa, n\u00e3o deixe de fora o que tem feito para se tornar uma empresa socialmente respons\u00e1vel.&nbsp;Mostre que sua organiza\u00e7\u00e3o n\u00e3o se preocupa apenas em gerar lucro e que investe em a\u00e7\u00f5es sustent\u00e1veis. Dessa forma, \u00e9 poss\u00edvel atrair novas oportunidades de neg\u00f3cio com clientes que compartilham dos mesmos valores.<\/p>\n","protected":false},"excerpt":{"rendered":"<p>Empresas podem e devem buscar na atua\u00e7\u00e3o socialmente respons\u00e1vel um diferencial de mercado Um dos temas mais comentados na NRF 2020 foi a import\u00e2ncia de [&hellip;]<\/p>\n","protected":false},"author":5,"featured_media":1426,"comment_status":"open","ping_status":"open","sticky":false,"template":"","format":"standard","meta":{"footnotes":""},"categories":[1836],"tags":[1293,2904],"class_list":["post-25005","post","type-post","status-publish","format-standard","has-post-thumbnail","hentry","category-marketing-e-vendas","tag-1293","tag-proposito"],"_links":{"self":[{"href":"https:\/\/cndl.org.br\/varejosa\/wp-json\/wp\/v2\/posts\/25005","targetHints":{"allow":["GET"]}}],"collection":[{"href":"https:\/\/cndl.org.br\/varejosa\/wp-json\/wp\/v2\/posts"}],"about":[{"href":"https:\/\/cndl.org.br\/varejosa\/wp-json\/wp\/v2\/types\/post"}],"author":[{"embeddable":true,"href":"https:\/\/cndl.org.br\/varejosa\/wp-json\/wp\/v2\/users\/5"}],"replies":[{"embeddable":true,"href":"https:\/\/cndl.org.br\/varejosa\/wp-json\/wp\/v2\/comments?post=25005"}],"version-history":[{"count":0,"href":"https:\/\/cndl.org.br\/varejosa\/wp-json\/wp\/v2\/posts\/25005\/revisions"}],"wp:featuredmedia":[{"embeddable":true,"href":"https:\/\/cndl.org.br\/varejosa\/wp-json\/wp\/v2\/media\/1426"}],"wp:attachment":[{"href":"https:\/\/cndl.org.br\/varejosa\/wp-json\/wp\/v2\/media?parent=25005"}],"wp:term":[{"taxonomy":"category","embeddable":true,"href":"https:\/\/cndl.org.br\/varejosa\/wp-json\/wp\/v2\/categories?post=25005"},{"taxonomy":"post_tag","embeddable":true,"href":"https:\/\/cndl.org.br\/varejosa\/wp-json\/wp\/v2\/tags?post=25005"}],"curies":[{"name":"wp","href":"https:\/\/api.w.org\/{rel}","templated":true}]}}