{"id":25078,"date":"2024-03-14T20:04:53","date_gmt":"2024-03-14T23:04:53","guid":{"rendered":"https:\/\/cndl.org.br\/varejosa\/?p=25078"},"modified":"2024-03-13T17:02:33","modified_gmt":"2024-03-13T20:02:33","slug":"esforco-conjunto-busca-a-internacionalizacao-dos-pequenos-negocios-brasileiros-nos-eua","status":"publish","type":"post","link":"https:\/\/cndl.org.br\/varejosa\/esforco-conjunto-busca-a-internacionalizacao-dos-pequenos-negocios-brasileiros-nos-eua\/","title":{"rendered":"Esfor\u00e7o conjunto busca a internacionaliza\u00e7\u00e3o dos pequenos neg\u00f3cios brasileiros nos EUA"},"content":{"rendered":"<p>O acesso ao mercado dos Estados Unidos e a atra\u00e7\u00e3o de investimentos para os<a href=\"https:\/\/cndl.org.br\/varejosa\/valorizar-experiencia-do-cliente-contribui-para-o-sucesso-de-pequenos-negocios\/\" target=\"_blank\" rel=\"noopener\"> pequenos neg\u00f3cios<\/a> brasileiros foram os temas centrais de reuni\u00e3o do presidente do Sebrae, D\u00e9cio Lima, e da diretora de Administra\u00e7\u00e3o e Finan\u00e7as da institui\u00e7\u00e3o Margarete Coelho com a embaixadora do Brasil nos Estados Unidos, Maria Luiza Viotti, nesta segunda-feira (11). As oportunidades com a transi\u00e7\u00e3o energ\u00e9tica e a economia do baixo carbono tamb\u00e9m entraram na pauta da agenda de aproxima\u00e7\u00e3o, que marca o primeiro dia da miss\u00e3o t\u00e9cnica do <a href=\"https:\/\/agenciasebrae.com.br\/\" target=\"_blank\" rel=\"noopener\">Sebrae<\/a> em Washington D.C.<\/p>\n<p>Ao detalhar o cen\u00e1rio dos micros e pequenos neg\u00f3cios brasileiros, com 94% do total de CNPJ e 55% dos empregos formais, o presidente do Sebrae destacou a posi\u00e7\u00e3o como segundo pa\u00eds do mundo a receber mais investimentos internacionais em 2023.<\/p>\n<p>\u201cHoje o Brasil tem uma rela\u00e7\u00e3o econ\u00f4mica muito importante com os Estados Unidos, principalmente, em um momento que os dois pa\u00edses est\u00e3o irmanados na constru\u00e7\u00e3o de pautas comuns, como j\u00e1 estabelecidas com o presidente dos Estados Unidos e o presidente do Brasil, que se reuniram no ano passado e com uma agenda intensa de trabalho para os dois pa\u00edses. N\u00f3s, que representamos os pequenos neg\u00f3cios, vamos aprofundar agora a presen\u00e7a importante das micro e pequenas empresas no contexto da economia nas rela\u00e7\u00f5es bilaterais. Uma pauta muito boa, o Brasil aqui est\u00e1 muito bem representado com o ativismo da nossa embaixadora\u201d, D\u00e9cio Lima, presidente do Sebrae.<\/p>\n<p>A embaixadora Maria Luiza Viotti concordou com a aproxima\u00e7\u00e3o de vis\u00e3o de mundo das administra\u00e7\u00f5es do Brasil e dos Estados Unidos e se colocou \u00e0 disposi\u00e7\u00e3o para apoiar empreendedores brasileiros interessados em acessar o mercado norte-americano. Entre as propostas sinalizadas durante a reuni\u00e3o, est\u00e1 o esfor\u00e7o para ajudar startups e empresas brasileiras a captarem investimentos nos Estados Unidos e a\u00e7\u00f5es para potencializar as iniciativas que j\u00e1 vem sendo lideradas pela Embaixada.<\/p>\n<p>Como exemplo, a diretora Margarete Coelho citou o chamado \u2018mercado da saudade\u2019, em que os brasileiros que moram nos EUA comercializam produtos oriundos do Brasil. \u201cPodemos nos aproximar desse \u2018mercado da saudade\u2019, na padaria, no pequeno neg\u00f3cio, mostrando as ferramentas e oportunidades oferecidas pelo Sebrae. Nosso prop\u00f3sito \u00e9, por meio do empreendedorismo, dar condi\u00e7\u00f5es desses trabalhadores terem uma vida digna e se desenvolverem, contribuindo com suas comunidades, seja dentro ou fora do Brasil\u201d, ressaltou a diretora.<\/p>\n<h2>Sobre a miss\u00e3o internacional em Washington DC<\/h2>\n<p>A miss\u00e3o acontece a convite da Organiza\u00e7\u00e3o dos Estados Americanos (OEA), com foco na participa\u00e7\u00e3o da diretoria do Sebrae no VIII Di\u00e1logo Interamericano com Autoridades de Alto N\u00edvel para as MPMEs, nos dias 13 e 14 de mar\u00e7o. A comitiva tamb\u00e9m conta a participa\u00e7\u00e3o dos deputados federais Jorge Solla e Jonas Donizete, a deputada L\u00eddice da Mata, os senadores Veneziano Vital do R\u00eago e Fernando Farias.<\/p>\n","protected":false},"excerpt":{"rendered":"<p>Na Embaixada do Brasil em Washington, diretoria da institui\u00e7\u00e3o prop\u00f4s iniciativas para potencializar empreendedorismo e atrair investimentos estrangeiros<\/p>\n","protected":false},"author":11,"featured_media":25083,"comment_status":"closed","ping_status":"closed","sticky":false,"template":"","format":"standard","meta":{"footnotes":""},"categories":[26],"tags":[247,317,441,289],"class_list":["post-25078","post","type-post","status-publish","format-standard","has-post-thumbnail","hentry","category-negocios-e-economia","tag-comercio","tag-empreendedorismo","tag-pequenos-negocios","tag-sebrae"],"_links":{"self":[{"href":"https:\/\/cndl.org.br\/varejosa\/wp-json\/wp\/v2\/posts\/25078","targetHints":{"allow":["GET"]}}],"collection":[{"href":"https:\/\/cndl.org.br\/varejosa\/wp-json\/wp\/v2\/posts"}],"about":[{"href":"https:\/\/cndl.org.br\/varejosa\/wp-json\/wp\/v2\/types\/post"}],"author":[{"embeddable":true,"href":"https:\/\/cndl.org.br\/varejosa\/wp-json\/wp\/v2\/users\/11"}],"replies":[{"embeddable":true,"href":"https:\/\/cndl.org.br\/varejosa\/wp-json\/wp\/v2\/comments?post=25078"}],"version-history":[{"count":0,"href":"https:\/\/cndl.org.br\/varejosa\/wp-json\/wp\/v2\/posts\/25078\/revisions"}],"wp:featuredmedia":[{"embeddable":true,"href":"https:\/\/cndl.org.br\/varejosa\/wp-json\/wp\/v2\/media\/25083"}],"wp:attachment":[{"href":"https:\/\/cndl.org.br\/varejosa\/wp-json\/wp\/v2\/media?parent=25078"}],"wp:term":[{"taxonomy":"category","embeddable":true,"href":"https:\/\/cndl.org.br\/varejosa\/wp-json\/wp\/v2\/categories?post=25078"},{"taxonomy":"post_tag","embeddable":true,"href":"https:\/\/cndl.org.br\/varejosa\/wp-json\/wp\/v2\/tags?post=25078"}],"curies":[{"name":"wp","href":"https:\/\/api.w.org\/{rel}","templated":true}]}}