{"id":25086,"date":"2024-03-13T17:51:42","date_gmt":"2024-03-13T20:51:42","guid":{"rendered":"https:\/\/cndl.org.br\/varejosa\/?p=25086"},"modified":"2024-04-18T15:19:16","modified_gmt":"2024-04-18T18:19:16","slug":"fcs-se-mobiliza-em-defesa-do-perse","status":"publish","type":"post","link":"https:\/\/cndl.org.br\/varejosa\/fcs-se-mobiliza-em-defesa-do-perse\/","title":{"rendered":"Frente Parlamentar do Com\u00e9rcio, Servi\u00e7os e Empreendedorismo se mobiliza em defesa do Perse"},"content":{"rendered":"<p>A <a href=\"https:\/\/fcscomercio.org.br\/\" target=\"_blank\" rel=\"noopener\">Frente Parlamentar do Com\u00e9rcio, Servi\u00e7os e Empreendedorismo<\/a> (FCS) se reuniu nesta quarta-feira (13) para discutir o Programa Emergencial de Retomada do Setor de Eventos, o Perse, que est\u00e1 <a href=\"https:\/\/cndl.org.br\/varejosa\/governo-prepara-projeto-de-lei-com-novo-programa-para-setor-de-eventos\/?city=756\" target=\"_blank\" rel=\"noopener\">amea\u00e7ado de extin\u00e7\u00e3o pelo Governo Federal<\/a>. A alega\u00e7\u00e3o do Governo \u00e9 que os custos do programa superam o que foi acordado inicialmente.<\/p>\n<p>O encontro contou com a participa\u00e7\u00e3o do deputado Felipe Carreras (PSB-PE), autor do Projeto de Lei (PL) que criou o Perse. Carreras exp\u00f4s a situa\u00e7\u00e3o periclitante na ind\u00fastria de eventos no Brasil e disse que os argumentos do minist\u00e9rio da Fazenda n\u00e3o refletem a realidade.<\/p>\n<p>O parlamentar sustentou que h\u00e1 diverg\u00eancia nos n\u00fameros do Minist\u00e9rio da Fazenda. \u201cEles afirmaram inicialmente que o programa havia consumido R$ 17 bilh\u00f5es em receitas da Uni\u00e3o em 2023 \u2013 dos R$ 25 bilh\u00f5es acordados para toda a dura\u00e7\u00e3o do programa. Quando questionamos os n\u00fameros, passaram a falar em R$ 13 bilh\u00f5es de custo. Mas associa\u00e7\u00f5es do setor dizem que o n\u00famero gira em torno de R$ 6,5 bilh\u00f5es\u201d, afirmou.<\/p>\n<p>Carreras tamb\u00e9m ressaltou que o que est\u00e1 acontecendo \u00e9 uma injusti\u00e7a hist\u00f3rica, j\u00e1 que, apesar de representar uma fatia consider\u00e1vel da economia e na gera\u00e7\u00e3o de empregos, o setor \u00e9 \u00fanico do pa\u00eds que nunca teve qualquer tipo de incentivo.<\/p>\n<p>\u201cO Governo concede meio trilh\u00e3o de reais em incentivo para setores como o automotivo, agroneg\u00f3cio, ind\u00fastria, etc. Quando, pela primeira vez, recebemos algum benef\u00edcio, a medida \u00e9 suspensa de forma abrupta e injusta\u201d, reclamou o parlamentar.<\/p>\n<p>A reuni\u00e3o serviu para a FCS organizar uma estrat\u00e9gia de mobiliza\u00e7\u00e3o no Congresso Nacional com intuito de defender a continuidade do Perse e elaborar sugest\u00f5es para o Projeto de Lei proposto pelo Governo, a fim de viabilizar o programa.<\/p>\n<p>Nos pr\u00f3ximos dias, integrantes da FCS e de outras Frentes Parlamentares do setor produtivo devem atuar em conjunto para viabilizar a aprova\u00e7\u00e3o de pedidos e audi\u00eancia p\u00fablica no Congresso Nacional.<\/p>\n<p>\u201cO setor de eventos tem suas peculiaridades. Ele vive de planejamentos feitos com um, dois anos de anteced\u00eancia. O Governo queria antecipar o fim do Perse para abril. Isso \u00e9 um absurdo! N\u00f3s vamos \u00e0 luta nas comiss\u00f5es e plen\u00e1rio do parlamento\u201d, disse o presidente da Frente de Com\u00e9rcio e Servi\u00e7os da C\u00e2mara dos Deputados, Domingos S\u00e1vio (PL-MG).<\/p>\n<p>\u201cO Perse \u00e9 um projeto que nasceu no Congresso Nacional. N\u00e3o foi iniciativa de nenhum Governo. Paulo Guedes, por exemplo, foi contra, e ainda assim conseguimos aprov\u00e1-lo. Agora querem derrub\u00e1-lo. Tenho certeza de que, mais uma vez, o Congresso vai dizer &#8216;sim&#8217; para o Programa\u201d, completa Carreras.<\/p>\n","protected":false},"excerpt":{"rendered":"<p>Autor do Programa questiona os n\u00fameros da Fazenda e diz que o setor \u00e9 v\u00edtima de uma injusti\u00e7a hist\u00f3rica<\/p>\n","protected":false},"author":5,"featured_media":25087,"comment_status":"closed","ping_status":"closed","sticky":false,"template":"","format":"standard","meta":{"footnotes":""},"categories":[1371],"tags":[341,3837,1124,5182,4101],"class_list":["post-25086","post","type-post","status-publish","format-standard","has-post-thumbnail","hentry","category-noticias-cndl","tag-economia","tag-eventos","tag-frente-parlamentar-de-comercio-e-servico","tag-fsc","tag-perse"],"_links":{"self":[{"href":"https:\/\/cndl.org.br\/varejosa\/wp-json\/wp\/v2\/posts\/25086","targetHints":{"allow":["GET"]}}],"collection":[{"href":"https:\/\/cndl.org.br\/varejosa\/wp-json\/wp\/v2\/posts"}],"about":[{"href":"https:\/\/cndl.org.br\/varejosa\/wp-json\/wp\/v2\/types\/post"}],"author":[{"embeddable":true,"href":"https:\/\/cndl.org.br\/varejosa\/wp-json\/wp\/v2\/users\/5"}],"replies":[{"embeddable":true,"href":"https:\/\/cndl.org.br\/varejosa\/wp-json\/wp\/v2\/comments?post=25086"}],"version-history":[{"count":0,"href":"https:\/\/cndl.org.br\/varejosa\/wp-json\/wp\/v2\/posts\/25086\/revisions"}],"wp:featuredmedia":[{"embeddable":true,"href":"https:\/\/cndl.org.br\/varejosa\/wp-json\/wp\/v2\/media\/25087"}],"wp:attachment":[{"href":"https:\/\/cndl.org.br\/varejosa\/wp-json\/wp\/v2\/media?parent=25086"}],"wp:term":[{"taxonomy":"category","embeddable":true,"href":"https:\/\/cndl.org.br\/varejosa\/wp-json\/wp\/v2\/categories?post=25086"},{"taxonomy":"post_tag","embeddable":true,"href":"https:\/\/cndl.org.br\/varejosa\/wp-json\/wp\/v2\/tags?post=25086"}],"curies":[{"name":"wp","href":"https:\/\/api.w.org\/{rel}","templated":true}]}}