{"id":25121,"date":"2024-03-19T14:08:12","date_gmt":"2024-03-19T17:08:12","guid":{"rendered":"https:\/\/cndl.org.br\/varejosa\/?p=25121"},"modified":"2024-04-03T09:09:44","modified_gmt":"2024-04-03T12:09:44","slug":"inadimplencia-4-em-cada-10-brasileiros-continuam-negativados","status":"publish","type":"post","link":"https:\/\/cndl.org.br\/varejosa\/inadimplencia-4-em-cada-10-brasileiros-continuam-negativados\/","title":{"rendered":"Inadimpl\u00eancia: 4 em cada 10 brasileiros continuam negativados"},"content":{"rendered":"<p>O n\u00famero de inadimplentes no pa\u00eds teve uma pequena queda em fevereiro de 2024, em compara\u00e7\u00e3o com janeiro de 2024, e atinge 66,64 milh\u00f5es de brasileiros. O Indicador realizado pela Confedera\u00e7\u00e3o Nacional de Dirigentes Lojistas (<a href=\"https:\/\/site.cndl.org.br\/\" target=\"_blank\" rel=\"noopener\">CNDL<\/a>) e pelo Servi\u00e7o de Prote\u00e7\u00e3o ao Cr\u00e9dito (SPC Brasil) aponta que quatro em cada dez brasileiros adultos (40,60%) estavam negativados em fevereiro de 2024. Na compara\u00e7\u00e3o com o mesmo per\u00edodo de 2023, o indicador apresentou crescimento de 2,79%.<\/p>\n<p>A partir dos dados dispon\u00edveis em sua base, que abrangem informa\u00e7\u00f5es de capitais e interior de todos os 26 Estados da federa\u00e7\u00e3o, al\u00e9m do Distrito Federal, a <a href=\"https:\/\/cndl.org.br\/varejosa\/?city=756\" target=\"_blank\" rel=\"noopener\">CNDL<\/a> e o SPC Brasil registram que a varia\u00e7\u00e3o anual observada em fevereiro deste ano ficou abaixo da observada no m\u00eas anterior. Na passagem de janeiro para fevereiro de 2024, o n\u00famero de devedores caiu \u20100,49%.<\/p>\n<h5><strong>GR\u00c1FICOS \u2013 N\u00daMERO DE PESSOAS INADIMPLENTES<\/strong><\/h5>\n<p><img loading=\"lazy\" decoding=\"async\" class=\"aligncenter size-full wp-image-25127\" src=\"https:\/\/cndl.org.br\/varejosa\/wp-content\/uploads\/2024\/03\/1.jpg\" alt=\"\" width=\"901\" height=\"357\" srcset=\"https:\/\/cndl.org.br\/varejosa\/wp-content\/uploads\/2024\/03\/1.jpg 901w, https:\/\/cndl.org.br\/varejosa\/wp-content\/uploads\/2024\/03\/1-300x119.jpg 300w, https:\/\/cndl.org.br\/varejosa\/wp-content\/uploads\/2024\/03\/1-768x304.jpg 768w\" sizes=\"auto, (max-width: 901px) 100vw, 901px\" \/><\/p>\n<p>&nbsp;<\/p>\n<p>\u201cApesar da pequena queda, o cen\u00e1rio de inadimpl\u00eancia no pa\u00eds continua preocupante. Temos uma grande parcela da popula\u00e7\u00e3o em dificuldade financeira, com a infla\u00e7\u00e3o acima do reajuste salarial, al\u00e9m disso, o ambiente macroecon\u00f4mico n\u00e3o traz a confian\u00e7a necess\u00e1ria para acreditar em uma redu\u00e7\u00e3o consistente no n\u00famero da inadimpl\u00eancia no curto prazo\u201d, destaca o presidente da CNDL, Jos\u00e9 C\u00e9sar da Costa.<\/p>\n<h5><strong>GR\u00c1FICOS \u2013 N\u00daMERO DE PESSOAS INADIMPLENTES POR TEMPO DE ATRASO<\/strong><\/h5>\n<p><img loading=\"lazy\" decoding=\"async\" class=\"aligncenter size-full wp-image-25128\" src=\"https:\/\/cndl.org.br\/varejosa\/wp-content\/uploads\/2024\/03\/2.jpg\" alt=\"\" width=\"897\" height=\"381\" srcset=\"https:\/\/cndl.org.br\/varejosa\/wp-content\/uploads\/2024\/03\/2.jpg 897w, https:\/\/cndl.org.br\/varejosa\/wp-content\/uploads\/2024\/03\/2-300x127.jpg 300w, https:\/\/cndl.org.br\/varejosa\/wp-content\/uploads\/2024\/03\/2-768x326.jpg 768w\" sizes=\"auto, (max-width: 897px) 100vw, 897px\" \/><\/p>\n<p>O crescimento do indicador anual se concentrou no aumento de inclus\u00f5es de devedores com tempo de inadimpl\u00eancia de 1 a 3 anos (19,24%).<\/p>\n<p>O n\u00famero de devedores com participa\u00e7\u00e3o mais expressiva em fevereiro est\u00e1 na faixa et\u00e1ria de 30 a 39 anos (23,66%). De acordo com a estimativa, s\u00e3o 16,47 milh\u00f5es de pessoas registradas em cadastro de devedores nesta faixa, ou seja, quase metade (48,37%) dos brasileiros desse grupo et\u00e1rio est\u00e3o negativados. A participa\u00e7\u00e3o dos devedores por sexo segue bem distribu\u00edda, sendo 51,12% mulheres e 48,88% homens.<\/p>\n<h5><strong>GR\u00c1FICOS \u2013 N\u00daMERO DE PESSOAS INADIMPLENTES POR FAIXA ET\u00c1RIA E SEXO<\/strong><\/h5>\n<p><img loading=\"lazy\" decoding=\"async\" class=\"aligncenter size-full wp-image-25129\" src=\"https:\/\/cndl.org.br\/varejosa\/wp-content\/uploads\/2024\/03\/3.jpg\" alt=\"\" width=\"852\" height=\"402\" srcset=\"https:\/\/cndl.org.br\/varejosa\/wp-content\/uploads\/2024\/03\/3.jpg 852w, https:\/\/cndl.org.br\/varejosa\/wp-content\/uploads\/2024\/03\/3-300x142.jpg 300w, https:\/\/cndl.org.br\/varejosa\/wp-content\/uploads\/2024\/03\/3-768x362.jpg 768w\" sizes=\"auto, (max-width: 852px) 100vw, 852px\" \/><\/p>\n<h5><strong>GR\u00c1FICO \u2013 ESTIMATIVA DE INADIMPLENTES POR FAIXA ET\u00c1RIA<\/strong><\/h5>\n<p><img loading=\"lazy\" decoding=\"async\" class=\"aligncenter size-full wp-image-25130\" src=\"https:\/\/cndl.org.br\/varejosa\/wp-content\/uploads\/2024\/03\/4.jpg\" alt=\"\" width=\"786\" height=\"495\" srcset=\"https:\/\/cndl.org.br\/varejosa\/wp-content\/uploads\/2024\/03\/4.jpg 786w, https:\/\/cndl.org.br\/varejosa\/wp-content\/uploads\/2024\/03\/4-300x189.jpg 300w, https:\/\/cndl.org.br\/varejosa\/wp-content\/uploads\/2024\/03\/4-768x484.jpg 768w\" sizes=\"auto, (max-width: 786px) 100vw, 786px\" \/><\/p>\n<h2><strong>Cada negativado deve, em m\u00e9dia, R$ 4.399,90<\/strong><\/h2>\n<p>Em fevereiro de 2024, cada consumidor negativado devia, em m\u00e9dia, R$ 4.399,90 na soma de todas as d\u00edvidas. Al\u00e9m disso, cada inadimplente devia, em m\u00e9dia, para 2,11 empresas credoras, considerando todas essas d\u00edvidas.<\/p>\n<h5><strong>GR\u00c1FICO \u2013 INADIMPL\u00caNCIA POR VALOR TOTAL DAS D\u00cdVIDAS<\/strong><\/h5>\n<p><img loading=\"lazy\" decoding=\"async\" class=\"aligncenter size-full wp-image-25132\" src=\"https:\/\/cndl.org.br\/varejosa\/wp-content\/uploads\/2024\/03\/5.jpg\" alt=\"\" width=\"696\" height=\"317\" srcset=\"https:\/\/cndl.org.br\/varejosa\/wp-content\/uploads\/2024\/03\/5.jpg 696w, https:\/\/cndl.org.br\/varejosa\/wp-content\/uploads\/2024\/03\/5-300x137.jpg 300w\" sizes=\"auto, (max-width: 696px) 100vw, 696px\" \/><\/p>\n<p>Os dados ainda mostram que cerca de tr\u00eas em cada dez consumidores (30,36%) tinham d\u00edvidas de at\u00e9 R$ 500, percentual que chega a 44,39% quando se fala de d\u00edvidas de at\u00e9 R$ 1.000.<\/p>\n<p>Em fevereiro de 2024, o n\u00famero de d\u00edvidas em atraso no Brasil teve crescimento de 6,32% em rela\u00e7\u00e3o ao mesmo per\u00edodo de 2023. O dado observado em fevereiro deste ano ficou abaixo da varia\u00e7\u00e3o anual observada no m\u00eas anterior. Na passagem de janeiro para fevereiro, o n\u00famero de d\u00edvidas apresentou recuo de \u20100,20%.<\/p>\n<h5><strong>GR\u00c1FICOS \u2013 N\u00daMERO DE D\u00cdVIDAS EM ATRASO<\/strong><\/h5>\n<p><img loading=\"lazy\" decoding=\"async\" class=\"aligncenter size-full wp-image-25133\" src=\"https:\/\/cndl.org.br\/varejosa\/wp-content\/uploads\/2024\/03\/6.jpg\" alt=\"\" width=\"774\" height=\"366\" srcset=\"https:\/\/cndl.org.br\/varejosa\/wp-content\/uploads\/2024\/03\/6.jpg 774w, https:\/\/cndl.org.br\/varejosa\/wp-content\/uploads\/2024\/03\/6-300x142.jpg 300w, https:\/\/cndl.org.br\/varejosa\/wp-content\/uploads\/2024\/03\/6-768x363.jpg 768w\" sizes=\"auto, (max-width: 774px) 100vw, 774px\" \/><\/p>\n<p>Abrindo a evolu\u00e7\u00e3o do n\u00famero de d\u00edvidas por setor credor, destacou\u2010se a evolu\u00e7\u00e3o das d\u00edvidas com o setor de Bancos com crescimento de 7,84%, seguido de \u00c1gua e Luz (7,51%) e Com\u00e9rcio (3,25%). Em outra dire\u00e7\u00e3o, as d\u00edvidas com o setor credor de Comunica\u00e7\u00e3o (\u201011,95%) apresentaram queda no total de d\u00edvidas em atraso.<\/p>\n<p>\u201cUm ponto de aten\u00e7\u00e3o \u00e9 o valor m\u00e9dio das d\u00edvidas atrasadas, que continua alto, muito acima da renda m\u00e9dia da popula\u00e7\u00e3o. Mesmo com a\u00e7\u00f5es de incentivo para a negocia\u00e7\u00e3o das d\u00edvidas, as fam\u00edlias est\u00e3o com grande dificuldade em separar uma parte da renda para o pagamento das contas atrasadas. Nesse sentido, as perspectivas de melhoria n\u00e3o s\u00e3o nada positivas.\u201d, aponta o presidente do SPC Brasil, Roque Pellizzaro J\u00fanior.<\/p>\n<h5><strong>GR\u00c1FICOS \u2013 N\u00daMERO DE D\u00cdVIDAS EM ATRASO POR SETOR CREDOR<\/strong><\/h5>\n<p><img loading=\"lazy\" decoding=\"async\" class=\"aligncenter size-full wp-image-25134\" src=\"https:\/\/cndl.org.br\/varejosa\/wp-content\/uploads\/2024\/03\/7.jpg\" alt=\"\" width=\"791\" height=\"334\" srcset=\"https:\/\/cndl.org.br\/varejosa\/wp-content\/uploads\/2024\/03\/7.jpg 791w, https:\/\/cndl.org.br\/varejosa\/wp-content\/uploads\/2024\/03\/7-300x127.jpg 300w, https:\/\/cndl.org.br\/varejosa\/wp-content\/uploads\/2024\/03\/7-768x324.jpg 768w\" sizes=\"auto, (max-width: 791px) 100vw, 791px\" \/><\/p>\n<p>Em termos de participa\u00e7\u00e3o, o setor credor que concentra a maior parte das d\u00edvidas \u00e9 o de Bancos, com 64,46% do total. Na sequ\u00eancia, aparece Com\u00e9rcio (11,26%), o setor de \u00c1gua e Luz com 10,91% e Outros com 7,19% do total de d\u00edvidas.<\/p>\n<p>Na abertura por regi\u00e3o em rela\u00e7\u00e3o ao n\u00famero de d\u00edvidas, a maior alta veio da regi\u00e3o Sudeste (7,40%), seguida pelo Nordeste (5,68%), Centro\u2010Oeste (5,31%), Sul (2,93%) e Norte (2,67%).<\/p>\n<p><img loading=\"lazy\" decoding=\"async\" class=\"aligncenter size-full wp-image-25135\" src=\"https:\/\/cndl.org.br\/varejosa\/wp-content\/uploads\/2024\/03\/8.jpg\" alt=\"\" width=\"510\" height=\"381\" srcset=\"https:\/\/cndl.org.br\/varejosa\/wp-content\/uploads\/2024\/03\/8.jpg 510w, https:\/\/cndl.org.br\/varejosa\/wp-content\/uploads\/2024\/03\/8-300x224.jpg 300w\" sizes=\"auto, (max-width: 510px) 100vw, 510px\" \/><\/p>\n<p>Para todos os indicadores, considera-se que uma d\u00edvida \u00e9 a rela\u00e7\u00e3o de um credor com um devedor, mesmo que esse credor tenha inclu\u00eddo v\u00e1rios registros desse devedor junto ao SPC Brasil. Ou seja, mesmo que um devedor tenha quatro registros de um mesmo credor, assume-se que esse consumidor tem apenas uma d\u00edvida.<\/p>\n","protected":false},"excerpt":{"rendered":"<p>Apesar da queda em fevereiro, inadimpl\u00eancia cresceu em compara\u00e7\u00e3o com o mesmo per\u00edodo de 2023. <\/p>\n","protected":false},"author":10,"featured_media":25122,"comment_status":"closed","ping_status":"closed","sticky":false,"template":"","format":"standard","meta":{"footnotes":""},"categories":[2277],"tags":[247,280,341,266,2289],"class_list":["post-25121","post","type-post","status-publish","format-standard","has-post-thumbnail","hentry","category-pesquisa","tag-comercio","tag-dividas","tag-economia","tag-inadimplencia","tag-indicador-de-inadimplencia"],"_links":{"self":[{"href":"https:\/\/cndl.org.br\/varejosa\/wp-json\/wp\/v2\/posts\/25121","targetHints":{"allow":["GET"]}}],"collection":[{"href":"https:\/\/cndl.org.br\/varejosa\/wp-json\/wp\/v2\/posts"}],"about":[{"href":"https:\/\/cndl.org.br\/varejosa\/wp-json\/wp\/v2\/types\/post"}],"author":[{"embeddable":true,"href":"https:\/\/cndl.org.br\/varejosa\/wp-json\/wp\/v2\/users\/10"}],"replies":[{"embeddable":true,"href":"https:\/\/cndl.org.br\/varejosa\/wp-json\/wp\/v2\/comments?post=25121"}],"version-history":[{"count":0,"href":"https:\/\/cndl.org.br\/varejosa\/wp-json\/wp\/v2\/posts\/25121\/revisions"}],"wp:featuredmedia":[{"embeddable":true,"href":"https:\/\/cndl.org.br\/varejosa\/wp-json\/wp\/v2\/media\/25122"}],"wp:attachment":[{"href":"https:\/\/cndl.org.br\/varejosa\/wp-json\/wp\/v2\/media?parent=25121"}],"wp:term":[{"taxonomy":"category","embeddable":true,"href":"https:\/\/cndl.org.br\/varejosa\/wp-json\/wp\/v2\/categories?post=25121"},{"taxonomy":"post_tag","embeddable":true,"href":"https:\/\/cndl.org.br\/varejosa\/wp-json\/wp\/v2\/tags?post=25121"}],"curies":[{"name":"wp","href":"https:\/\/api.w.org\/{rel}","templated":true}]}}