{"id":25297,"date":"2024-04-03T10:55:26","date_gmt":"2024-04-03T13:55:26","guid":{"rendered":"https:\/\/cndl.org.br\/varejosa\/?p=25297"},"modified":"2024-04-18T15:23:43","modified_gmt":"2024-04-18T18:23:43","slug":"varejo-s-a-podcast-como-criar-um-ambiente-com-mais-equidade-nas-empresas","status":"publish","type":"post","link":"https:\/\/cndl.org.br\/varejosa\/varejo-s-a-podcast-como-criar-um-ambiente-com-mais-equidade-nas-empresas\/","title":{"rendered":"Varejo S.A. Podcast: como criar um ambiente com mais equidade nas empresas"},"content":{"rendered":"<p>Quantas mulheres trabalham na sua empresa? Quantas ocupam cargos de chefia? Segundo pesquisa recente da CNI, apenas 29% dos cargos da ind\u00fastria s\u00e3o ocupados por mulheres. Al\u00e9m disso, 14% das organiza\u00e7\u00f5es entrevistadas possu\u00edam \u00e1reas espec\u00edficas dedicadas \u00e0 promo\u00e7\u00e3o de igualdade de g\u00eanero no local de trabalho. Para falar sobre esse importante tema de equidade nas empresas, o <a href=\"https:\/\/cndl.org.br\/varejosa\/?city=756&amp;city=756\" target=\"_blank\" rel=\"noopener\">Varejo<\/a> S.A. Podcast convidou Cris Kerr, professora da Funda\u00e7\u00e3o Dom Cabral.<\/p>\n<p>Ela ressalta que ainda h\u00e1 um longo caminho a percorrer, especialmente quando se trata de ter mais mulheres em cargos de lideran\u00e7a. &#8220;Temos que comemorar as pequenas conquistas, mas precisamos acelerar. Estamos longe da equidade, especialmente nos postos mais altos&#8221;, conta Cris Kerr.<\/p>\n<p>Empresas do setor de tecnologia t\u00eam desempenhado um papel crucial ao promover mais inclus\u00e3o de mulheres, mas Cris enfatiza que \u00e9 necess\u00e1rio mais do que apenas esperar mudan\u00e7as naturais. &#8220;\u00c9 preciso intencionalidade&#8221;, ressalta ela, citando pesquisas que indicam que sem interven\u00e7\u00e3o, a equidade de g\u00eanero pode demorar d\u00e9cadas para ser alcan\u00e7ada.<\/p>\n<p>Cris destaca os benef\u00edcios da diversidade de g\u00eanero para as empresas, n\u00e3o apenas em termos financeiros, mas tamb\u00e9m em termos de desempenho e felicidade no ambiente de trabalho. &#8220;A felicidade est\u00e1 ligada ao aumento da performance&#8221;, conclui ela.<\/p>\n<p>Apesar das diferen\u00e7as entre os pa\u00edses, o Brasil tem avan\u00e7ado na equidade de g\u00eanero, especialmente com o aumento do debate e das a\u00e7\u00f5es promovidas pelas empresas. A professora ainda cita como exemplo a Isl\u00e2ndia, que teve a primeira presidente mulher no mundo, e que lidera o caminho nessa quest\u00e3o de equidade.<\/p>\n<p>Quer conferir o bate-papo completo? Escute o epis\u00f3dio no seu tocador de <a href=\"https:\/\/open.spotify.com\/episode\/3UxgaCOD3Eymir3GbCHr3p?si=a555919150884c06&amp;city=756\" target=\"_blank\" rel=\"noopener\">podcast<\/a>\u00a0preferido.<\/p>\n<p><iframe loading=\"lazy\" style=\"border-radius: 12px;\" src=\"https:\/\/open.spotify.com\/embed\/episode\/48oSW7mLSiS8EAABDZP4ii?utm_source=generator\" width=\"100%\" height=\"352\" frameborder=\"0\" allowfullscreen=\"allowfullscreen\"><\/iframe><\/p>\n","protected":false},"excerpt":{"rendered":"<p>A convidada da vez para falar sobre diversidade, inclus\u00e3o, equidade e pertencimento nas empresas \u00e9 a professora Cris Kerr<\/p>\n","protected":false},"author":33,"featured_media":25298,"comment_status":"closed","ping_status":"closed","sticky":false,"template":"","format":"standard","meta":{"footnotes":""},"categories":[1371],"tags":[5066,317,1006,1543,4553,4977],"class_list":["post-25297","post","type-post","status-publish","format-standard","has-post-thumbnail","hentry","category-noticias-cndl","tag-empoderamento","tag-empreendedorismo","tag-empresas","tag-equidade","tag-podcast","tag-varejo-s-a-podcast"],"_links":{"self":[{"href":"https:\/\/cndl.org.br\/varejosa\/wp-json\/wp\/v2\/posts\/25297","targetHints":{"allow":["GET"]}}],"collection":[{"href":"https:\/\/cndl.org.br\/varejosa\/wp-json\/wp\/v2\/posts"}],"about":[{"href":"https:\/\/cndl.org.br\/varejosa\/wp-json\/wp\/v2\/types\/post"}],"author":[{"embeddable":true,"href":"https:\/\/cndl.org.br\/varejosa\/wp-json\/wp\/v2\/users\/33"}],"replies":[{"embeddable":true,"href":"https:\/\/cndl.org.br\/varejosa\/wp-json\/wp\/v2\/comments?post=25297"}],"version-history":[{"count":0,"href":"https:\/\/cndl.org.br\/varejosa\/wp-json\/wp\/v2\/posts\/25297\/revisions"}],"wp:featuredmedia":[{"embeddable":true,"href":"https:\/\/cndl.org.br\/varejosa\/wp-json\/wp\/v2\/media\/25298"}],"wp:attachment":[{"href":"https:\/\/cndl.org.br\/varejosa\/wp-json\/wp\/v2\/media?parent=25297"}],"wp:term":[{"taxonomy":"category","embeddable":true,"href":"https:\/\/cndl.org.br\/varejosa\/wp-json\/wp\/v2\/categories?post=25297"},{"taxonomy":"post_tag","embeddable":true,"href":"https:\/\/cndl.org.br\/varejosa\/wp-json\/wp\/v2\/tags?post=25297"}],"curies":[{"name":"wp","href":"https:\/\/api.w.org\/{rel}","templated":true}]}}