{"id":25463,"date":"2024-04-16T15:43:24","date_gmt":"2024-04-16T18:43:24","guid":{"rendered":"https:\/\/cndl.org.br\/varejosa\/?p=25463"},"modified":"2026-02-03T14:48:43","modified_gmt":"2026-02-03T17:48:43","slug":"web-summit-rio-mario-sergio-cortella-debate-sobre-como-usar-as-redes-sem-perder-a-credibilidade","status":"publish","type":"post","link":"https:\/\/cndl.org.br\/varejosa\/web-summit-rio-mario-sergio-cortella-debate-sobre-como-usar-as-redes-sem-perder-a-credibilidade\/","title":{"rendered":"Web Summit Rio: Mario Sergio Cortella debate sobre como usar as redes sem perder a credibilidade"},"content":{"rendered":"<p>O <a href=\"https:\/\/rio.websummit.com\/\" target=\"_blank\" rel=\"noopener\">Web Summit<\/a>\u00a0Rio, um dos maiores eventos de tecnologia do mundo, atrai os mais importantes especialistas, empresas e conferencistas do mundo <a href=\"https:\/\/cndl.org.br\/varejosa\/?city=756\" target=\"_blank\" rel=\"noopener\">coorporativo<\/a> e digital. A confer\u00eancia tamb\u00e9m abre espa\u00e7o para palestrantes que n\u00e3o necessariamente fazem parte deste meio, mas que por seu conhecimento podem, de alguma forma, contribuir para a discuss\u00e3o de temas correlatos.<\/p>\n<p>\u00c9 o caso do educador, fil\u00f3sofo e megaestrela das redes sociais Mario Sergio Cortella, que foi convidado do Web Summit Rio deste ano para falar sobre reputa\u00e7\u00e3o, alcance e, claro, o uso dos meios digitais em sua atividade principal, que \u00e9 o ensino e a filosofia.<\/p>\n<p>Para acompanhar a palestra, Cortella estava com seu filho, Pedro Cortella, dono da Ag\u00eancia Sofia, especializada na gest\u00e3o e dissemina\u00e7\u00e3o de conte\u00fados nas plataformas digitais, e um dos respons\u00e1veis pelos 22 milh\u00f5es seguidores e curiosos sobre o pensamento do seu pai.<\/p>\n<p>Em seu momento de fala, o palestrante \u2013 hoje, Top 6 entre os mais importantes do pa\u00eds &#8211; explicou sobre o desafio de se adaptar \u00e0s mudan\u00e7as tecnol\u00f3gicas sem que esse esfor\u00e7o sacrifique a ess\u00eancia do seu trabalho e a reputa\u00e7\u00e3o cultivada ao longo de cinco d\u00e9cadas de estudo.<\/p>\n<p>J\u00e1 o filho complementou mencionando a import\u00e2ncia de saber lidar com as redes sociais. \u201cDesde que come\u00e7amos a usar as ferramentas e plataformas digitais, sab\u00edamos que era importante n\u00e3o perder credibilidade. N\u00e3o quer\u00edamos ampliar o alcance fazendo coisas do tipo dancinhas. N\u00e3o fazemos qualquer neg\u00f3cio\u201d, disse Pedro. \u201cPreferimos refor\u00e7ar a densidade das mensagens com clareza, sempre marcando uma postura de dignidade\u201d, completou.<\/p>\n<p>Cortella tamb\u00e9m abordou sobre um dos temas que est\u00e3o em alta e que est\u00e1 sendo amplamente explorado pelas empresas, a Intelig\u00eancia Artificial. \u201cAcho que a IA \u00e9 uma boa ferramenta, se utilizada como forma de automatiza\u00e7\u00e3o. Mas ela n\u00e3o pode ser aut\u00f4noma. Ela n\u00e3o pode decidir pelo homem, ela tem que ser o caminho para entregar um produto de forma mais r\u00e1pida e precisa\u201d, ressaltou.<\/p>\n<p>Para completar o racioc\u00ednio do pai, Pedro Cortella destacou que \u201ctemos que fazer o uso da tecnologia ao nosso favor, atendendo \u00e0s nossas vontades. N\u00e3o podemos ser usados por elas\u201d.<\/p>\n<p>O assunto certamente ser\u00e1 tratado pelo fil\u00f3sofo de forma mais aprofundada em setembro. Entre os dias 18 e 22, na cidade de Balne\u00e1rio Cambori\u00fa (SC), ele participa do maior encontro de varejistas e empres\u00e1rios do Brasil: <a href=\"https:\/\/omnivarejo2024.com.br\/\" target=\"_blank\" rel=\"noopener\">Omnivarejo: uma nova experi\u00eancia nas rela\u00e7\u00f5es de consumo<\/a>, organizado pela Confedera\u00e7\u00e3o Nacional de Dirigentes Lojistas, em parceria com a FCDL-SC e CDL Balne\u00e1rio Cambori\u00fa. Tradicionalmente, as conven\u00e7\u00f5es do <a href=\"https:\/\/cndl.org.br\/?city=756\" target=\"_blank\" rel=\"noopener\">Sistema CNDL<\/a> contam com l\u00edderes e empres\u00e1rios de todas as regi\u00f5es do pa\u00eds em busca de conhecimento aplic\u00e1vel aos seus neg\u00f3cios e entidades, al\u00e9m de relacionamento e troca de experi\u00eancias.<\/p>\n","protected":false},"excerpt":{"rendered":"<p>O fil\u00f3sofo e professor Mario Sergio Cortella foi um dos palestrantes do evento<\/p>\n","protected":false},"author":5,"featured_media":25465,"comment_status":"closed","ping_status":"closed","sticky":false,"template":"","format":"standard","meta":{"footnotes":""},"categories":[26],"tags":[5185,2866,5234,1507,574,1512],"class_list":["post-25463","post","type-post","status-publish","format-standard","has-post-thumbnail","hentry","category-negocios-e-economia","tag-cortella","tag-mario-sergio-cortella","tag-palestra","tag-redes-sociais","tag-tecnologia","tag-web-summit-rio"],"_links":{"self":[{"href":"https:\/\/cndl.org.br\/varejosa\/wp-json\/wp\/v2\/posts\/25463","targetHints":{"allow":["GET"]}}],"collection":[{"href":"https:\/\/cndl.org.br\/varejosa\/wp-json\/wp\/v2\/posts"}],"about":[{"href":"https:\/\/cndl.org.br\/varejosa\/wp-json\/wp\/v2\/types\/post"}],"author":[{"embeddable":true,"href":"https:\/\/cndl.org.br\/varejosa\/wp-json\/wp\/v2\/users\/5"}],"replies":[{"embeddable":true,"href":"https:\/\/cndl.org.br\/varejosa\/wp-json\/wp\/v2\/comments?post=25463"}],"version-history":[{"count":0,"href":"https:\/\/cndl.org.br\/varejosa\/wp-json\/wp\/v2\/posts\/25463\/revisions"}],"wp:featuredmedia":[{"embeddable":true,"href":"https:\/\/cndl.org.br\/varejosa\/wp-json\/wp\/v2\/media\/25465"}],"wp:attachment":[{"href":"https:\/\/cndl.org.br\/varejosa\/wp-json\/wp\/v2\/media?parent=25463"}],"wp:term":[{"taxonomy":"category","embeddable":true,"href":"https:\/\/cndl.org.br\/varejosa\/wp-json\/wp\/v2\/categories?post=25463"},{"taxonomy":"post_tag","embeddable":true,"href":"https:\/\/cndl.org.br\/varejosa\/wp-json\/wp\/v2\/tags?post=25463"}],"curies":[{"name":"wp","href":"https:\/\/api.w.org\/{rel}","templated":true}]}}