{"id":25584,"date":"2024-04-29T17:12:35","date_gmt":"2024-04-29T20:12:35","guid":{"rendered":"https:\/\/cndl.org.br\/varejosa\/?p=25584"},"modified":"2024-04-29T11:23:33","modified_gmt":"2024-04-29T14:23:33","slug":"trilha-de-conhecimento-on-line-capacita-contadores-que-atuam-com-pequenos-negocios","status":"publish","type":"post","link":"https:\/\/cndl.org.br\/varejosa\/trilha-de-conhecimento-on-line-capacita-contadores-que-atuam-com-pequenos-negocios\/","title":{"rendered":"Trilha de conhecimento on-line capacita contadores que atuam com pequenos neg\u00f3cios"},"content":{"rendered":"<p>Na \u00faltima quinta-feira (25\/4), comemorou-se o Dia do Profissional Cont\u00e1bil. A data celebra a atua\u00e7\u00e3o dos profissionais da Contabilidade que s\u00e3o fundamentais para o desenvolvimento e sustentabilidade dos <a href=\"https:\/\/cndl.org.br\/varejosa\/?city=756\" target=\"_blank\" rel=\"noopener\">pequenos neg\u00f3cios no pa\u00eds.<\/a> De acordo com dados do Conselho Federal de Contabilidade (CFC), existem atualmente 527,81 mil profissionais de contabilidade (t\u00e9cnicos e contadores) no pa\u00eds, sendo S\u00e3o Paulo o estado com maior n\u00famero de registros ativos \u2013 29% do total.<\/p>\n<p>A analista da Unidade de Relacionamento com o Cliente do Sebrae Nacional Fab\u00edola Calazans destaca que os profissionais da Contabilidade s\u00e3o mais do que respons\u00e1veis por registrar e prestar contas das obriga\u00e7\u00f5es legais e fiscais das empresas. Segundo ela, pesquisas realizadas pelo Sebrae mostram que os donos de pequenos neg\u00f3cios e os contadores desenvolvem rela\u00e7\u00f5es de confian\u00e7a e fidelidade.<\/p>\n<p>\u201cEsses profissionais bem-preparados e capacitados podem apoiar no desenvolvimento dos neg\u00f3cios, atuando tamb\u00e9m de forma consultiva junto a seus clientes. Existe uma oportunidade para essa rela\u00e7\u00e3o se tornar ainda mais abrangente, com maior apoio dos contadores \u00e0 gest\u00e3o e ao processo decis\u00f3rio dos pequenos neg\u00f3cios\u201d, avalia.<\/p>\n<p>O Sebrae e o CFC oferecem uma trilha de capacita\u00e7\u00e3o totalmente on-line com o objetivo de contribuir para que os contadores atuem em gest\u00e3o, empreendedorismo e inova\u00e7\u00e3o, visando \u00e0 cria\u00e7\u00e3o de uma rede de suporte e consultoria para os pequenos neg\u00f3cios.<\/p>\n<p>Por meio do \u201cContador Parceiro: construindo o sucesso\u201d, o profissional vai aprender como se posicionar frente \u00e0s tend\u00eancias de mercado, realizar an\u00e1lise de viabilidade de neg\u00f3cios, aplicar a Lei Geral de Prote\u00e7\u00e3o de Dados (LGPD), entre outros temas.<\/p>\n<p>Ao todo, a trilha \u00e9 formada por 13 m\u00f3dulos, agrupados em quatro blocos que destacam como o profissional cont\u00e1bil pode assumir um papel de consultor das empresas. Ao fim, do curso, \u00e9 emitido um certificado de conclus\u00e3o que pontua para o Programa de Educa\u00e7\u00e3o Profissional Continuada do Conselho Federal de Contabilidade.<\/p>\n<p>\u201cO bloco 3, por exemplo, apresenta ferramentas consultivas que podem ser utilizadas por esses contadores tanto no atendimento dos pequenos neg\u00f3cios quanto no desenvolvimento das suas pr\u00f3prias empresas de contabilidade\u201d, acrescenta a analista.<\/p>\n<p>Para se inscrever gratuitamente na trilha \u201cContador Parceiro: construindo o sucesso\u201d, basta acessar: <a href=\"https:\/\/sebrae.com.br\/sites\/PortalSebrae\/parceriacfc\" target=\"_blank\" rel=\"noopener\">https:\/\/sebrae.com.br\/sites\/PortalSebrae\/parceriacfc.<\/a><\/p>\n","protected":false},"excerpt":{"rendered":"<p>Sebrae e Conselho Federal de Contabilidade oferecem, gratuitamente, curso para os profissionais que desejam se tornar refer\u00eancia no atendimento de micro e pequenas empresas<\/p>\n","protected":false},"author":11,"featured_media":25594,"comment_status":"closed","ping_status":"closed","sticky":false,"template":"","format":"standard","meta":{"footnotes":""},"categories":[26],"tags":[1042,303,441],"class_list":["post-25584","post","type-post","status-publish","format-standard","has-post-thumbnail","hentry","category-negocios-e-economia","tag-capacitacao","tag-mpes","tag-pequenos-negocios"],"_links":{"self":[{"href":"https:\/\/cndl.org.br\/varejosa\/wp-json\/wp\/v2\/posts\/25584","targetHints":{"allow":["GET"]}}],"collection":[{"href":"https:\/\/cndl.org.br\/varejosa\/wp-json\/wp\/v2\/posts"}],"about":[{"href":"https:\/\/cndl.org.br\/varejosa\/wp-json\/wp\/v2\/types\/post"}],"author":[{"embeddable":true,"href":"https:\/\/cndl.org.br\/varejosa\/wp-json\/wp\/v2\/users\/11"}],"replies":[{"embeddable":true,"href":"https:\/\/cndl.org.br\/varejosa\/wp-json\/wp\/v2\/comments?post=25584"}],"version-history":[{"count":0,"href":"https:\/\/cndl.org.br\/varejosa\/wp-json\/wp\/v2\/posts\/25584\/revisions"}],"wp:featuredmedia":[{"embeddable":true,"href":"https:\/\/cndl.org.br\/varejosa\/wp-json\/wp\/v2\/media\/25594"}],"wp:attachment":[{"href":"https:\/\/cndl.org.br\/varejosa\/wp-json\/wp\/v2\/media?parent=25584"}],"wp:term":[{"taxonomy":"category","embeddable":true,"href":"https:\/\/cndl.org.br\/varejosa\/wp-json\/wp\/v2\/categories?post=25584"},{"taxonomy":"post_tag","embeddable":true,"href":"https:\/\/cndl.org.br\/varejosa\/wp-json\/wp\/v2\/tags?post=25584"}],"curies":[{"name":"wp","href":"https:\/\/api.w.org\/{rel}","templated":true}]}}