{"id":25647,"date":"2024-04-30T15:06:32","date_gmt":"2024-04-30T18:06:32","guid":{"rendered":"https:\/\/cndl.org.br\/varejosa\/?p=25647"},"modified":"2024-04-30T14:53:17","modified_gmt":"2024-04-30T17:53:17","slug":"impulsionando-o-comercio-local-iniciada-a-turma-do-programa-lucra-mais-em-imbituba","status":"publish","type":"post","link":"https:\/\/cndl.org.br\/varejosa\/impulsionando-o-comercio-local-iniciada-a-turma-do-programa-lucra-mais-em-imbituba\/","title":{"rendered":"Impulsionando o com\u00e9rcio local: iniciada a turma do Programa Lucra Mais em Imbituba"},"content":{"rendered":"<p>No \u00faltimo dia 25 de abril, Imbituba deu in\u00edcio a um importante programa de <a href=\"https:\/\/cndl.org.br\/varejosa\/?city=756\" target=\"_blank\" rel=\"noopener\">capacita\u00e7\u00e3o empresarial<\/a>: o Programa Lucra Mais, promovido pelo <a href=\"http:\/\/www.senac.br\/\" target=\"_blank\" rel=\"noopener\">Senac<\/a> em parceria com o <a href=\"https:\/\/sebrae.com.br\/sites\/PortalSebrae\/\" target=\"_blank\" rel=\"noopener\">Sebrae<\/a>. Com o objetivo de fornecer qualifica\u00e7\u00e3o espec\u00edfica para os empres\u00e1rios lojistas da regi\u00e3o, o programa representa um passo significativo para o fortalecimento do com\u00e9rcio local.<\/p>\n<p>A turma inaugural conta com a participa\u00e7\u00e3o de 30 lojistas, demonstrando o interesse e a necessidade da comunidade empresarial em investir em seu aprimoramento. O programa est\u00e1 estruturado em seis encontros presenciais, nos quais ser\u00e3o abordados diversos temas essenciais para o sucesso e a gest\u00e3o eficaz das empresas.<\/p>\n<p>Segundo Rodrigo de Senna Ferreira, presidente da C\u00e2mara de Dirigentes Lojistas (CDL) de <a href=\"http:\/\/www.imbituba.cdl-sc.org.br\/\" target=\"_blank\" rel=\"noopener\">Imbituba<\/a>, a iniciativa \u00e9 de suma import\u00e2ncia para o desenvolvimento do com\u00e9rcio local. Ele destaca o apoio fundamental do Senac e do Sebrae, institui\u00e7\u00f5es reconhecidas por sua expertise na capacita\u00e7\u00e3o empresarial.<\/p>\n<p>A qualifica\u00e7\u00e3o oferecida pelo Programa Lucra Mais n\u00e3o apenas proporciona conhecimentos te\u00f3ricos, mas tamb\u00e9m oferece ferramentas pr\u00e1ticas para enfrentar os desafios do mercado atual. Temas como gest\u00e3o financeira, marketing, atendimento ao cliente e inova\u00e7\u00e3o ser\u00e3o abordados, visando capacitar os participantes a tornarem seus neg\u00f3cios mais competitivos e sustent\u00e1veis.<\/p>\n<p>Com o Programa Lucra Mais, o Senac e o Sebrae reafirmam seu compromisso com o desenvolvimento econ\u00f4mico e social de Imbituba, investindo no potencial dos empres\u00e1rios locais e contribuindo para o crescimento sustent\u00e1vel do com\u00e9rcio na cidade.<\/p>\n","protected":false},"excerpt":{"rendered":"<p>No \u00faltimo dia 25 de abril, Imbituba deu in\u00edcio a um importante programa de capacita\u00e7\u00e3o empresarial: o Programa Lucra Mais, promovido pelo Senac em parceria com o Sebrae<\/p>\n","protected":false},"author":18,"featured_media":25648,"comment_status":"closed","ping_status":"closed","sticky":false,"template":"","format":"standard","meta":{"footnotes":""},"categories":[1371],"tags":[2591,5202,5258,289,5257],"class_list":["post-25647","post","type-post","status-publish","format-standard","has-post-thumbnail","hentry","category-noticias-cndl","tag-cdl","tag-cdl-imbituba","tag-programa-lucra-mais","tag-sebrae","tag-senac"],"_links":{"self":[{"href":"https:\/\/cndl.org.br\/varejosa\/wp-json\/wp\/v2\/posts\/25647","targetHints":{"allow":["GET"]}}],"collection":[{"href":"https:\/\/cndl.org.br\/varejosa\/wp-json\/wp\/v2\/posts"}],"about":[{"href":"https:\/\/cndl.org.br\/varejosa\/wp-json\/wp\/v2\/types\/post"}],"author":[{"embeddable":true,"href":"https:\/\/cndl.org.br\/varejosa\/wp-json\/wp\/v2\/users\/18"}],"replies":[{"embeddable":true,"href":"https:\/\/cndl.org.br\/varejosa\/wp-json\/wp\/v2\/comments?post=25647"}],"version-history":[{"count":0,"href":"https:\/\/cndl.org.br\/varejosa\/wp-json\/wp\/v2\/posts\/25647\/revisions"}],"wp:featuredmedia":[{"embeddable":true,"href":"https:\/\/cndl.org.br\/varejosa\/wp-json\/wp\/v2\/media\/25648"}],"wp:attachment":[{"href":"https:\/\/cndl.org.br\/varejosa\/wp-json\/wp\/v2\/media?parent=25647"}],"wp:term":[{"taxonomy":"category","embeddable":true,"href":"https:\/\/cndl.org.br\/varejosa\/wp-json\/wp\/v2\/categories?post=25647"},{"taxonomy":"post_tag","embeddable":true,"href":"https:\/\/cndl.org.br\/varejosa\/wp-json\/wp\/v2\/tags?post=25647"}],"curies":[{"name":"wp","href":"https:\/\/api.w.org\/{rel}","templated":true}]}}