{"id":25649,"date":"2024-05-09T07:58:35","date_gmt":"2024-05-09T10:58:35","guid":{"rendered":"https:\/\/cndl.org.br\/varejosa\/?p=25649"},"modified":"2024-05-02T11:02:45","modified_gmt":"2024-05-02T14:02:45","slug":"meta-realiza-em-brasilia-treinamento-gratuito-de-marketing-digital-para-empreendedores","status":"publish","type":"post","link":"https:\/\/cndl.org.br\/varejosa\/meta-realiza-em-brasilia-treinamento-gratuito-de-marketing-digital-para-empreendedores\/","title":{"rendered":"Meta realiza em Bras\u00edlia treinamento gratuito de marketing digital para empreendedores"},"content":{"rendered":"<p>A Meta, empresa detentora do Facebook, Instagram, WhatsApp e Threads, realiza no dia 24 de maio, em Bras\u00edlia, um treinamento presencial gratuito de marketing digital para micro e pequenos empreendedores.<\/p>\n<p>O evento \u00e9 uma realiza\u00e7\u00e3o da Confedera\u00e7\u00e3o Nacional de Dirigentes Lojistas (<a href=\"https:\/\/cndl.org.br\/varejosa\/?city=756\" target=\"_blank\" rel=\"noopener\">CNDL<\/a>) e da C\u00e2mara de Dirigentes Logistas Distrito Federal (CDL-DF) com o objetivo de oferecer \u00e0s MPEs ferramentas digitais que possibilitem o crescimento de suas empresas.<\/p>\n<p>No treinamento, os participantes aprender\u00e3o, de forma pr\u00e1tica, como a Meta, por meio das suas plataformas, pode auxiliar os MPE\u2019s a tra\u00e7arem estrat\u00e9gias corretas para cada resultado desejado. O participante aprender\u00e1 sobre os fundamentos de marketing digital no Facebook, Instagram e WhatsApp, desde a defini\u00e7\u00e3o de metas de neg\u00f3cios, otimiza\u00e7\u00e3o, entre outros.<\/p>\n<p>A qualifica\u00e7\u00e3o ser\u00e1 conduzida por Felipe Ventura, Business Education Trainer da pr\u00f3pria Meta.<\/p>\n<p>\u201cO treinamento \u00e9 uma \u00f3tima oportunidade para os empreendedores descobrirem as caracter\u00edsticas fundamentais para um planejamento de sucesso em suas campanhas de m\u00eddia, com um especialista da Meta que compartilhar\u00e1 as solu\u00e7\u00f5es digitais para cada objetivo\u201d, destaca o presidente da CNDL, Jos\u00e9 C\u00e9sar da Costa.<\/p>\n<p>As vagas para a palestra s\u00e3o gratuitas e limitadas. As inscri\u00e7\u00f5es podem ser feitas pelo link: <a href=\"https:\/\/www.sympla.com.br\/evento\/marketing-digital-para-empreendedores-meta-blueprint\/2438068\" target=\"_blank\" rel=\"noopener\">https:\/\/bit.ly\/4bbdS2g<\/a><\/p>\n<p>\u201cA a\u00e7\u00e3o foi pensada pela CNDL e pela CDL-DF com o prop\u00f3sito de qualificar os empreendedores da capital para que possam conectar seus neg\u00f3cios com clientes atuais e potenciais, utilizando as ferramentas e tecnologias digitais, al\u00e9m de democratizar o acesso digital das empresas\u201d, afirma o presidente da CDL DF, Wagner Silveira.<\/p>\n<p><strong>FELIPE VENTURA &#8211; BUSINESS EDUCATION TRAINER<\/strong><\/p>\n<p>Felipe \u00e9 um profissional de marketing com experi\u00eancia em cria\u00e7\u00e3o e estrat\u00e9gia de conte\u00fado. Nascido em Bras\u00edlia, j\u00e1 atuou como Diretor Audiovisual, Gerente de Projetos, Consultor de estrat\u00e9gia e como Head de Redes Sociais e Influ\u00eancia em Media e Tech Companies. Em 2013, criou uma marca de conte\u00fado que uniu uma comunidade de mais de 2,5MM de pessoas no Facebook com conte\u00fados de humor sobre diversidade e transforma\u00e7\u00e3o social. Na Meta, integra a equipe de Business Education, com foco no impacto positivo e transformador que as solu\u00e7\u00f5es da Meta proporcionam ao mercado.<\/p>\n<p><strong>SERVI\u00c7O<\/strong><\/p>\n<p><strong>Business Education Trainer<\/strong><br \/>\n<strong>Quando:<\/strong> 24 de maio de 2024<br \/>\n<strong>Hor\u00e1rio:<\/strong> das 08h30 \u00e0s 12h<br \/>\n<strong>Onde:<\/strong> audit\u00f3rio da CDL Distrito Federal &#8211; SIA Trecho 17 Lote 815 &#8211; Zona Industrial, Bras\u00edlia \u2013 DF<br \/>\n<strong>Inscri\u00e7\u00f5es:<\/strong> <a href=\"https:\/\/www.sympla.com.br\/evento\/marketing-digital-para-empreendedores-meta-blueprint\/2438068\" target=\"_blank\" rel=\"noopener\">https:\/\/bit.ly\/4bbdS2g<\/a><\/p>\n","protected":false},"excerpt":{"rendered":"<p>Evento \u00e9 uma realiza\u00e7\u00e3o da CNDL e da CDL Distrito Federal com foco na qualifica\u00e7\u00e3o de micro e pequenos empres\u00e1rios da capital federal. Vagas s\u00e3o limitadas <\/p>\n","protected":false},"author":7,"featured_media":25650,"comment_status":"closed","ping_status":"closed","sticky":false,"template":"","format":"standard","meta":{"footnotes":""},"categories":[1371],"tags":[2591,279,5259,317,1661,263,1299,1570],"class_list":["post-25649","post","type-post","status-publish","format-standard","has-post-thumbnail","hentry","category-noticias-cndl","tag-cdl","tag-cndl","tag-curso","tag-empreendedorismo","tag-facebook","tag-marketing","tag-marketing-digital","tag-meta"],"_links":{"self":[{"href":"https:\/\/cndl.org.br\/varejosa\/wp-json\/wp\/v2\/posts\/25649","targetHints":{"allow":["GET"]}}],"collection":[{"href":"https:\/\/cndl.org.br\/varejosa\/wp-json\/wp\/v2\/posts"}],"about":[{"href":"https:\/\/cndl.org.br\/varejosa\/wp-json\/wp\/v2\/types\/post"}],"author":[{"embeddable":true,"href":"https:\/\/cndl.org.br\/varejosa\/wp-json\/wp\/v2\/users\/7"}],"replies":[{"embeddable":true,"href":"https:\/\/cndl.org.br\/varejosa\/wp-json\/wp\/v2\/comments?post=25649"}],"version-history":[{"count":0,"href":"https:\/\/cndl.org.br\/varejosa\/wp-json\/wp\/v2\/posts\/25649\/revisions"}],"wp:featuredmedia":[{"embeddable":true,"href":"https:\/\/cndl.org.br\/varejosa\/wp-json\/wp\/v2\/media\/25650"}],"wp:attachment":[{"href":"https:\/\/cndl.org.br\/varejosa\/wp-json\/wp\/v2\/media?parent=25649"}],"wp:term":[{"taxonomy":"category","embeddable":true,"href":"https:\/\/cndl.org.br\/varejosa\/wp-json\/wp\/v2\/categories?post=25649"},{"taxonomy":"post_tag","embeddable":true,"href":"https:\/\/cndl.org.br\/varejosa\/wp-json\/wp\/v2\/tags?post=25649"}],"curies":[{"name":"wp","href":"https:\/\/api.w.org\/{rel}","templated":true}]}}