{"id":25670,"date":"2024-05-09T17:15:02","date_gmt":"2024-05-09T20:15:02","guid":{"rendered":"https:\/\/cndl.org.br\/varejosa\/?p=25670"},"modified":"2026-02-03T14:48:42","modified_gmt":"2026-02-03T17:48:42","slug":"sebrae-lanca-pagina-credito-consciente-que-vai-apoiar-o-empreendedor-ao-longo-de-toda-a-jornada-de-busca-por-emprestimo","status":"publish","type":"post","link":"https:\/\/cndl.org.br\/varejosa\/sebrae-lanca-pagina-credito-consciente-que-vai-apoiar-o-empreendedor-ao-longo-de-toda-a-jornada-de-busca-por-emprestimo\/","title":{"rendered":"Sebrae lan\u00e7a p\u00e1gina Cr\u00e9dito Consciente, que vai apoiar o empreendedor ao longo de toda a jornada de busca por empr\u00e9stimo"},"content":{"rendered":"<p>Apoiar os empreendedores na tomada de <a href=\"https:\/\/cndl.org.br\/varejosa\/?city=756\" target=\"_blank\" rel=\"noopener\">decis\u00f5es<\/a> antes de acessar empr\u00e9stimos. Com esse objetivo, o Sebrae lan\u00e7ou, no fim de abril, a p\u00e1gina Cr\u00e9dito Consciente, que vai ajudar o dono de um pequeno neg\u00f3cio a ampliar sua consci\u00eancia e seguran\u00e7a na obten\u00e7\u00e3o de um financiamento e, em seguida, conduzir esses empres\u00e1rios para as institui\u00e7\u00f5es financeiras. Por meio do Fundo de Aval para Micro e Pequenas Empresas (Fampe), o Sebrae entrar\u00e1 como avalista de at\u00e9 80% da garantia do valor total do empr\u00e9stimo. Isso significa que com o aporte de R$ 2 bilh\u00f5es feito pela entidade no fundo, ser\u00e3o garantidos R$ 30 bilh\u00f5es de cr\u00e9dito para os pequenos neg\u00f3cios em todo o pa\u00eds nos pr\u00f3ximos tr\u00eas anos.<\/p>\n<p>Acesse:\u00a0<a href=\"https:\/\/sebrae.com.br\/sites\/PortalSebrae\/creditoconsciente\" target=\"_blank\" rel=\"noopener\">https:\/\/sebrae.com.br\/sites\/PortalSebrae\/creditoconsciente<\/a><\/p>\n<p>As iniciativas integram o Programa Acredita, do governo federal, lan\u00e7ado na \u00faltima semana. Trata-se de um fato in\u00e9dito no Sebrae, que ter\u00e1 a maior carteira de cr\u00e9ditos garantidos e assistidos de sua hist\u00f3ria. Um trabalho que conta com o esfor\u00e7o de todo o Sistema Sebrae, incluindo os 26 estados e o Distrito Federal.<\/p>\n<p>\u201cEstamos lan\u00e7ando a maior carteira de cr\u00e9dito do nosso pa\u00eds para os nossos pequenos empreendedores. \u00c9 um somat\u00f3rio de atividades que v\u00e3o impulsionar essa \u00e1rea que n\u00f3s representamos e que foi respons\u00e1vel por 80% dos empregos formais, no ano passado. Nesse momento estamos realizando uma tarefa que \u00e9 imprescind\u00edvel: tirar esse setor da invisibilidade\u201d, afirmou o presidente do Sebrae, D\u00e9cio Lima.<\/p>\n<p>&#8220;Cerca de 88% desses empres\u00e1rios n\u00e3o conseguem financiar os seus neg\u00f3cios, porque n\u00e3o t\u00eam a abertura da porta do sistema financeiro, o aval, a garantia. \u00c9 por isso que estamos abrindo a porta das institui\u00e7\u00f5es financeiras para este p\u00fablico significativo&#8221;, D\u00e9cio Lima, presidente do Sebrae Nacional.<\/p>\n<p>D\u00e9cio Lima convocou a participa\u00e7\u00e3o de todos os colaboradores da entidade para atuar na promo\u00e7\u00e3o do acesso ao cr\u00e9dito e que ter\u00e1 como porta de entrada a p\u00e1gina lan\u00e7ada pelo Sebrae. \u201cO nosso desafio \u00e9 fazer esse dinheiro chegar rapidamente nas m\u00e3os do pequeno com a assist\u00eancia devida, tomem cr\u00e9dito e tenham seguran\u00e7a na condu\u00e7\u00e3o do seu neg\u00f3cio\u201d, ressaltou. \u201c\u00c9 um grande momento para fazermos com que esta base de sustenta\u00e7\u00e3o de produ\u00e7\u00e3o do nosso pa\u00eds volte a crescer e modificar a vida de milh\u00f5es de brasileiros\u201d, afirmou.<\/p>\n<p>O diretor-t\u00e9cnico do Sebrae, Bruno Quick, destacou a inova\u00e7\u00e3o ao disponibilizar os recursos do FAMPE como forma de garantia aos empr\u00e9stimos realizados pelos pequenos neg\u00f3cios. \u201c\u00c9 um instrumento dispon\u00edvel h\u00e1 quase 30 anos e que ainda n\u00e3o havia sido disponibilizado dessa forma. Essa iniciativa vai ajudar os empres\u00e1rios que captaram recursos muito caros, que t\u00eam um passivo de d\u00edvidas que precisam ser honradas para que possam avan\u00e7ar na sua plenitude, gerando emprego, distribuindo riquezas e dinamizando as economias locais\u201d, apontou.<\/p>\n<p>Por sua vez, a diretora de Administra\u00e7\u00e3o e Finan\u00e7as do Sebrae, Margarete Coelho, disse que o aporte feito pelo Sebrae no fundo e a p\u00e1gina do Cr\u00e9dito Consciente possibilitar\u00e3o o fortalecimento do empreendedorismo feminino. \u201cAs barreiras enfrentadas por elas s\u00e3o desproporcionais, porque encontram preconceito no processo de acesso ao cr\u00e9dito. A esperan\u00e7a brilha no horizonte com essas inciativas que reconhecem os desafios encontrados com apoio e recursos necess\u00e1rios para que elas tenham sucesso\u201d, disse.<\/p>\n<p>O lan\u00e7amento ocorreu em Florian\u00f3polis (SC) e contou com a participa\u00e7\u00e3o do presidente do Conselho Deliberativo Nacional, Jos\u00e9 Zeferino Pedroso; do presidente da Associa\u00e7\u00e3o Brasileira de Sebraes e diretor de Administra\u00e7\u00e3o e Finan\u00e7as do Sebrae de Santa Catarina, Anacleto Ortigara, e do presidente do Conselho Deliberativo do Sebrae\/SC, Renato Carvalho. O gerente de Servi\u00e7os Financeiros e Capta\u00e7\u00e3o do Sebrae Nacional, Valdir Oliveira, e o coordenador de Educa\u00e7\u00e3o e Orienta\u00e7\u00e3o Financeira do Sebrae, Augusto Togni, tamb\u00e9m participaram da apresenta\u00e7\u00e3o da p\u00e1gina do Cr\u00e9dito Consciente.<\/p>\n<p><strong>Jornada de cr\u00e9dito<\/strong><\/p>\n<p>O empres\u00e1rio que visitar o portal criado especialmente para tratar de cr\u00e9dito encontra caminhos pr\u00e1ticos e did\u00e1ticos para recolocar sua empresa nos eixos. O Sebrae convida esse empreendedor a conhecer realmente as finan\u00e7as de sua empresa e, de posse de todas as informa\u00e7\u00f5es, partir para um retrato do seu neg\u00f3cio por meio da calculadora dispon\u00edvel na p\u00e1gina.<\/p>\n<p><strong>Calculadora<\/strong><\/p>\n<p>Nela, o empreendedor vai preencher campos relativos \u00e0 volume de venda, aos custos com fornecedores, entre outras informa\u00e7\u00f5es. Um guia r\u00e1pido sobre a ferramenta est\u00e1 dispon\u00edvel para download e, caso precise, o empres\u00e1rio pode ainda buscar a consultoria do Sebrae por meio da Central de Relacionamento e demais canais de comunica\u00e7\u00e3o.<\/p>\n<p>Se o resultado apontado pela calculadora for positivo, o empres\u00e1rio pode procurar novas formas de adequar suas finan\u00e7as para n\u00e3o precisar recorrer ao empr\u00e9stimo. Por outro lado, caso o diagn\u00f3stico direcione para a necessidade de cr\u00e9dito, o empreendedor encontra toda a orienta\u00e7\u00e3o para os pr\u00f3ximos passos a seguir na pr\u00f3pria p\u00e1gina do Cr\u00e9dito Consciente, que disponibiliza uma Colet\u00e2nea de Linhas de Cr\u00e9dito com mais de 250 op\u00e7\u00f5es. O empres\u00e1rio pode fazer uma pesquisa por meio de filtros (modalidades de financiamento, taxas, prazo, valor estimado etc.) e decidir qual a melhor linha que se adequa ao seu neg\u00f3cio.<\/p>\n<p>Depois de decidir, o empres\u00e1rio precisa retornar \u00e0 calculadora para rever seus indicadores financeiros e fazer as proje\u00e7\u00f5es para os pr\u00f3ximos meses, com a capacidade de pagamento do empr\u00e9stimo. Por fim, ao apresentar a proposta de cr\u00e9dito \u00e0 institui\u00e7\u00e3o financeira, o dono do pequeno neg\u00f3cio precisa confirmar sua ades\u00e3o ao Fampe.<\/p>\n","protected":false},"excerpt":{"rendered":"<p>No total, por meio do Fundo de Aval para Micro e Pequenas Empresas (Fampe), R$ 30 bilh\u00f5es ser\u00e3o garantidos em cr\u00e9dito para os pequenos neg\u00f3cios<\/p>\n","protected":false},"author":11,"featured_media":25677,"comment_status":"closed","ping_status":"closed","sticky":false,"template":"","format":"standard","meta":{"footnotes":""},"categories":[26],"tags":[247,299,697,317,2503,288,289,249],"class_list":["post-25670","post","type-post","status-publish","format-standard","has-post-thumbnail","hentry","category-negocios-e-economia","tag-comercio","tag-credito","tag-credito-consciente","tag-empreendedorismo","tag-empresa","tag-mei","tag-sebrae","tag-varejo"],"_links":{"self":[{"href":"https:\/\/cndl.org.br\/varejosa\/wp-json\/wp\/v2\/posts\/25670","targetHints":{"allow":["GET"]}}],"collection":[{"href":"https:\/\/cndl.org.br\/varejosa\/wp-json\/wp\/v2\/posts"}],"about":[{"href":"https:\/\/cndl.org.br\/varejosa\/wp-json\/wp\/v2\/types\/post"}],"author":[{"embeddable":true,"href":"https:\/\/cndl.org.br\/varejosa\/wp-json\/wp\/v2\/users\/11"}],"replies":[{"embeddable":true,"href":"https:\/\/cndl.org.br\/varejosa\/wp-json\/wp\/v2\/comments?post=25670"}],"version-history":[{"count":0,"href":"https:\/\/cndl.org.br\/varejosa\/wp-json\/wp\/v2\/posts\/25670\/revisions"}],"wp:featuredmedia":[{"embeddable":true,"href":"https:\/\/cndl.org.br\/varejosa\/wp-json\/wp\/v2\/media\/25677"}],"wp:attachment":[{"href":"https:\/\/cndl.org.br\/varejosa\/wp-json\/wp\/v2\/media?parent=25670"}],"wp:term":[{"taxonomy":"category","embeddable":true,"href":"https:\/\/cndl.org.br\/varejosa\/wp-json\/wp\/v2\/categories?post=25670"},{"taxonomy":"post_tag","embeddable":true,"href":"https:\/\/cndl.org.br\/varejosa\/wp-json\/wp\/v2\/tags?post=25670"}],"curies":[{"name":"wp","href":"https:\/\/api.w.org\/{rel}","templated":true}]}}