{"id":25762,"date":"2024-05-11T12:59:53","date_gmt":"2024-05-11T15:59:53","guid":{"rendered":"https:\/\/cndl.org.br\/varejosa\/?p=25762"},"modified":"2024-05-11T12:59:53","modified_gmt":"2024-05-11T15:59:53","slug":"estrategias-de-negociacao-para-empreendedores-cdl-jovem-realiza-3a-aula-da-trilha-do-conhecimento","status":"publish","type":"post","link":"https:\/\/cndl.org.br\/varejosa\/estrategias-de-negociacao-para-empreendedores-cdl-jovem-realiza-3a-aula-da-trilha-do-conhecimento\/","title":{"rendered":"Estrat\u00e9gias de negocia\u00e7\u00e3o para empreendedores: CDL Jovem realiza 3\u00aa aula da Trilha do Conhecimento"},"content":{"rendered":"<p>No dia 7 de maio, a sede da <a href=\"https:\/\/cdldf.com.br\/\" target=\"_blank\" rel=\"noopener\">CDL DF<\/a> foi palco de uma experi\u00eancia enriquecedora para <a href=\"https:\/\/cndl.org.br\/varejosa\/?city=756\" target=\"_blank\" rel=\"noopener\">empreendedores<\/a>: a 3\u00aa aula da Trilha do Conhecimento, promovida pelo <a href=\"https:\/\/cdljovem.org.br\/\" target=\"_blank\" rel=\"noopener\">CDL Jovem<\/a>. Sob a coordena\u00e7\u00e3o de Hugo Leite, Coordenador da CDL Jovem DF, o evento reuniu uma comunidade \u00e1vida por aprimorar suas habilidades de negocia\u00e7\u00e3o.<\/p>\n<p>O tema em destaque foi &#8220;Estrat\u00e9gias de Negocia\u00e7\u00e3o para Empreendedores&#8221;, e a sess\u00e3o foi conduzida pelo renomado especialista F\u00e1bio Andrade. Os participantes tiveram a oportunidade de mergulhar em uma jornada de aprendizado repleta de insights valiosos.<\/p>\n<p>Hugo Leite ressaltou a import\u00e2ncia de revisitar e relembrar as t\u00e9cnicas de negocia\u00e7\u00e3o, destacando que mesmo os empreendedores mais experientes podem se beneficiar ao aprimorar suas habilidades nessa \u00e1rea. Ele tamb\u00e9m enfatizou a necessidade crucial de compreender a real necessidade do cliente durante o processo de negocia\u00e7\u00e3o, uma habilidade que pode fazer toda a diferen\u00e7a no fechamento de um neg\u00f3cio bem-sucedido.<\/p>\n<p>Durante a aula da Trilha do Conhecimento, F\u00e1bio Andrade enfatizou a import\u00e2ncia da escuta ativa e da formula\u00e7\u00e3o de perguntas relevantes. Al\u00e9m disso, destacou-se a necessidade de gerar valor em cada intera\u00e7\u00e3o, n\u00e3o apenas para os neg\u00f3cios, mas tamb\u00e9m para o desenvolvimento das habilidades pessoais dos empreendedores.<\/p>\n<p>A din\u00e2mica envolvente do evento proporcionou uma experi\u00eancia participativa e interativa para todos os presentes. Os participantes foram incentivados a compartilhar experi\u00eancias, discutir desafios comuns e explorar estrat\u00e9gias pr\u00e1ticas para aplicar em seus pr\u00f3prios empreendimentos.<\/p>\n<p>Ao final da aula, ficou evidente que os participantes sa\u00edram n\u00e3o apenas com novos conhecimentos, mas tamb\u00e9m com um renovado entusiasmo e confian\u00e7a para aplicar as estrat\u00e9gias aprendidas em suas jornadas empreendedoras.<\/p>\n","protected":false},"excerpt":{"rendered":"<p>No dia 7 de maio, a sede da CDL DF foi palco de uma experi\u00eancia enriquecedora para empreendedores: a 3\u00aa aula da Trilha do Conhecimento, promovida pelo CDL Jovem.<\/p>\n","protected":false},"author":19,"featured_media":25767,"comment_status":"closed","ping_status":"closed","sticky":false,"template":"","format":"standard","meta":{"footnotes":""},"categories":[1371],"tags":[2674,1294,5282],"class_list":["post-25762","post","type-post","status-publish","format-standard","has-post-thumbnail","hentry","category-noticias-cndl","tag-cdl-df-2","tag-cdl-jovem","tag-trilha-do-conhecimento"],"_links":{"self":[{"href":"https:\/\/cndl.org.br\/varejosa\/wp-json\/wp\/v2\/posts\/25762","targetHints":{"allow":["GET"]}}],"collection":[{"href":"https:\/\/cndl.org.br\/varejosa\/wp-json\/wp\/v2\/posts"}],"about":[{"href":"https:\/\/cndl.org.br\/varejosa\/wp-json\/wp\/v2\/types\/post"}],"author":[{"embeddable":true,"href":"https:\/\/cndl.org.br\/varejosa\/wp-json\/wp\/v2\/users\/19"}],"replies":[{"embeddable":true,"href":"https:\/\/cndl.org.br\/varejosa\/wp-json\/wp\/v2\/comments?post=25762"}],"version-history":[{"count":0,"href":"https:\/\/cndl.org.br\/varejosa\/wp-json\/wp\/v2\/posts\/25762\/revisions"}],"wp:featuredmedia":[{"embeddable":true,"href":"https:\/\/cndl.org.br\/varejosa\/wp-json\/wp\/v2\/media\/25767"}],"wp:attachment":[{"href":"https:\/\/cndl.org.br\/varejosa\/wp-json\/wp\/v2\/media?parent=25762"}],"wp:term":[{"taxonomy":"category","embeddable":true,"href":"https:\/\/cndl.org.br\/varejosa\/wp-json\/wp\/v2\/categories?post=25762"},{"taxonomy":"post_tag","embeddable":true,"href":"https:\/\/cndl.org.br\/varejosa\/wp-json\/wp\/v2\/tags?post=25762"}],"curies":[{"name":"wp","href":"https:\/\/api.w.org\/{rel}","templated":true}]}}