{"id":25803,"date":"2024-05-15T10:30:24","date_gmt":"2024-05-15T13:30:24","guid":{"rendered":"https:\/\/cndl.org.br\/varejosa\/?p=25803"},"modified":"2024-05-15T10:30:38","modified_gmt":"2024-05-15T13:30:38","slug":"varejo-s-a-podcast-como-os-incentivos-podem-motivar-os-vendedores","status":"publish","type":"post","link":"https:\/\/cndl.org.br\/varejosa\/varejo-s-a-podcast-como-os-incentivos-podem-motivar-os-vendedores\/","title":{"rendered":"Varejo S.A. Podcast: como os incentivos podem motivar os vendedores"},"content":{"rendered":"<p>N\u00e3o h\u00e1 como negar: motivar os vendedores desempenha um papel crucial no sucesso de uma empresa no varejo. Para explorar como os incentivos, pr\u00eamios e reconhecimentos podem impulsionar o desempenho dos colaboradores, o <a href=\"https:\/\/cndl.org.br\/varejosa\/?city=756&amp;city=756&amp;city=756&amp;city=756&amp;city=756&amp;city=756\" target=\"_blank\" rel=\"noopener\">Varejo S.A. Podcast<\/a> bateu um papo com Jansen Moreira, fundador e CEO da incentive.me, uma startup de tecnologia para gest\u00e3o de campanhas de incentivo de vendas.<\/p>\n<p>O especialista destaca que os pr\u00eamios e incentivos desempenham um papel significativo na motiva\u00e7\u00e3o dos vendedores. Segundo uma pesquisa norte-americana citada por Jansen, &#8220;o dinheiro \u00e9 o pr\u00eamio mais desejado pelos vendedores, seguido por um dia de folga e vales, como ingressos ou descontos para eventos.&#8221; No entanto, ele ressalta que n\u00e3o s\u00e3o apenas os pr\u00eamios financeiros que motivam, e sim a aplica\u00e7\u00e3o estrat\u00e9gica dos incentivos.<\/p>\n<p>A personaliza\u00e7\u00e3o dos incentivos de acordo com o perfil e as necessidades individuais dos vendedores \u00e9 fundamental para o sucesso das campanhas de motiva\u00e7\u00e3o.&#8221;Dentro da loja, temos vendedores que est\u00e3o bem e outros que est\u00e3o mal&#8221;, explica Jansen. &#8220;Precisamos indicar o rem\u00e9dio certo para a pessoa correta. N\u00e3o existe um \u00fanico rem\u00e9dio que funcione para todos&#8221;, completa.<\/p>\n<p>Al\u00e9m disso, Jansen enfatiza a import\u00e2ncia de utilizar dados na defini\u00e7\u00e3o das metas e dos pr\u00eamios de incentivo. &#8220;Para usar metas, \u00e9 necess\u00e1rio estar orientado a dados&#8221;, afirma ele. Ao analisar dados de desempenho e comportamento dos vendedores, as empresas podem criar estrat\u00e9gias mais eficazes e direcionadas, aumentando o engajamento e a produtividade da equipe de vendas.<\/p>\n<p>Quer conferir o bate-papo completo e aprender estrat\u00e9gias para motivar os vendedores? Assista no <a href=\"https:\/\/www.youtube.com\/@portalvarejosa?city=756&amp;city=756&amp;city=756&amp;city=756\" target=\"_blank\" rel=\"noopener\">YouTube<\/a>\u00a0ou escute o epis\u00f3dio do Varejo S.A Podcast no seu\u00a0<a href=\"https:\/\/open.spotify.com\/episode\/5z7MVaKSzdBEijhBJFkR5E?si=3a0b87018ed04c61\" target=\"_blank\" rel=\"noopener\">tocador<\/a>\u00a0preferido.<\/p>\n<p><iframe loading=\"lazy\" title=\"YouTube video player\" src=\"https:\/\/www.youtube.com\/embed\/GRRScJvv_xU?si=sW6sfA4W684-3HMi\" width=\"560\" height=\"315\" frameborder=\"0\" allowfullscreen=\"allowfullscreen\"><\/iframe><\/p>\n<p><iframe loading=\"lazy\" style=\"border-radius: 12px;\" src=\"https:\/\/open.spotify.com\/embed\/episode\/5z7MVaKSzdBEijhBJFkR5E?utm_source=generator\" width=\"100%\" height=\"352\" frameborder=\"0\" allowfullscreen=\"allowfullscreen\"><\/iframe><\/p>\n","protected":false},"excerpt":{"rendered":"<p>Neste epis\u00f3dio, Jansen Moreira, fundador e CEO da Incentive.me, startup de tecnologia para gest\u00e3o de campanhas de incentivo de vendas, contou alguns pontos visando o colaborador<\/p>\n","protected":false},"author":33,"featured_media":25807,"comment_status":"closed","ping_status":"closed","sticky":false,"template":"","format":"standard","meta":{"footnotes":""},"categories":[70],"tags":[4553,5269,4977,5067],"class_list":["post-25803","post","type-post","status-publish","format-standard","has-post-thumbnail","hentry","category-destaque","tag-podcast","tag-varejo-podcast-s-a","tag-varejo-s-a-podcast","tag-videocast"],"_links":{"self":[{"href":"https:\/\/cndl.org.br\/varejosa\/wp-json\/wp\/v2\/posts\/25803","targetHints":{"allow":["GET"]}}],"collection":[{"href":"https:\/\/cndl.org.br\/varejosa\/wp-json\/wp\/v2\/posts"}],"about":[{"href":"https:\/\/cndl.org.br\/varejosa\/wp-json\/wp\/v2\/types\/post"}],"author":[{"embeddable":true,"href":"https:\/\/cndl.org.br\/varejosa\/wp-json\/wp\/v2\/users\/33"}],"replies":[{"embeddable":true,"href":"https:\/\/cndl.org.br\/varejosa\/wp-json\/wp\/v2\/comments?post=25803"}],"version-history":[{"count":0,"href":"https:\/\/cndl.org.br\/varejosa\/wp-json\/wp\/v2\/posts\/25803\/revisions"}],"wp:featuredmedia":[{"embeddable":true,"href":"https:\/\/cndl.org.br\/varejosa\/wp-json\/wp\/v2\/media\/25807"}],"wp:attachment":[{"href":"https:\/\/cndl.org.br\/varejosa\/wp-json\/wp\/v2\/media?parent=25803"}],"wp:term":[{"taxonomy":"category","embeddable":true,"href":"https:\/\/cndl.org.br\/varejosa\/wp-json\/wp\/v2\/categories?post=25803"},{"taxonomy":"post_tag","embeddable":true,"href":"https:\/\/cndl.org.br\/varejosa\/wp-json\/wp\/v2\/tags?post=25803"}],"curies":[{"name":"wp","href":"https:\/\/api.w.org\/{rel}","templated":true}]}}