{"id":25879,"date":"2024-05-21T10:18:04","date_gmt":"2024-05-21T13:18:04","guid":{"rendered":"https:\/\/cndl.org.br\/varejosa\/?p=25879"},"modified":"2024-05-21T12:32:29","modified_gmt":"2024-05-21T15:32:29","slug":"sebrae-leva-experiencia-transformadora-para-a-marcha-dos-prefeitos","status":"publish","type":"post","link":"https:\/\/cndl.org.br\/varejosa\/sebrae-leva-experiencia-transformadora-para-a-marcha-dos-prefeitos\/","title":{"rendered":"Sebrae leva experi\u00eancia transformadora para a Marcha dos Prefeitos"},"content":{"rendered":"<p>Maior evento municipalista da Am\u00e9rica Latina, a <a href=\"https:\/\/marcha.cnm.org.br\/\" target=\"_blank\" rel=\"noopener\">XXV Marcha a Bras\u00edlia em Defesa dos Munic\u00edpios<\/a> ser\u00e1 realizada nesta semana, de 20 a 23 de maio, e tem o Sebrae como um dos seus principais patrocinadores. A institui\u00e7\u00e3o leva para a Marcha dos Prefeitos, tradicionalmente reconhecida como um grande encontro de <a href=\"https:\/\/cndl.org.br\/varejosa\/?city=756\" target=\"_blank\" rel=\"noopener\">lideran\u00e7as pol\u00edticas de todo o pa\u00eds<\/a>, sua experi\u00eancia como parceiro dos munic\u00edpios h\u00e1 mais de 20 anos, que come\u00e7ou com um trabalho de implementa\u00e7\u00e3o de pol\u00edticas p\u00fablicas, como a Lei Geral da Micro e Pequena Empresa, evoluindo para o Cidade Empreendedora.<\/p>\n<p>\u201cA Marcha dos Prefeitos \u00e9 antes de tudo um espa\u00e7o de di\u00e1logo entre as esferas municipal e nacional\u201d, enfatiza o presidente do Sebrae, D\u00e9cio Lima.\u00a0&#8220;Mais do que nunca, esse debate \u00e9 necess\u00e1rio. Precisamos nos unir para nos prepararmos e reagirmos \u00e0s mudan\u00e7as clim\u00e1ticas que est\u00e3o modificando a realidade de centenas de munic\u00edpios. Sabemos que as principais pol\u00edticas p\u00fablicas s\u00e3o constru\u00eddas a partir do envolvimento e da mobiliza\u00e7\u00e3o dos cidad\u00e3os que est\u00e3o nos munic\u00edpios&#8221;, completa D\u00e9cio Lima<\/p>\n<p>Por meio do Cidade Empreendedora, o Sebrae trabalha diversas frentes que contribuem para o desenvolvimento local, como a implementa\u00e7\u00e3o da educa\u00e7\u00e3o empreendedora nas escolas, o incentivo para que mais pequenos neg\u00f3cios participem e tenham prioridade nas compras governamentais e a instala\u00e7\u00e3o de Salas do Empreendedor \u2013 j\u00e1 s\u00e3o 3,2 mil apoiadas pelo Sebrae em todas as regi\u00f5es do pa\u00eds e que realizaram, s\u00f3 em 2023, 13 milh\u00f5es de atendimentos.<\/p>\n<p><strong>Cidade Empreendedora<\/strong><\/p>\n<p>O programa tem transformado a realidade local de diversos munic\u00edpios brasileiros por meio de a\u00e7\u00f5es estrat\u00e9gicas em prol do desenvolvimento econ\u00f4mico e social. Organizado em 10 eixos de atua\u00e7\u00e3o, contempla diversas tem\u00e1ticas como desburocratiza\u00e7\u00e3o, empreendedorismo nas escolas, fortalecimento de lideran\u00e7as locais, incentivo \u00e0 cria\u00e7\u00e3o de Salas do Empreendedor, inclus\u00e3o produtiva, gest\u00e3o municipal e conscientiza\u00e7\u00e3o da import\u00e2ncia de que compras governamentais priorizem os pequenos neg\u00f3cios.<\/p>\n<p>Mauricio Tedeschi, coordenador nacional do Cidade Empreendedora, explica que o programa funciona como um hub de relacionamento do Sebrae com os governos municipais.<\/p>\n<p>&#8220;O que a gente faz com o Cidade Empreendedora \u00e9 justamente conversar, se integrar e identificar todas as op\u00e7\u00f5es, metodologias e produtos que o Sebrae tem como um todo que interessem \u00e0quela localidade. N\u00f3s organizamos essas ofertas e levamos para a prefeitura de forma personalizada&#8221;,\u00a0Mauricio Tedeschi, coordenador nacional do Cidade Empreendedora;<\/p>\n<p>Segundo balan\u00e7o realizado no fim de 2023, o Cidade Empreendedora j\u00e1 chegou a mais de 2.400 munic\u00edpios, nas 27 unidades da federa\u00e7\u00e3o, caminhando para o encerramento do primeiro ciclo completo de gest\u00e3o municipal. O Programa Transformar Juntos do Sebrae possui a linha indutora Cidade Empreendedora, cujo desafio \u00e9 estar em 100% dos munic\u00edpios brasileiros com at\u00e9 100 mil habitantes at\u00e9 2026.<\/p>\n<p><strong>Programa\u00e7\u00e3o<\/strong><\/p>\n<p>Al\u00e9m de um estande pr\u00f3prio, o Sebrae ser\u00e1 parceiro da Receita Federal, que estar\u00e1 presente na Marcha dos Prefeitos com uma equipe de especialistas apresentando o trabalho realizado nos Pontos de Atendimento Virtual (PAVs).<\/p>\n<p><strong>Abertura<\/strong><\/p>\n<p>A sess\u00e3o solene de abertura est\u00e1 prevista para ter\u00e7a-feira (21), \u00e0s 9h, com a presen\u00e7a do presidente Luiz In\u00e1cio Lula da Silva e dos presidentes da C\u00e2mara e do Senado, al\u00e9m de ministros e prefeitos de todo o pa\u00eds. Ao todo, s\u00e3o esperadas 2.500 pessoas na cerim\u00f4nia. A expectativa \u00e9 que mais de 5 mil gestores p\u00fablicos compare\u00e7am aos tr\u00eas dias do evento.<\/p>\n","protected":false},"excerpt":{"rendered":"<p>A 25\u00aa edi\u00e7\u00e3o do evento deve reunir mais de 5 mil gestores p\u00fablicos em Bras\u00edlia no per\u00edodo <\/p>\n","protected":false},"author":11,"featured_media":25885,"comment_status":"closed","ping_status":"closed","sticky":false,"template":"","format":"standard","meta":{"footnotes":""},"categories":[101],"tags":[317,5318,289],"class_list":["post-25879","post","type-post","status-publish","format-standard","has-post-thumbnail","hentry","category-tendencias","tag-empreendedorismo","tag-marcha-dos-prefeitos","tag-sebrae"],"_links":{"self":[{"href":"https:\/\/cndl.org.br\/varejosa\/wp-json\/wp\/v2\/posts\/25879","targetHints":{"allow":["GET"]}}],"collection":[{"href":"https:\/\/cndl.org.br\/varejosa\/wp-json\/wp\/v2\/posts"}],"about":[{"href":"https:\/\/cndl.org.br\/varejosa\/wp-json\/wp\/v2\/types\/post"}],"author":[{"embeddable":true,"href":"https:\/\/cndl.org.br\/varejosa\/wp-json\/wp\/v2\/users\/11"}],"replies":[{"embeddable":true,"href":"https:\/\/cndl.org.br\/varejosa\/wp-json\/wp\/v2\/comments?post=25879"}],"version-history":[{"count":0,"href":"https:\/\/cndl.org.br\/varejosa\/wp-json\/wp\/v2\/posts\/25879\/revisions"}],"wp:featuredmedia":[{"embeddable":true,"href":"https:\/\/cndl.org.br\/varejosa\/wp-json\/wp\/v2\/media\/25885"}],"wp:attachment":[{"href":"https:\/\/cndl.org.br\/varejosa\/wp-json\/wp\/v2\/media?parent=25879"}],"wp:term":[{"taxonomy":"category","embeddable":true,"href":"https:\/\/cndl.org.br\/varejosa\/wp-json\/wp\/v2\/categories?post=25879"},{"taxonomy":"post_tag","embeddable":true,"href":"https:\/\/cndl.org.br\/varejosa\/wp-json\/wp\/v2\/tags?post=25879"}],"curies":[{"name":"wp","href":"https:\/\/api.w.org\/{rel}","templated":true}]}}