{"id":25881,"date":"2024-05-27T14:00:32","date_gmt":"2024-05-27T17:00:32","guid":{"rendered":"https:\/\/cndl.org.br\/varejosa\/?p=25881"},"modified":"2026-01-29T10:18:08","modified_gmt":"2026-01-29T13:18:08","slug":"conheca-as-medidas-adotadas-para-apoiar-os-empreendedores-gauchos-que-enfrentam-a-tragedia-das-enchentes","status":"publish","type":"post","link":"https:\/\/cndl.org.br\/varejosa\/conheca-as-medidas-adotadas-para-apoiar-os-empreendedores-gauchos-que-enfrentam-a-tragedia-das-enchentes\/","title":{"rendered":"Conhe\u00e7a as medidas adotadas para apoiar os empreendedores ga\u00fachos que enfrentam a trag\u00e9dia das enchentes"},"content":{"rendered":"<p>Uma s\u00e9rie de a\u00e7\u00f5es t\u00eam sido anunciadas nos \u00faltimos dias para apoiar os <a href=\"https:\/\/site.cndl.org.br\/\" target=\"_blank\" rel=\"noopener\">empres\u00e1rios<\/a> ga\u00fachos diante das enchentes que atingem 414 cidades do Rio Grande do Sul. O governo federal informou que novas as novas medidas adotadas ser\u00e3o implementadas para impulsionar o consumo e o cr\u00e9dito no estado, como a antecipa\u00e7\u00e3o de <a href=\"https:\/\/cndl.org.br\/varejosa\/?city=756\" target=\"_blank\" rel=\"noopener\">pagamentos<\/a> do Bolsa Fam\u00edlia, do aux\u00edlio g\u00e1s e da restitui\u00e7\u00e3o do imposto de renda para a popula\u00e7\u00e3o local.<\/p>\n<p>J\u00e1 para os donos dos pequenos neg\u00f3cios, foram feitos o aporte de recursos para impulsionar o cr\u00e9dito, a prorroga\u00e7\u00e3o do prazo para recolhimento de impostos federais e a amplia\u00e7\u00e3o do acesso a empr\u00e9stimos em bancos p\u00fablicos. O Sebrae \u00e9 parceiro dos governos federal e estadual nas a\u00e7\u00f5es para reerguer o setor no estado.<\/p>\n<p>&#8220;As medidas adotadas do governo federal nas quais estamos participando, sobretudo no alcance daquilo que representamos, que s\u00e3o os pequenos neg\u00f3cios, s\u00e3o fundamentais para este momento da trag\u00e9dia que estamos acompanhando no estado do Rio Grande do Sul. Podem ter certeza de que a responsabilidade daquilo que cabe a n\u00f3s, do Sebrae, e ao presidente Lula e o vice-presidente Geraldo Alckmin est\u00e1 em perfeita sinergia&#8221;, D\u00e9cio Lima, presidente do Sebrae.<\/p>\n<p>O presidente do Sebrae destacou ainda que as a\u00e7\u00f5es est\u00e3o \u00e0 altura daquilo que o Brasil pode fazer para abra\u00e7ar o povo do Rio Grande do Sul neste momento t\u00e3o dif\u00edcil. \u201c\u00c9 importante dizer que voc\u00eas n\u00e3o est\u00e3o sozinhos. O Brasil est\u00e1 dando a sua contribui\u00e7\u00e3o e abra\u00e7ando todos voc\u00eas para rapidamente voltarmos \u00e0 normalidade\u201d, completou D\u00e9cio Lima.<\/p>\n<p><strong>Confira as principais a\u00e7\u00f5es para empreendedores:<\/strong><\/p>\n<ol>\n<li>Cr\u00e9dito: aporte de R$ 4,5 bilh\u00f5es em recursos do Fundo Garantidor de Opera\u00e7\u00f5es para permitir a libera\u00e7\u00e3o de R$ 30 bilh\u00f5es em cr\u00e9dito a micro e pequenas empresas;<\/li>\n<li>Desconto para empr\u00e9stimos: libera\u00e7\u00e3o de R$ 1 bilh\u00e3o para concess\u00e3o de descontos em juros de empr\u00e9stimos feitos via Pronampe;<\/li>\n<li>Cr\u00e9dito: aporte de R$ 500 milh\u00f5es no Fundo Garantidor de Investimentos (FGI) para conceder cr\u00e9dito de at\u00e9 R$ 5 bilh\u00f5es a empresas, por meio do Programa Emergencial de Acesso ao Cr\u00e9dito;<\/li>\n<li>Receita Federal: prorroga\u00e7\u00e3o, por no m\u00ednimo tr\u00eas meses, do prazo de recolhimento de impostos federais e do Simples Nacional;<\/li>\n<li>Imposto de Renda: prorrogado at\u00e9 31 de agosto.<\/li>\n<li>Certid\u00e3o Negativa: dispensa para concess\u00e3o de empr\u00e9stimos em bancos p\u00fablicos;<\/li>\n<li>Cr\u00e9dito do Sebrae: prioridade para atender os empreendedores ga\u00fachos. S\u00e3o R$ 2 bilh\u00f5es no fundo, o que possibilitar\u00e1 R$ 30 bilh\u00f5es em empr\u00e9stimos;<\/li>\n<li>Levantamento: diagn\u00f3stico sobre o impacto das enchentes nos pequenos neg\u00f3cios locais;<\/li>\n<li>Suspens\u00e3o no pagamento de d\u00edvidas pelo Banco Nacional de Desenvolvimento Econ\u00f4mico e Social (BNDES);<\/li>\n<li>R$ 50,9 bilh\u00f5es para auxiliar fam\u00edlias, trabalhadores rurais, empresas e munic\u00edpios no Rio Grande do Sul \u2013 as medidas acima citadas j\u00e1 integram esse montante e se somam \u00e0 restitui\u00e7\u00e3o do IR, abono salarial, FGTS, entre outros.<\/li>\n<\/ol>\n","protected":false},"excerpt":{"rendered":"<p>A estimativa preliminar \u00e9 que pelo menos 700 mil pequenos neg\u00f3cios tenham sido afetados at\u00e9 o momento<\/p>\n","protected":false},"author":11,"featured_media":25887,"comment_status":"closed","ping_status":"closed","sticky":false,"template":"","format":"standard","meta":{"footnotes":""},"categories":[5891],"tags":[247,317,4466,5319,303,5284],"class_list":["post-25881","post","type-post","status-publish","format-standard","has-post-thumbnail","hentry","category-empreendedorismo","tag-comercio","tag-empreendedorismo","tag-enchentes","tag-fundo-garantidor-de-operacoes","tag-mpes","tag-rio-grande-do-sul"],"_links":{"self":[{"href":"https:\/\/cndl.org.br\/varejosa\/wp-json\/wp\/v2\/posts\/25881","targetHints":{"allow":["GET"]}}],"collection":[{"href":"https:\/\/cndl.org.br\/varejosa\/wp-json\/wp\/v2\/posts"}],"about":[{"href":"https:\/\/cndl.org.br\/varejosa\/wp-json\/wp\/v2\/types\/post"}],"author":[{"embeddable":true,"href":"https:\/\/cndl.org.br\/varejosa\/wp-json\/wp\/v2\/users\/11"}],"replies":[{"embeddable":true,"href":"https:\/\/cndl.org.br\/varejosa\/wp-json\/wp\/v2\/comments?post=25881"}],"version-history":[{"count":0,"href":"https:\/\/cndl.org.br\/varejosa\/wp-json\/wp\/v2\/posts\/25881\/revisions"}],"wp:featuredmedia":[{"embeddable":true,"href":"https:\/\/cndl.org.br\/varejosa\/wp-json\/wp\/v2\/media\/25887"}],"wp:attachment":[{"href":"https:\/\/cndl.org.br\/varejosa\/wp-json\/wp\/v2\/media?parent=25881"}],"wp:term":[{"taxonomy":"category","embeddable":true,"href":"https:\/\/cndl.org.br\/varejosa\/wp-json\/wp\/v2\/categories?post=25881"},{"taxonomy":"post_tag","embeddable":true,"href":"https:\/\/cndl.org.br\/varejosa\/wp-json\/wp\/v2\/tags?post=25881"}],"curies":[{"name":"wp","href":"https:\/\/api.w.org\/{rel}","templated":true}]}}