{"id":25928,"date":"2024-05-23T10:33:26","date_gmt":"2024-05-23T13:33:26","guid":{"rendered":"https:\/\/cndl.org.br\/varejosa\/?p=25928"},"modified":"2024-05-23T10:34:47","modified_gmt":"2024-05-23T13:34:47","slug":"executivo-da-globo-debate-sobre-economia-prateada-e-acessibilidade-digital","status":"publish","type":"post","link":"https:\/\/cndl.org.br\/varejosa\/executivo-da-globo-debate-sobre-economia-prateada-e-acessibilidade-digital\/","title":{"rendered":"Executivo da Globo debate sobre economia prateada e acessibilidade digital"},"content":{"rendered":"<p>No segundo dia do Digitail Conference 2024, Renan Blanco, diretor de neg\u00f3cios e varejo da Globo, subiu ao palco para <a href=\"https:\/\/cndl.org.br\/varejosa\/?city=756\" target=\"_blank\" rel=\"noopener\">discutir um tema<\/a> cada vez mais relevante no mercado: a economia prateada e a acessibilidade digital. Sua palestra trouxe \u00e0 tona pontos cruciais sobre o comportamento de consumo da gera\u00e7\u00e3o mais velha e como a inova\u00e7\u00e3o e a acessibilidade podem transformar suas experi\u00eancias de compra.<\/p>\n<p>Renan iniciou sua apresenta\u00e7\u00e3o enfatizando a rela\u00e7\u00e3o entre inova\u00e7\u00e3o e capacidade de investimento. Ele explicou que consumidores est\u00e3o mais dispostos a arriscar em compras de menor valor agregado, pois o risco percebido \u00e9 baixo. No entanto, \u00e0 medida que o valor do ticket aumenta, a decis\u00e3o de compra se torna mais cautelosa. Esse comportamento \u00e9 especialmente relevante para a gera\u00e7\u00e3o prateada, que busca seguran\u00e7a em suas transa\u00e7\u00f5es. &#8220;Inovar est\u00e1 relacionado com a capacidade de investimento. Se eu tenho uma tomada de decis\u00e3o de um item que tem menor valor agregado para a minha realidade, eu me arrisco a comprar&#8221;, contou.<\/p>\n<p>Ao analisar o consumo geral da internet, Renan destacou que o comportamento de diferentes gera\u00e7\u00f5es \u00e9 semelhante em muitos aspectos, mas as motiva\u00e7\u00f5es para a compra variam significativamente. Para a gera\u00e7\u00e3o mais velha, o pre\u00e7o \u00e9 um fator determinante, mas a conveni\u00eancia de receber produtos em casa sem necessidade de deslocamento \u00e9 igualmente importante. \u201cA rapidez na entrega \u00e9 crucial para essa gera\u00e7\u00e3o\u201d, observou Renan, apontando que a efici\u00eancia log\u00edstica pode ser um fator decisivo na atra\u00e7\u00e3o e reten\u00e7\u00e3o desses consumidores.<\/p>\n<p>Renan tamb\u00e9m enfatizou a import\u00e2ncia da credibilidade para a gera\u00e7\u00e3o prateada. Eles preferem comprar em sites de marcas estabelecidas e s\u00e3o menos propensos a realizar compras atrav\u00e9s de redes sociais. \u201cA confian\u00e7a na marca \u00e9 fundamental\u201d, destacou, sublinhando que a transpar\u00eancia e a reputa\u00e7\u00e3o das empresas desempenham um papel central na decis\u00e3o de compra.<\/p>\n<p>A palestra deo executivo da Globo elucidou como as empresas podem adaptar suas estrat\u00e9gias de marketing e vendas para melhor atender \u00e0s necessidades da gera\u00e7\u00e3o prateada. Ao focar na conveni\u00eancia, rapidez e credibilidade, as marcas podem n\u00e3o apenas conquistar, mas tamb\u00e9m fidelizar esse segmento crescente e significativo do mercado. A combina\u00e7\u00e3o de acessibilidade digital e uma abordagem personalizada pode ser a chave para desbloquear o potencial da economia prateada.<\/p>\n<p><strong>Digitail Conference 2024<\/strong><\/p>\n<p>O\u00a0<a href=\"https:\/\/www.digitailconf.com.br\/?city=756\" target=\"_blank\" rel=\"noopener\">Digitail Conference<\/a>\u00a0foi realizado pela Gouv\u00eaa Experience, com a\u00a0<a href=\"https:\/\/site.cndl.org.br\/?city=756\" target=\"_blank\" rel=\"noopener\">CNDL<\/a>\u00a0como associa\u00e7\u00e3o parceira. O evento destaca as principais solu\u00e7\u00f5es digitais que est\u00e3o transformando o mercado e oferecendo novas oportunidades para neg\u00f3cios de todos os portes.<\/p>\n","protected":false},"excerpt":{"rendered":"<p>Renan Blanco, diretor de neg\u00f3cios e varejo da Globo, participou do Digitail Conference 2024<\/p>\n","protected":false},"author":33,"featured_media":25929,"comment_status":"closed","ping_status":"closed","sticky":false,"template":"","format":"standard","meta":{"footnotes":""},"categories":[1400,26],"tags":[1459,341,5325,618,5326,360,1516,249],"class_list":["post-25928","post","type-post","status-publish","format-standard","has-post-thumbnail","hentry","category-editoriais","category-negocios-e-economia","tag-digitail","tag-economia","tag-economia-prateada","tag-financas","tag-globo","tag-negocios","tag-tendencias","tag-varejo"],"_links":{"self":[{"href":"https:\/\/cndl.org.br\/varejosa\/wp-json\/wp\/v2\/posts\/25928","targetHints":{"allow":["GET"]}}],"collection":[{"href":"https:\/\/cndl.org.br\/varejosa\/wp-json\/wp\/v2\/posts"}],"about":[{"href":"https:\/\/cndl.org.br\/varejosa\/wp-json\/wp\/v2\/types\/post"}],"author":[{"embeddable":true,"href":"https:\/\/cndl.org.br\/varejosa\/wp-json\/wp\/v2\/users\/33"}],"replies":[{"embeddable":true,"href":"https:\/\/cndl.org.br\/varejosa\/wp-json\/wp\/v2\/comments?post=25928"}],"version-history":[{"count":0,"href":"https:\/\/cndl.org.br\/varejosa\/wp-json\/wp\/v2\/posts\/25928\/revisions"}],"wp:featuredmedia":[{"embeddable":true,"href":"https:\/\/cndl.org.br\/varejosa\/wp-json\/wp\/v2\/media\/25929"}],"wp:attachment":[{"href":"https:\/\/cndl.org.br\/varejosa\/wp-json\/wp\/v2\/media?parent=25928"}],"wp:term":[{"taxonomy":"category","embeddable":true,"href":"https:\/\/cndl.org.br\/varejosa\/wp-json\/wp\/v2\/categories?post=25928"},{"taxonomy":"post_tag","embeddable":true,"href":"https:\/\/cndl.org.br\/varejosa\/wp-json\/wp\/v2\/tags?post=25928"}],"curies":[{"name":"wp","href":"https:\/\/api.w.org\/{rel}","templated":true}]}}