{"id":25967,"date":"2024-07-12T08:34:08","date_gmt":"2024-07-12T11:34:08","guid":{"rendered":"https:\/\/cndl.org.br\/varejosa\/?p=25967"},"modified":"2024-07-09T18:36:34","modified_gmt":"2024-07-09T21:36:34","slug":"jansen-moreira","status":"publish","type":"post","link":"https:\/\/cndl.org.br\/varejosa\/jansen-moreira\/","title":{"rendered":"Ele largou a CLT e fundou uma startup focada em incentivar equipes de vendas"},"content":{"rendered":"<p>Formado em desenho industrial, onde desenvolveu habilidades para criar <a href=\"https:\/\/cndl.org.br\/varejosa\/?city=756\" target=\"_blank\" rel=\"noopener\">solu\u00e7\u00f5es<\/a> inovadoras, Jansen Moreira sempre teve um apre\u00e7o por tecnologia. Logo ap\u00f3s um interc\u00e2mbio na Su\u00e9cia, com uma bolsa concedida pela Rainha S\u00edlvia, migrou para o setor de vendas de celulares e fundou a marca Niivo na China, antes ainda da &#8220;era dos smartphones&#8221;. Embora a Niivo tenha sofrido com problemas de fluxo de caixa, a experi\u00eancia foi um aprendizado valioso. Em seguida, Jansen ingressou na Huawei, gerenciando grandes contas na venda de smartphones para o varejo. Esta experi\u00eancia revelou a necessidade de campanhas de incentivo de vendas mais eficientes, o que o levou a fundar, h\u00e1 sete anos, a <a href=\"https:\/\/incentive.me\/\" target=\"_blank\" rel=\"noopener\">Incentive.me<\/a>.<\/p>\n<p><strong>A decis\u00e3o de empreender<\/strong><\/p>\n<p>Para Jansen, o grande decis\u00e3o de sua carreira foi a coragem de sair da suposta seguran\u00e7a da CLT e fundar a Incentive.me, startup de tecnologia para gest\u00e3o de campanhas de incentivo de vendas. Assumir a responsabilidade de criar e gerir um neg\u00f3cio trouxe uma nova gama de desafios e oportunidades, permitindo-lhe focar exclusivamente no sucesso da empresa e enfrentar uma s\u00e9rie de responsabilidades, desde a gest\u00e3o de pessoas at\u00e9 a estrat\u00e9gia de crescimento.<\/p>\n<p>Hoje, a marca possui um bom e cont\u00ednuo crescimento anual, exigindo o empres\u00e1rio uma adapta\u00e7\u00e3o constante de sua lideran\u00e7a para estar \u00e0 altura das novas demandas e compromissos, um processo que Jansen abra\u00e7a com entusiasmo e dedica\u00e7\u00e3o.<\/p>\n<p>Um dos projetos mais significativos liderados por Jansen \u00e9 o Notifica.a\u00ed, que integra o ChatGPT com o disparador omnicanal de mensagens da empresa. Esta iniciativa destacou-se por sua inova\u00e7\u00e3o, melhorando significativamente a comunica\u00e7\u00e3o e o engajamento com os clientes.<\/p>\n<p><strong>Desafios do varejo<\/strong><\/p>\n<p>O CEO acredita que os maiores desafios do varejo incluem a sobreviv\u00eancia financeira dos empreendedores em um ecossistema econ\u00f4mico complicado. Embora o setor distribua uma grande quantidade de dinheiro para uma rede de fornecedores, muitas vezes sobra muito pouco para os pr\u00f3prios varejistas.<\/p>\n<p>Al\u00e9m disso, ele observa a necessidade de adapta\u00e7\u00e3o r\u00e1pida \u00e0s mudan\u00e7as tecnol\u00f3gicas e comportamentais dos consumidores \u00e9 crucial para garantir uma experi\u00eancia de compra fluida e integrada em m\u00faltiplos canais.<\/p>\n<p>Como exemplo desse adequamento, Jansen tem como refer\u00eancia a mudan\u00e7a da experi\u00eancia do cliente, especialmente devido ao papel central dos smartphones no comportamento humano. Desde a Web 1.0 at\u00e9 o live commerce popularizado pelo TikTok, a intera\u00e7\u00e3o dos consumidores com as marcas evoluiu constantemente. Grandes marketplaces como Amazon e Mercado Livre redefiniram a efici\u00eancia log\u00edstica, enquanto enfrentam cr\u00edticas por canibalizarem produtos de sucesso. A adapta\u00e7\u00e3o a essas mudan\u00e7as \u00e9 essencial para o sucesso cont\u00ednuo no varejo.<\/p>\n<h3 style=\"text-align: center;\">Frase inspiradora<\/h3>\n<h3 style=\"text-align: center;\">&#8220;CNPJs n\u00e3o batem metas, pessoas sim&#8221;<\/h3>\n<p><strong>Participa\u00e7\u00e3o no Omnivarejo<\/strong><\/p>\n<p>No evento \u201c<a href=\"https:\/\/omnivarejo2024.com.br\/?city=756&amp;city=756&amp;city=756\" target=\"_blank\" rel=\"noopener\">Omnivarejo: uma nova experi\u00eancia nas rela\u00e7\u00f5es de consumo<\/a>\u201c, Jansen Moreira promete discutir a conex\u00e3o entre a ind\u00fastria e o varejo, enfatizando a import\u00e2ncia da transpar\u00eancia e parceria para o investimento e sucesso m\u00fatuo. Ele tamb\u00e9m vai apresentar tend\u00eancias em tecnologia e como elas podem transformar a experi\u00eancia do cliente e otimizar opera\u00e7\u00f5es no varejo.<\/p>\n","protected":false},"excerpt":{"rendered":"<p>Jansen Moreira, CEO da startup de tecnologia Incentive.me, estar\u00e1 presente no Omnivarejo 2024<\/p>\n","protected":false},"author":33,"featured_media":26352,"comment_status":"closed","ping_status":"closed","sticky":false,"template":"","format":"standard","meta":{"footnotes":""},"categories":[70],"tags":[279,247,4453,5400,1605,249],"class_list":["post-25967","post","type-post","status-publish","format-standard","has-post-thumbnail","hentry","category-destaque","tag-cndl","tag-comercio","tag-evento","tag-incentive-me","tag-omnivarejo","tag-varejo"],"_links":{"self":[{"href":"https:\/\/cndl.org.br\/varejosa\/wp-json\/wp\/v2\/posts\/25967","targetHints":{"allow":["GET"]}}],"collection":[{"href":"https:\/\/cndl.org.br\/varejosa\/wp-json\/wp\/v2\/posts"}],"about":[{"href":"https:\/\/cndl.org.br\/varejosa\/wp-json\/wp\/v2\/types\/post"}],"author":[{"embeddable":true,"href":"https:\/\/cndl.org.br\/varejosa\/wp-json\/wp\/v2\/users\/33"}],"replies":[{"embeddable":true,"href":"https:\/\/cndl.org.br\/varejosa\/wp-json\/wp\/v2\/comments?post=25967"}],"version-history":[{"count":0,"href":"https:\/\/cndl.org.br\/varejosa\/wp-json\/wp\/v2\/posts\/25967\/revisions"}],"wp:featuredmedia":[{"embeddable":true,"href":"https:\/\/cndl.org.br\/varejosa\/wp-json\/wp\/v2\/media\/26352"}],"wp:attachment":[{"href":"https:\/\/cndl.org.br\/varejosa\/wp-json\/wp\/v2\/media?parent=25967"}],"wp:term":[{"taxonomy":"category","embeddable":true,"href":"https:\/\/cndl.org.br\/varejosa\/wp-json\/wp\/v2\/categories?post=25967"},{"taxonomy":"post_tag","embeddable":true,"href":"https:\/\/cndl.org.br\/varejosa\/wp-json\/wp\/v2\/tags?post=25967"}],"curies":[{"name":"wp","href":"https:\/\/api.w.org\/{rel}","templated":true}]}}