{"id":26107,"date":"2024-06-12T11:15:14","date_gmt":"2024-06-12T14:15:14","guid":{"rendered":"https:\/\/cndl.org.br\/varejosa\/?p=26107"},"modified":"2024-06-10T15:38:32","modified_gmt":"2024-06-10T18:38:32","slug":"campanha-da-federacao-varejista-do-rs-estimula-a-compra-e-a-preferencia-pelos-produtos-gauchos-contra-a-crise-das-cheias","status":"publish","type":"post","link":"https:\/\/cndl.org.br\/varejosa\/campanha-da-federacao-varejista-do-rs-estimula-a-compra-e-a-preferencia-pelos-produtos-gauchos-contra-a-crise-das-cheias\/","title":{"rendered":"Campanha da Federa\u00e7\u00e3o Varejista do RS estimula a compra e a prefer\u00eancia pelos produtos ga\u00fachos contra a crise das cheias"},"content":{"rendered":"<p>A Federa\u00e7\u00e3o <a href=\"https:\/\/cndl.org.br\/varejosa\/?city=756\" target=\"_blank\" rel=\"noopener\">Varejista<\/a> do RS, em conjunto com as cadeias associativas das <a href=\"https:\/\/site.cndl.org.br\/\" target=\"_blank\" rel=\"noopener\">c\u00e2maras<\/a> de dirigentes lojistas (CDL), lan\u00e7a uma forte campanha de incentivo para que o consumidor, ga\u00facho e do restante do pa\u00eds, escolha marcas ga\u00fachas no momento de comprar. Com frases como &#8220;Apoie as marcas ga\u00fachas&#8221;, &#8220;Compre do ga\u00facho&#8221; ou &#8220;Escolha marcas ga\u00fachas&#8221;, a proposta \u00e9 mobilizar o pa\u00eds para a manuten\u00e7\u00e3o da produ\u00e7\u00e3o e do com\u00e9rcio no Rio Grande do Sul ap\u00f3s a cat\u00e1strofe clim\u00e1tica vivenciada no m\u00eas de maio. A iniciativa iniciou com \u00eanfase nas redes sociais.<\/p>\n<p>A partir deste movimento, a inten\u00e7\u00e3o da Federa\u00e7\u00e3o \u00e9 garantir empregos e renda no Estado. Recente levantamento da Fiergs apontou que nove entre dez empresas ga\u00fachas foram, de alguma maneira, afetadas pelas cheias. No caso do com\u00e9rcio varejista, dados do governo estadual apontam que, no \u00faltimo ano, o setor que representa 13% do PIB ga\u00facho, movimentou mais de R$ 200 bilh\u00f5es no Rio Grande do Sul. Somente em mar\u00e7o, o setor contratou quase 40 mil pessoas no Estado, e com a calamidade, que foi decretada em 46 munic\u00edpios, onde est\u00e1 concentrado mais de 40% do PIB do Rio Grande do Sul, esta importante fonte de renda est\u00e1 arriscada.<\/p>\n<p>Esta \u00e9 mais uma frente de a\u00e7\u00e3o da Federa\u00e7\u00e3o Varejista durante a crise provocada pelas cheias. H\u00e1 outras duas campanhas apoiadas pela entidade para garantir donativos \u00e0s comunidades atingidas. O &#8220;Reergue RS&#8221; j\u00e1 arrecadou e distribuiu mais de 6,5 mil cobertores e pe\u00e7as \u00edntimas aos mais de 650 abrigados. A mobiliza\u00e7\u00e3o, que conta com a\u00e7\u00e3o direta das CDLs ga\u00fachas, recebe tamb\u00e9m donativos pelo PIX (<a href=\"mailto:doacao@federacaovarejista.com.br\">doacao@federacaovarejista.com.br<\/a>).<\/p>\n<p>H\u00e1, tamb\u00e9m, o &#8220;Movimento pelo RS&#8221;, que conta com o apoio e arrecada\u00e7\u00f5es em provas do automobilismo brasileiro, especialmente a Stock Car. Para que se tenha uma ideia, na corrida, em Cascavel, no Paran\u00e1 foram garantidas duas carretas em donativos para os ga\u00fachos. A inten\u00e7\u00e3o desta campanha \u00e9 garantir a movimenta\u00e7\u00e3o de estabelecimentos comerciais locais, por meio do fornecimento de materiais, que assegurem a manuten\u00e7\u00e3o de empregos e renda nas cidades atingidas. O Movimento pelo RS tamb\u00e9m recebe donativos via PIX (<a href=\"mailto:doe@movimentopelors.com.br\">doe@movimentopelors.com.br<\/a>). A meta \u00e9 garantir um fundo de R$ 2 milh\u00f5es para apoio ao setor do com\u00e9rcio.<\/p>\n","protected":false},"excerpt":{"rendered":"<p>A proposta \u00e9 mobilizar o pa\u00eds para a manuten\u00e7\u00e3o da produ\u00e7\u00e3o e do com\u00e9rcio no Rio Grande do Sul ap\u00f3s a cat\u00e1strofe clim\u00e1tica<\/p>\n","protected":false},"author":18,"featured_media":26108,"comment_status":"closed","ping_status":"closed","sticky":false,"template":"","format":"standard","meta":{"footnotes":""},"categories":[1371],"tags":[5312,2591,4647,5284],"class_list":["post-26107","post","type-post","status-publish","format-standard","has-post-thumbnail","hentry","category-noticias-cndl","tag-campanha","tag-cdl","tag-fcdl","tag-rio-grande-do-sul"],"_links":{"self":[{"href":"https:\/\/cndl.org.br\/varejosa\/wp-json\/wp\/v2\/posts\/26107","targetHints":{"allow":["GET"]}}],"collection":[{"href":"https:\/\/cndl.org.br\/varejosa\/wp-json\/wp\/v2\/posts"}],"about":[{"href":"https:\/\/cndl.org.br\/varejosa\/wp-json\/wp\/v2\/types\/post"}],"author":[{"embeddable":true,"href":"https:\/\/cndl.org.br\/varejosa\/wp-json\/wp\/v2\/users\/18"}],"replies":[{"embeddable":true,"href":"https:\/\/cndl.org.br\/varejosa\/wp-json\/wp\/v2\/comments?post=26107"}],"version-history":[{"count":0,"href":"https:\/\/cndl.org.br\/varejosa\/wp-json\/wp\/v2\/posts\/26107\/revisions"}],"wp:featuredmedia":[{"embeddable":true,"href":"https:\/\/cndl.org.br\/varejosa\/wp-json\/wp\/v2\/media\/26108"}],"wp:attachment":[{"href":"https:\/\/cndl.org.br\/varejosa\/wp-json\/wp\/v2\/media?parent=26107"}],"wp:term":[{"taxonomy":"category","embeddable":true,"href":"https:\/\/cndl.org.br\/varejosa\/wp-json\/wp\/v2\/categories?post=26107"},{"taxonomy":"post_tag","embeddable":true,"href":"https:\/\/cndl.org.br\/varejosa\/wp-json\/wp\/v2\/tags?post=26107"}],"curies":[{"name":"wp","href":"https:\/\/api.w.org\/{rel}","templated":true}]}}