{"id":26370,"date":"2024-07-20T14:07:34","date_gmt":"2024-07-20T17:07:34","guid":{"rendered":"https:\/\/cndl.org.br\/varejosa\/?p=26370"},"modified":"2024-07-02T11:40:07","modified_gmt":"2024-07-02T14:40:07","slug":"o-consumidor-dita-as-tendencias-das-embalagens","status":"publish","type":"post","link":"https:\/\/cndl.org.br\/varejosa\/o-consumidor-dita-as-tendencias-das-embalagens\/","title":{"rendered":"O consumidor dita as tend\u00eancias das embalagens"},"content":{"rendered":"<p>O <a href=\"https:\/\/cndl.org.br\/varejosa\/?city=756\" target=\"_blank\" rel=\"noopener\">mercado<\/a> de embalagens est\u00e1 em constante evolu\u00e7\u00e3o, <a href=\"https:\/\/site.cndl.org.br\/\" target=\"_blank\" rel=\"noopener\">impulsionado<\/a> por inova\u00e7\u00f5es tecnol\u00f3gicas e mudan\u00e7as no comportamento dos consumidores, que est\u00e1 cada vez mais cr\u00edtico e atento. Isso impacta toda cadeia de desenvolvimento, definindo novos produtos, jornada de compra e experi\u00eancia dos consumidores.<\/p>\n<p>Segundo o Instituto de Embalagens, a ind\u00fastria brasileira est\u00e1 se adaptando rapidamente para atender essas demandas e tend\u00eancias que j\u00e1 s\u00e3o internacionalmente aplicadas. \u201cComo exemplo da tend\u00eancia de sa\u00fade e bem-estar do consumidor, no nosso pa\u00eds as embalagens a v\u00e1cuo s\u00e3o muito utilizadas para ampliar o shelf-life (prazo de validade) dos alimentos. J\u00e1 as embalagens monodoses s\u00e3o adotadas para oferecer praticidade e conveni\u00eancia. Embalagens com conte\u00fado reciclado ou com peso reduzido promovem a economia circular e o consumo consciente. Esse desenvolvimento deve considerar o mercado local, as regulamenta\u00e7\u00f5es ambientais e as prefer\u00eancias dos consumidores brasileiros\u201d, destaca Assunta Napolitano Camilo &#8211; Diretora do Instituto de Embalagens.<\/p>\n<p>Essas tend\u00eancias podem ser divididas em quatro grandes grupos: sa\u00fade e bem-estar, estilo, conveni\u00eancia e sustentabilidade.<\/p>\n<p>A tend\u00eancia ligada \u00e0 sa\u00fade e ao bem-estar significa a busca por produtos mais naturais, uma alimenta\u00e7\u00e3o saud\u00e1vel, suplementos alimentares, conforto e equil\u00edbrio mental e emocional. Al\u00e9m disso, os consumidores est\u00e3o cada vez mais preocupados com a seguran\u00e7a alimentar e bem-estar f\u00edsico e mental.<\/p>\n<p>Quando falamos de estilo, embalagens atrativas e que promovem experi\u00eancias sensoriais fazem a diferen\u00e7a. A Diretora do Instituto de Embalagens, Assunta Napolitano Camilo, ressalta ainda que al\u00e9m de glamour e status \u00e9 preciso que as embalagens resgatem hist\u00f3rias e mem\u00f3rias afetivas. Segunda ela, embalagens que encantam e engajam, tornam seus consumidores f\u00e3s da marca.<\/p>\n<p>Segundo um estudo da CNI (Confedera\u00e7\u00e3o Nacional das Ind\u00fastrias), entre produtos semelhantes, o consumidor tende a escolher aquele que possui a embalagem mais atraente e pr\u00e1tica. Por isso, embalagens pr\u00e1ticas e convenientes, com tampas abre f\u00e1cil, ergon\u00f4micas, uso de tecnologia e de plataformas inteligentes promovem intera\u00e7\u00e3o. O consumidor pede cada vez mais produtos que se adaptem \u00e0s exig\u00eancias e proporcionem efici\u00eancia \u00e0 rotina.<\/p>\n<p>A preocupa\u00e7\u00e3o com a quest\u00e3o ambiental tem crescido \u00e0 medida que as informa\u00e7\u00f5es sobre o avan\u00e7o do problema s\u00e3o compartilhadas e reconhecidas pelos consumidores. Dentro da sustentabilidade, eles buscam op\u00e7\u00f5es como produtos org\u00e2nicos e marcas que adotem pr\u00e1ticas ESG respons\u00e1veis. Sobre esta tend\u00eancia, a especialista faz uma ressalva importante.<\/p>\n<p>\u201cA sustentabilidade transcende tend\u00eancia e se transforma em preocupa\u00e7\u00e3o real dos consumidores com os efeitos do aquecimento global. Por\u00e9m, \u00e9 preciso lembrar que grande parte dos consumidores precisa antes saciar a fome, depois resolver quest\u00f5es de sa\u00fade, para ent\u00e3o se preocupar com o consumo e fatores ligados ao meio ambiente. Digo isso porque, segundo a pir\u00e2mide de hierarquia das prioridades de Maslow, quem tem fome vai pensar em como saci\u00e1-la antes de qualquer outra coisa. Desta forma, temos que ser honestos e pr\u00e1ticos para entender que a maior preocupa\u00e7\u00e3o humana ainda deve ser saciar a fome mundial, seguida pela solu\u00e7\u00e3o das doen\u00e7as ou a quest\u00e3o da sa\u00fade. S\u00f3 assim a sociedade poder\u00e1 pensar no bem-estar geral do planeta\u201d, diz a Diretora.<\/p>\n<p>Para Assunta, entender essas tend\u00eancias \u00e9 fundamental para as empresas de produtos de consumo, j\u00e1 que quanto mais as embalagens atendem essas demandas, maiores s\u00e3o as chances de sucesso nas g\u00f4ndolas.<\/p>\n","protected":false},"excerpt":{"rendered":"<p>Para o Instituto de Embalagens, a ind\u00fastria est\u00e1 se adaptando rapidamente para atender tend\u00eancias internacionais que podem ser divididas em quatro grandes grupos: sa\u00fade e bem-estar, estilo, conveni\u00eancia e sustentabilidade.<\/p>\n","protected":false},"author":8,"featured_media":26426,"comment_status":"closed","ping_status":"closed","sticky":false,"template":"","format":"standard","meta":{"footnotes":""},"categories":[101],"tags":[1052,247,1516,250],"class_list":["post-26370","post","type-post","status-publish","format-standard","has-post-thumbnail","hentry","category-tendencias","tag-cliente","tag-comercio","tag-tendencias","tag-vendas"],"_links":{"self":[{"href":"https:\/\/cndl.org.br\/varejosa\/wp-json\/wp\/v2\/posts\/26370","targetHints":{"allow":["GET"]}}],"collection":[{"href":"https:\/\/cndl.org.br\/varejosa\/wp-json\/wp\/v2\/posts"}],"about":[{"href":"https:\/\/cndl.org.br\/varejosa\/wp-json\/wp\/v2\/types\/post"}],"author":[{"embeddable":true,"href":"https:\/\/cndl.org.br\/varejosa\/wp-json\/wp\/v2\/users\/8"}],"replies":[{"embeddable":true,"href":"https:\/\/cndl.org.br\/varejosa\/wp-json\/wp\/v2\/comments?post=26370"}],"version-history":[{"count":0,"href":"https:\/\/cndl.org.br\/varejosa\/wp-json\/wp\/v2\/posts\/26370\/revisions"}],"wp:featuredmedia":[{"embeddable":true,"href":"https:\/\/cndl.org.br\/varejosa\/wp-json\/wp\/v2\/media\/26426"}],"wp:attachment":[{"href":"https:\/\/cndl.org.br\/varejosa\/wp-json\/wp\/v2\/media?parent=26370"}],"wp:term":[{"taxonomy":"category","embeddable":true,"href":"https:\/\/cndl.org.br\/varejosa\/wp-json\/wp\/v2\/categories?post=26370"},{"taxonomy":"post_tag","embeddable":true,"href":"https:\/\/cndl.org.br\/varejosa\/wp-json\/wp\/v2\/tags?post=26370"}],"curies":[{"name":"wp","href":"https:\/\/api.w.org\/{rel}","templated":true}]}}