{"id":26552,"date":"2024-07-17T16:45:52","date_gmt":"2024-07-17T19:45:52","guid":{"rendered":"https:\/\/cndl.org.br\/varejosa\/?p=26552"},"modified":"2024-07-16T15:47:16","modified_gmt":"2024-07-16T18:47:16","slug":"cdl-caxias-anuncia-2a-edicao-de-convencao-em-agosto-e-abre-inscricoes-para-o-evento","status":"publish","type":"post","link":"https:\/\/cndl.org.br\/varejosa\/cdl-caxias-anuncia-2a-edicao-de-convencao-em-agosto-e-abre-inscricoes-para-o-evento\/","title":{"rendered":"CDL Caxias anuncia 2\u00aa edi\u00e7\u00e3o de conven\u00e7\u00e3o em agosto e abre inscri\u00e7\u00f5es para o evento"},"content":{"rendered":"<p>Um encontro ainda <a href=\"https:\/\/cndl.org.br\/varejosa\/?city=756\" target=\"_blank\" rel=\"noopener\">mais grandioso<\/a> e com diversas novidades est\u00e1 sendo preparado para a 2\u00aa Conven\u00e7\u00e3o da CDL Caxias, que ocorrer\u00e1 no dia 15 de agosto (quinta-feira), das 12h \u00e0s 21h, no Centro de Eventos dos Pavilh\u00f5es da Festa da Uva. As inscri\u00e7\u00f5es gratuitas j\u00e1 est\u00e3o abertas e devem ser feitas pelo site <a href=\"http:\/\/www.convencaocdlcaxias.com.br\">www.convencaocdlcaxias.com.br<\/a>. Com vagas limitadas, o evento \u00e9 gratuito e exclusivo para associados da entidade. Na 1\u00aa edi\u00e7\u00e3o, em 2023, a programa\u00e7\u00e3o foi prestigiada por 2,1 mil pessoas<\/p>\n<p>Neste ano, al\u00e9m da presen\u00e7a de quatro renomados palestrantes nacionais, como os conhecidos sharks tank Cris Arcangeli (criadora dos produtos Phytoervas e da categoria dos Alim\u00e9ticos no mundo) e Caito Maia (fundador da Chilli Beans), empreendedores regionais compartilhar\u00e3o suas viv\u00eancias em um segundo espa\u00e7o, o Palco Conecta. Durante nove horas de programa\u00e7\u00e3o, trocas de experi\u00eancias, apresenta\u00e7\u00f5es de tend\u00eancias e dos desafios do varejo estar\u00e3o na pauta da Conven\u00e7\u00e3o. Os conte\u00fados ser\u00e3o norteados pelo tema \u201cConectando Gera\u00e7\u00f5es\u201d.<\/p>\n<p>Eduardo Colombo, presidente da CDL Caxias, refor\u00e7a que a ampla ades\u00e3o na primeira edi\u00e7\u00e3o, com mais de dois mil participantes, demonstrou a necessidade de dar continuidade ao evento de forma anual, fortalecendo ainda mais o conhecimento e a promo\u00e7\u00e3o de networking entre os associados.<\/p>\n<p>\u201cA Conven\u00e7\u00e3o foi criada com o foco no associativismo. Esse evento possui um potencial enorme, que leva conte\u00fado de qualidade, informa\u00e7\u00e3o e motiva\u00e7\u00e3o para o desenvolvimento dos neg\u00f3cios. Neste ano, traremos temas atuais e importantes, assim como inspira\u00e7\u00e3o para que nossos associados sejam estimulados e desafiados a se relacionar, comunicar e vender com a pluralidade de gera\u00e7\u00f5es\u201d, completa.<\/p>\n<p><strong>Empreendedorismo, futurismo e gest\u00e3o de pessoas<\/strong><\/p>\n<p>Cases e temas sobre empreendedorismo, futurismo e gest\u00e3o de pessoas ser\u00e3o debatidos no Palco CDL da 2\u00aa Conven\u00e7\u00e3o. Cris Arcangeli, CEO do Grupo Arcangeli, que abrange 20 empresas, \u00e9 uma das palestrantes confirmadas. A primeira mulher a influenciar o mercado de beleza natural no Brasil, com a cria\u00e7\u00e3o da Phytoervas, tornou-se a inventora mundial da categoria dos Alim\u00e9ticos. Em sua trajet\u00f3ria, foi jurada do programa &#8220;Shark Tank Brasil&#8221;, conselheira do &#8220;O Aprendiz&#8221;, apresentadora do &#8220;Extreme Makeover Social&#8221; e investidora no fundo de Venture Capital Phoenix.<\/p>\n<p>A hist\u00f3ria de supera\u00e7\u00e3o e sucesso, erros e fracassos da Chilli Beans ser\u00e1 compartilhada com os participantes pelo empres\u00e1rio Caito Maia. O empreendedor transformou a marca na maior empresa de \u00f3culos escuros da Am\u00e9rica Latina, presente em mil pontos de venda no Brasil e pelo mundo. O paulista ainda participa, desde 2017, como tubar\u00e3o investidor do programa &#8220;Shark Tank Brasil\u201d e voltar\u00e1 a elencar a nona temporada do reality, que estreia neste segundo semestre.<\/p>\n<p>Especialista em temas relacionados ao significado do trabalho, novos modelos de gest\u00e3o, protagonismo, Recursos Humanos, lideran\u00e7a e futuro das profissionais, Alexandre Pellaes tamb\u00e9m estar\u00e1 na Conven\u00e7\u00e3o. Professor, pesquisador e palestrante seu foco \u00e9 no desenvolvimento de rela\u00e7\u00f5es de trabalho humanizadas e com mais autonomia.<\/p>\n<p>Outro painelista de destaque ser\u00e1 Tiago Mattos, cofundador da Aerolito e internacionalmente conhecido como expert em futuros. Suas apresenta\u00e7\u00f5es j\u00e1 foram vistas em cinco continentes, sendo convidado, em 2018, para compartilhar suas ideias na ONU, em Genebra, na Su\u00ed\u00e7a.<\/p>\n<p><strong>Feira de neg\u00f3cios ampliada e novos espa\u00e7os<\/strong><\/p>\n<p>Neste ano, a Feira de Neg\u00f3cios da Conven\u00e7\u00e3o CDL Caxias contar\u00e1 com 22 expositores, ampliando em mais de 50% os espa\u00e7os na compara\u00e7\u00e3o com a primeira edi\u00e7\u00e3o. Todos os estandes j\u00e1 foram comercializados para marcas nas \u00e1reas do com\u00e9rcio, servi\u00e7os e ind\u00fastria, tornando-se um momento prop\u00edcio para estabelecer contatos e parcerias estrat\u00e9gicas.<\/p>\n<p>Um estande da CDL Caxias tamb\u00e9m poder\u00e1 ser visitado e contar\u00e1 com a presen\u00e7a de consultores comerciais que atender\u00e3o o p\u00fablico e esclarecer\u00e3o d\u00favidas sobre benef\u00edcios e servi\u00e7os ofertados aos empreendedores associados \u00e0 entidade. A CDL Jovem e a CDL Mulher marcar\u00e3o presen\u00e7a em um espa\u00e7o conjunto no andar t\u00e9rreo, enquanto o Hub de Eventos estar\u00e1 participando com estande no andar superior. Ainda, de forma in\u00e9dita, os visitantes contar\u00e3o com \u00e1reas de networking, de descanso e Pra\u00e7a de Alimenta\u00e7\u00e3o.<\/p>\n<p><strong>SERVI\u00c7O<\/strong><\/p>\n<ul>\n<li><strong>O que:<\/strong> 2\u00aa Conven\u00e7\u00e3o da CDL Caxias<\/li>\n<li><strong>Quando:<\/strong> 15 de agosto (quinta-feira)<\/li>\n<li><strong>Hor\u00e1rio:<\/strong> das 12h \u00e0s 21h<\/li>\n<li><strong>Onde:<\/strong> Centro de Eventos dos Pavilh\u00f5es da esta da Uva (Rua Ludov\u00edco Cavinato, 1.431 &#8211; Nossa Sra. da Sa\u00fade), em Caxias do Sul<\/li>\n<li><strong>Inscri\u00e7\u00f5es:<\/strong> gratuitas e exclusivas para associados da CDL Caxias, pelo site <a href=\"http:\/\/www.convencaocdlcaxias.com.br\">www.convencaocdlcaxias.com.br<\/a><\/li>\n<li><strong>Palestrantes principais:<\/strong> Cris Arcangeli, Caito Maia, Alexandre Pellaes e Tiago Mattos<\/li>\n<li><strong>Realiza\u00e7\u00e3o:<\/strong> CDL Caxias do Sul<\/li>\n<li><strong>Patroc\u00ednio:<\/strong> Sicredi Pioneira e Unimed Nordeste-RS<\/li>\n<li><strong>Apoio:<\/strong> La Birra<\/li>\n<li><strong>Estacionamento:<\/strong> R$ 20<\/li>\n<li>Ap\u00f3s as palestras, Happy Hour com chopp gratuito e show<\/li>\n<\/ul>\n","protected":false},"excerpt":{"rendered":"<p>Programa\u00e7\u00e3o gratuita e exclusiva para associados contar\u00e1 com palestrantes de renome nacional<\/p>\n","protected":false},"author":18,"featured_media":26553,"comment_status":"closed","ping_status":"closed","sticky":false,"template":"","format":"standard","meta":{"footnotes":""},"categories":[1371],"tags":[2591,2605],"class_list":["post-26552","post","type-post","status-publish","format-standard","has-post-thumbnail","hentry","category-noticias-cndl","tag-cdl","tag-cdl-caxias"],"_links":{"self":[{"href":"https:\/\/cndl.org.br\/varejosa\/wp-json\/wp\/v2\/posts\/26552","targetHints":{"allow":["GET"]}}],"collection":[{"href":"https:\/\/cndl.org.br\/varejosa\/wp-json\/wp\/v2\/posts"}],"about":[{"href":"https:\/\/cndl.org.br\/varejosa\/wp-json\/wp\/v2\/types\/post"}],"author":[{"embeddable":true,"href":"https:\/\/cndl.org.br\/varejosa\/wp-json\/wp\/v2\/users\/18"}],"replies":[{"embeddable":true,"href":"https:\/\/cndl.org.br\/varejosa\/wp-json\/wp\/v2\/comments?post=26552"}],"version-history":[{"count":0,"href":"https:\/\/cndl.org.br\/varejosa\/wp-json\/wp\/v2\/posts\/26552\/revisions"}],"wp:featuredmedia":[{"embeddable":true,"href":"https:\/\/cndl.org.br\/varejosa\/wp-json\/wp\/v2\/media\/26553"}],"wp:attachment":[{"href":"https:\/\/cndl.org.br\/varejosa\/wp-json\/wp\/v2\/media?parent=26552"}],"wp:term":[{"taxonomy":"category","embeddable":true,"href":"https:\/\/cndl.org.br\/varejosa\/wp-json\/wp\/v2\/categories?post=26552"},{"taxonomy":"post_tag","embeddable":true,"href":"https:\/\/cndl.org.br\/varejosa\/wp-json\/wp\/v2\/tags?post=26552"}],"curies":[{"name":"wp","href":"https:\/\/api.w.org\/{rel}","templated":true}]}}