{"id":26558,"date":"2024-07-19T12:05:56","date_gmt":"2024-07-19T15:05:56","guid":{"rendered":"https:\/\/cndl.org.br\/varejosa\/?p=26558"},"modified":"2024-07-19T11:58:46","modified_gmt":"2024-07-19T14:58:46","slug":"panorama-do-comercio-vendas-do-setor-avancam-em-meio-as-incertezas-sobre-a-economia","status":"publish","type":"post","link":"https:\/\/cndl.org.br\/varejosa\/panorama-do-comercio-vendas-do-setor-avancam-em-meio-as-incertezas-sobre-a-economia\/","title":{"rendered":"Panorama do Com\u00e9rcio: vendas do setor avan\u00e7am em meio \u00e0s incertezas sobre a economia"},"content":{"rendered":"<p>A <a href=\"https:\/\/site.cndl.org.br\/panorama-do-comercio-2024\/?city=756\" target=\"_blank\" rel=\"noopener\">edi\u00e7\u00e3o de julho<\/a> do Panorama do Com\u00e9rcio, publicado pela Confedera\u00e7\u00e3o Nacional de Dirigentes Lojistas (<a href=\"https:\/\/site.cndl.org.br\/\" target=\"_blank\" rel=\"noopener\">CNDL<\/a>), traz uma an\u00e1lise detalhada sobre o desempenho do com\u00e9rcio varejista em meio a um <a href=\"https:\/\/cndl.org.br\/varejosa\/?city=756\" target=\"_blank\" rel=\"noopener\">cen\u00e1rio econ\u00f4mico desafiador<\/a>. Dados recentes do IBGE revelam que o volume mensal de vendas do com\u00e9rcio varejista atingiu um novo recorde em maio de 2024, registrando um crescimento de 1,2% em rela\u00e7\u00e3o ao m\u00eas anterior e acumulando uma alta de 5,6% no ano.<\/p>\n<p>Apesar das incertezas econ\u00f4micas e da decis\u00e3o do Comit\u00ea de Pol\u00edtica Monet\u00e1ria (Copom) de manter a taxa b\u00e1sica de juros (SELIC) em 10,5% ao ano, o setor demonstrou resili\u00eancia. A decis\u00e3o foi influenciada por um ritmo mais lento na queda da infla\u00e7\u00e3o e pelo aumento dos juros em outras economias, o que tamb\u00e9m impactou na desvaloriza\u00e7\u00e3o do real no in\u00edcio de junho. No entanto, sinaliza\u00e7\u00f5es do Governo sobre o compromisso com o arcabou\u00e7o fiscal ajudaram a conter os efeitos negativos.<\/p>\n<p>A infla\u00e7\u00e3o, medida pelo IPCA, apresentou uma leve queda em junho, permanecendo, entretanto, acima da meta estabelecida pelo Conselho Monet\u00e1rio Nacional. O IGP-M, outro \u00edndice importante, registrou alta no acumulado de 12 meses ap\u00f3s um per\u00edodo prolongado de quedas.<\/p>\n<p>No \u00e2mbito do consumidor, o Indicador de Confian\u00e7a da FGV mostrou uma melhora na avalia\u00e7\u00e3o da situa\u00e7\u00e3o atual, embora as expectativas futuras tenham se deteriorado. O n\u00famero de negativados diminuiu na compara\u00e7\u00e3o entre junho e maio de 2024, apresentando um crescimento modesto de 0,5% em rela\u00e7\u00e3o ao mesmo m\u00eas do ano anterior.<\/p>\n<p>A CNDL continuar\u00e1 monitorando esses fatores para fornecer uma an\u00e1lise precisa e atualizada sobre o desempenho do com\u00e9rcio varejista brasileiro. Confira essas informa\u00e7\u00f5es e muitas outras na <a href=\"https:\/\/site.cndl.org.br\/panorama-do-comercio-2024\/?city=756\" target=\"_blank\" rel=\"noreferrer noopener\" data-type=\"link\" data-id=\"https:\/\/site.cndl.org.br\/panorama-do-comercio-2023\/\">edi\u00e7\u00e3o de julho do Panorama do Com\u00e9rcio<\/a>, relat\u00f3rio mensal com as principais informa\u00e7\u00f5es do setor de Com\u00e9rcio e Servi\u00e7os brasileiro.<\/p>\n<p>Assista tamb\u00e9m ao v\u00eddeo com a especialista em Finan\u00e7as da CNDL, Merula Borges, com a an\u00e1lise do tema.<\/p>\n<p><iframe loading=\"lazy\" title=\"YouTube video player\" src=\"https:\/\/www.youtube.com\/embed\/cWNXVu4Rt_k?si=QSirp5g8dpVEsW1G\" width=\"560\" height=\"315\" frameborder=\"0\" allowfullscreen=\"allowfullscreen\"><\/iframe><\/p>\n<h2><strong>Confira outros destaques:<\/strong><\/h2>\n<p><img loading=\"lazy\" decoding=\"async\" class=\"aligncenter wp-image-26562\" src=\"https:\/\/cndl.org.br\/varejosa\/wp-content\/uploads\/2024\/07\/Panorama-do-Comercio-vendas-do-setor-avancam-em-meio-a-incertezas-sobre-a-economia.png\" alt=\"Panorama do Com\u00e9rcio vendas do setor avan\u00e7am em meio a incertezas sobre a economia\" width=\"535\" height=\"301\" srcset=\"https:\/\/cndl.org.br\/varejosa\/wp-content\/uploads\/2024\/07\/Panorama-do-Comercio-vendas-do-setor-avancam-em-meio-a-incertezas-sobre-a-economia.png 2560w, https:\/\/cndl.org.br\/varejosa\/wp-content\/uploads\/2024\/07\/Panorama-do-Comercio-vendas-do-setor-avancam-em-meio-a-incertezas-sobre-a-economia-300x169.png 300w, https:\/\/cndl.org.br\/varejosa\/wp-content\/uploads\/2024\/07\/Panorama-do-Comercio-vendas-do-setor-avancam-em-meio-a-incertezas-sobre-a-economia-1024x576.png 1024w, https:\/\/cndl.org.br\/varejosa\/wp-content\/uploads\/2024\/07\/Panorama-do-Comercio-vendas-do-setor-avancam-em-meio-a-incertezas-sobre-a-economia-768x432.png 768w, https:\/\/cndl.org.br\/varejosa\/wp-content\/uploads\/2024\/07\/Panorama-do-Comercio-vendas-do-setor-avancam-em-meio-a-incertezas-sobre-a-economia-1536x864.png 1536w\" sizes=\"auto, (max-width: 535px) 100vw, 535px\" \/> <img loading=\"lazy\" decoding=\"async\" class=\"aligncenter wp-image-26563\" src=\"https:\/\/cndl.org.br\/varejosa\/wp-content\/uploads\/2024\/07\/Panorama-do-Comercio-vendas-do-setor-avancam-em-meio-a-incertezas-sobre-a-economia-2.png\" alt=\"Panorama do Com\u00e9rcio vendas do setor avan\u00e7am em meio a incertezas sobre a economia\" width=\"535\" height=\"301\" srcset=\"https:\/\/cndl.org.br\/varejosa\/wp-content\/uploads\/2024\/07\/Panorama-do-Comercio-vendas-do-setor-avancam-em-meio-a-incertezas-sobre-a-economia-2.png 2560w, https:\/\/cndl.org.br\/varejosa\/wp-content\/uploads\/2024\/07\/Panorama-do-Comercio-vendas-do-setor-avancam-em-meio-a-incertezas-sobre-a-economia-2-300x169.png 300w, https:\/\/cndl.org.br\/varejosa\/wp-content\/uploads\/2024\/07\/Panorama-do-Comercio-vendas-do-setor-avancam-em-meio-a-incertezas-sobre-a-economia-2-1024x576.png 1024w, https:\/\/cndl.org.br\/varejosa\/wp-content\/uploads\/2024\/07\/Panorama-do-Comercio-vendas-do-setor-avancam-em-meio-a-incertezas-sobre-a-economia-2-768x432.png 768w, https:\/\/cndl.org.br\/varejosa\/wp-content\/uploads\/2024\/07\/Panorama-do-Comercio-vendas-do-setor-avancam-em-meio-a-incertezas-sobre-a-economia-2-1536x864.png 1536w\" sizes=\"auto, (max-width: 535px) 100vw, 535px\" \/> <img loading=\"lazy\" decoding=\"async\" class=\"aligncenter wp-image-26564\" src=\"https:\/\/cndl.org.br\/varejosa\/wp-content\/uploads\/2024\/07\/Panorama-do-Comercio-vendas-do-setor-avancam-em-meio-a-incertezas-sobre-a-economia-3.png\" alt=\"Panorama do Com\u00e9rcio vendas do setor avan\u00e7am em meio a incertezas sobre a economia\" width=\"535\" height=\"301\" srcset=\"https:\/\/cndl.org.br\/varejosa\/wp-content\/uploads\/2024\/07\/Panorama-do-Comercio-vendas-do-setor-avancam-em-meio-a-incertezas-sobre-a-economia-3.png 2560w, https:\/\/cndl.org.br\/varejosa\/wp-content\/uploads\/2024\/07\/Panorama-do-Comercio-vendas-do-setor-avancam-em-meio-a-incertezas-sobre-a-economia-3-300x169.png 300w, https:\/\/cndl.org.br\/varejosa\/wp-content\/uploads\/2024\/07\/Panorama-do-Comercio-vendas-do-setor-avancam-em-meio-a-incertezas-sobre-a-economia-3-1024x576.png 1024w, https:\/\/cndl.org.br\/varejosa\/wp-content\/uploads\/2024\/07\/Panorama-do-Comercio-vendas-do-setor-avancam-em-meio-a-incertezas-sobre-a-economia-3-768x432.png 768w, https:\/\/cndl.org.br\/varejosa\/wp-content\/uploads\/2024\/07\/Panorama-do-Comercio-vendas-do-setor-avancam-em-meio-a-incertezas-sobre-a-economia-3-1536x864.png 1536w\" sizes=\"auto, (max-width: 535px) 100vw, 535px\" \/><\/p>\n","protected":false},"excerpt":{"rendered":"<p>Copom mant\u00e9m Taxa Selic em 10,5% ao ano e aponta queda mais lenta da infla\u00e7\u00e3o<\/p>\n","protected":false},"author":33,"featured_media":26642,"comment_status":"closed","ping_status":"closed","sticky":false,"template":"","format":"standard","meta":{"footnotes":""},"categories":[70,26],"tags":[279,247,341,317,5186,855,249],"class_list":["post-26558","post","type-post","status-publish","format-standard","has-post-thumbnail","hentry","category-destaque","category-negocios-e-economia","tag-cndl","tag-comercio","tag-economia","tag-empreendedorismo","tag-panorama","tag-panorama-do-comercio","tag-varejo"],"_links":{"self":[{"href":"https:\/\/cndl.org.br\/varejosa\/wp-json\/wp\/v2\/posts\/26558","targetHints":{"allow":["GET"]}}],"collection":[{"href":"https:\/\/cndl.org.br\/varejosa\/wp-json\/wp\/v2\/posts"}],"about":[{"href":"https:\/\/cndl.org.br\/varejosa\/wp-json\/wp\/v2\/types\/post"}],"author":[{"embeddable":true,"href":"https:\/\/cndl.org.br\/varejosa\/wp-json\/wp\/v2\/users\/33"}],"replies":[{"embeddable":true,"href":"https:\/\/cndl.org.br\/varejosa\/wp-json\/wp\/v2\/comments?post=26558"}],"version-history":[{"count":0,"href":"https:\/\/cndl.org.br\/varejosa\/wp-json\/wp\/v2\/posts\/26558\/revisions"}],"wp:featuredmedia":[{"embeddable":true,"href":"https:\/\/cndl.org.br\/varejosa\/wp-json\/wp\/v2\/media\/26642"}],"wp:attachment":[{"href":"https:\/\/cndl.org.br\/varejosa\/wp-json\/wp\/v2\/media?parent=26558"}],"wp:term":[{"taxonomy":"category","embeddable":true,"href":"https:\/\/cndl.org.br\/varejosa\/wp-json\/wp\/v2\/categories?post=26558"},{"taxonomy":"post_tag","embeddable":true,"href":"https:\/\/cndl.org.br\/varejosa\/wp-json\/wp\/v2\/tags?post=26558"}],"curies":[{"name":"wp","href":"https:\/\/api.w.org\/{rel}","templated":true}]}}