{"id":26638,"date":"2024-07-19T12:00:46","date_gmt":"2024-07-19T15:00:46","guid":{"rendered":"https:\/\/cndl.org.br\/varejosa\/?p=26638"},"modified":"2026-01-29T10:11:23","modified_gmt":"2026-01-29T13:11:23","slug":"cdl-jovem-manaus-projeto-onda-rosa-promove-encontros-mensais-exclusivos-para-mulheres","status":"publish","type":"post","link":"https:\/\/cndl.org.br\/varejosa\/cdl-jovem-manaus-projeto-onda-rosa-promove-encontros-mensais-exclusivos-para-mulheres\/","title":{"rendered":"CDL Jovem Manaus: projeto Onda Rosa promove encontros mensais exclusivos para mulheres"},"content":{"rendered":"<p>Na \u00faltima quarta-feira (17\/7), o projeto Onda Rosa da C\u00e2mara de Dirigentes Lojistas Jovem de Manaus (<a href=\"https:\/\/www.cdlmanaus.org.br\/cdl-jovem\/quem-somos\" target=\"_blank\" rel=\"noopener\">CDL Jovem<\/a>) realizou um evento inspirador no restaurante Porteira Picanharia, reunindo empres\u00e1rias para um <a href=\"https:\/\/cndl.org.br\/varejosa\" target=\"_blank\" rel=\"noopener\">bate-papo enriquecedor<\/a> sobre pitch com a jornalista Amanda Mota. Mestre em Ci\u00eancia da Comunica\u00e7\u00e3o e professora de Empreendedorismo Tecnol\u00f3gico Inovador na Samsung Ocean, a profissional compartilhou seu vasto conhecimento sobre como elaborar e apresentar um <em>pitch<\/em> de maneira eficaz.<\/p>\n<p>Durante sua apresenta\u00e7\u00e3o, Amanda Mota explicou detalhadamente as t\u00e9cnicas essenciais para construir um <em>pitch<\/em>, destacando as habilidades necess\u00e1rias, oferecendo dicas valiosas e orienta\u00e7\u00f5es sobre como se preparar e estruturar uma apresenta\u00e7\u00e3o que realmente chame a aten\u00e7\u00e3o de investidores, parceiros ou clientes. Ela enfatizou que um pitch \u00e9 uma apresenta\u00e7\u00e3o curta e direta, cujo principal objetivo \u00e9 despertar o interesse e engajamento no neg\u00f3cio ou projeto apresentado.<\/p>\n<p>Francyne Leal, vice-coordenadora da CDL Jovem Manaus e coordenadora do projeto, destacou a relev\u00e2ncia do tema. &#8220;Trouxemos esse tema porque, durante nossas reuni\u00f5es ordin\u00e1rias, oferecemos a oportunidade para que os associados fa\u00e7am um pitch e notamos que muitos enfrentavam dificuldades nesse processo. Queremos capacit\u00e1-los para que possam aproveitar ao m\u00e1ximo essas oportunidades&#8221;, ressaltou.<\/p>\n<p><strong>Onda Rosa<\/strong><\/p>\n<p>O projeto Onda Rosa foi criado com o prop\u00f3sito de valorizar e fortalecer a participa\u00e7\u00e3o feminina no mundo dos neg\u00f3cios. Ele proporciona um ambiente acolhedor e estimulante para o di\u00e1logo e o compartilhamento de experi\u00eancias entre as empreendedoras, promovendo o crescimento pessoal e profissional das participantes.<\/p>\n<p>Este encontro foi mais uma iniciativa do projeto para empoderar as mulheres empres\u00e1rias, oferecendo ferramentas pr\u00e1ticas e conhecimento de ponta para que possam se destacar no mercado. Al\u00e9m de fortalecer a rede de contatos e incentivar a troca de experi\u00eancias, o evento contribuiu significativamente para o desenvolvimento das habilidades das empres\u00e1rias locais, ajudando-as a apresentar seus neg\u00f3cios de forma mais eficaz e atrativa.<\/p>\n","protected":false},"excerpt":{"rendered":"<p>Criado em 2021, o projeto tem sido fundamental para o empreendedorismo feminino, impactando positivamente e aumentando significativamente o n\u00famero de mulheres associadas \u00e0 CDL Jovem Manaus<\/p>\n","protected":false},"author":19,"featured_media":26639,"comment_status":"closed","ping_status":"closed","sticky":false,"template":"","format":"standard","meta":{"footnotes":""},"categories":[5891],"tags":[2591,1294,620,5417],"class_list":["post-26638","post","type-post","status-publish","format-standard","has-post-thumbnail","hentry","category-empreendedorismo","tag-cdl","tag-cdl-jovem","tag-mulheres","tag-onda-rosa"],"_links":{"self":[{"href":"https:\/\/cndl.org.br\/varejosa\/wp-json\/wp\/v2\/posts\/26638","targetHints":{"allow":["GET"]}}],"collection":[{"href":"https:\/\/cndl.org.br\/varejosa\/wp-json\/wp\/v2\/posts"}],"about":[{"href":"https:\/\/cndl.org.br\/varejosa\/wp-json\/wp\/v2\/types\/post"}],"author":[{"embeddable":true,"href":"https:\/\/cndl.org.br\/varejosa\/wp-json\/wp\/v2\/users\/19"}],"replies":[{"embeddable":true,"href":"https:\/\/cndl.org.br\/varejosa\/wp-json\/wp\/v2\/comments?post=26638"}],"version-history":[{"count":0,"href":"https:\/\/cndl.org.br\/varejosa\/wp-json\/wp\/v2\/posts\/26638\/revisions"}],"wp:featuredmedia":[{"embeddable":true,"href":"https:\/\/cndl.org.br\/varejosa\/wp-json\/wp\/v2\/media\/26639"}],"wp:attachment":[{"href":"https:\/\/cndl.org.br\/varejosa\/wp-json\/wp\/v2\/media?parent=26638"}],"wp:term":[{"taxonomy":"category","embeddable":true,"href":"https:\/\/cndl.org.br\/varejosa\/wp-json\/wp\/v2\/categories?post=26638"},{"taxonomy":"post_tag","embeddable":true,"href":"https:\/\/cndl.org.br\/varejosa\/wp-json\/wp\/v2\/tags?post=26638"}],"curies":[{"name":"wp","href":"https:\/\/api.w.org\/{rel}","templated":true}]}}