{"id":26683,"date":"2024-08-24T16:06:00","date_gmt":"2024-08-24T19:06:00","guid":{"rendered":"https:\/\/cndl.org.br\/varejosa\/?p=26683"},"modified":"2026-01-29T10:16:18","modified_gmt":"2026-01-29T13:16:18","slug":"inclusao-produtiva-e-valorizacao-de-mei-estao-no-plano-do-governo-federal-para-promocao-dos-pequenos-negocios","status":"publish","type":"post","link":"https:\/\/cndl.org.br\/varejosa\/inclusao-produtiva-e-valorizacao-de-mei-estao-no-plano-do-governo-federal-para-promocao-dos-pequenos-negocios\/","title":{"rendered":"Inclus\u00e3o produtiva e valoriza\u00e7\u00e3o de MEI est\u00e3o no plano do governo federal para promo\u00e7\u00e3o dos pequenos neg\u00f3cios"},"content":{"rendered":"<p>Estimular o desenvolvimento e a <a href=\"https:\/\/cndl.org.br\/varejosa\/\" target=\"_blank\" rel=\"noopener\">competitividade<\/a> dos pequenos neg\u00f3cios e fortalecer o setor artesanal, o cooperativismo, o associativismo e a economia criativa est\u00e3o entre os objetivos priorit\u00e1rios do governo federal para os pr\u00f3ximos anos. <a href=\"https:\/\/site.cndl.org.br\/\" target=\"_blank\" rel=\"noopener\">Divulgado<\/a> nesta semana, o plano estrat\u00e9gico 2024-2027 do Minist\u00e9rio do Empreendedorismo, da Microempresa e da Empresa de Pequeno Porte (MEMP) define as miss\u00f5es, estrat\u00e9gias, indicadores e perspectivas para atender os mais de 20 milh\u00f5es de empreendedores brasileiros.<\/p>\n<p>O documento foi aprovado na 1\u00aa Reuni\u00e3o Ordin\u00e1ria do Comit\u00ea de Governan\u00e7a Estrat\u00e9gica do MEMP no \u00faltimo dia 9. O Mapa Estrat\u00e9gico destaca quais os resultados s\u00e3o esperados, como, por exemplo, a inclus\u00e3o da popula\u00e7\u00e3o de baixa renda pelo empreendedorismo e maior n\u00edvel de faturamento e exporta\u00e7\u00f5es das micro e pequenas empresas (MPE) e Microempreendedores Individuais (MEI).<\/p>\n<p>Os pequenos neg\u00f3cios \u2013 formados pelos microempreendedores individuais, as micro empresas e as empresas de pequeno porte \u2013 respondem por 30% do PIB e geraram cerca de 60% das vagas de emprego formais neste ano. Eles representam cerca de 95% dos CNPJs do pa\u00eds e fazem a economia local girar. O Sebrae atua na capacita\u00e7\u00e3o, melhoria do ambiente de neg\u00f3cios e acesso a cr\u00e9dito para os empreendedores de pequeno porte.<\/p>\n<p>Confira abaixo todos os objetivos estrat\u00e9gicos que norteiam as atividades do MEMP nos pr\u00f3ximos anos:<\/p>\n<p>1. Melhorar o ambiente de neg\u00f3cios para o empreendedorismo;<br \/>\n2. Promover a inclus\u00e3o socioprodutiva pelo empreendedorismo;<br \/>\n3. Fortalecer o setor artesanal, o cooperativismo, o associativismo e a economia criativa;<br \/>\n4. Estimular o desenvolvimento e a competitividade de MEs EPP e MEI;<br \/>\n5. Desenvolver uma gest\u00e3o e governan\u00e7a responsiva, transparente e eficiente;<br \/>\n6. Fortalecer o MEMP como canal preferencial de interface, alinhamento e defesa dos empreendedores;<br \/>\n7. Atrair, mobilizar, qualificar e motivar capital humano;<br \/>\n8. Prover estrutura e recursos or\u00e7ament\u00e1rios, financeiros e tecnol\u00f3gicos adequados.<\/p>\n","protected":false},"excerpt":{"rendered":"<p>Documento do MEMP tra\u00e7a estrat\u00e9gias e indicadores para apoiar o empreendedorismo nos pr\u00f3ximos quatro anos<\/p>\n","protected":false},"author":11,"featured_media":26699,"comment_status":"closed","ping_status":"closed","sticky":false,"template":"","format":"standard","meta":{"footnotes":""},"categories":[5891],"tags":[247,317,288,249,250],"class_list":["post-26683","post","type-post","status-publish","format-standard","has-post-thumbnail","hentry","category-empreendedorismo","tag-comercio","tag-empreendedorismo","tag-mei","tag-varejo","tag-vendas"],"_links":{"self":[{"href":"https:\/\/cndl.org.br\/varejosa\/wp-json\/wp\/v2\/posts\/26683","targetHints":{"allow":["GET"]}}],"collection":[{"href":"https:\/\/cndl.org.br\/varejosa\/wp-json\/wp\/v2\/posts"}],"about":[{"href":"https:\/\/cndl.org.br\/varejosa\/wp-json\/wp\/v2\/types\/post"}],"author":[{"embeddable":true,"href":"https:\/\/cndl.org.br\/varejosa\/wp-json\/wp\/v2\/users\/11"}],"replies":[{"embeddable":true,"href":"https:\/\/cndl.org.br\/varejosa\/wp-json\/wp\/v2\/comments?post=26683"}],"version-history":[{"count":0,"href":"https:\/\/cndl.org.br\/varejosa\/wp-json\/wp\/v2\/posts\/26683\/revisions"}],"wp:featuredmedia":[{"embeddable":true,"href":"https:\/\/cndl.org.br\/varejosa\/wp-json\/wp\/v2\/media\/26699"}],"wp:attachment":[{"href":"https:\/\/cndl.org.br\/varejosa\/wp-json\/wp\/v2\/media?parent=26683"}],"wp:term":[{"taxonomy":"category","embeddable":true,"href":"https:\/\/cndl.org.br\/varejosa\/wp-json\/wp\/v2\/categories?post=26683"},{"taxonomy":"post_tag","embeddable":true,"href":"https:\/\/cndl.org.br\/varejosa\/wp-json\/wp\/v2\/tags?post=26683"}],"curies":[{"name":"wp","href":"https:\/\/api.w.org\/{rel}","templated":true}]}}