{"id":26710,"date":"2024-08-16T16:43:45","date_gmt":"2024-08-16T19:43:45","guid":{"rendered":"https:\/\/cndl.org.br\/varejosa\/?p=26710"},"modified":"2026-02-03T14:48:24","modified_gmt":"2026-02-03T17:48:24","slug":"novas-mudancas-na-dirf-pelo-e-social-simplificam-obrigacoes-acessorias-das-empresas","status":"publish","type":"post","link":"https:\/\/cndl.org.br\/varejosa\/novas-mudancas-na-dirf-pelo-e-social-simplificam-obrigacoes-acessorias-das-empresas\/","title":{"rendered":"Novas mudan\u00e7as na DIRF pelo e-Social simplificam obriga\u00e7\u00f5es acess\u00f3rias das empresas"},"content":{"rendered":"<p>Em um esfor\u00e7o cont\u00ednuo para modernizar e desburocratizar o sistema tribut\u00e1rio brasileiro, o Governo Federal anunciou significativas mudan\u00e7as na Declara\u00e7\u00e3o do Imposto de Renda Retido na Fonte (DIRF). A partir de 1\u00ba de janeiro de 2025, a DIRF ser\u00e1 completamente integrada ao Sistema de Escritura\u00e7\u00e3o Digital das Obriga\u00e7\u00f5es Fiscais, Previdenci\u00e1rias e Trabalhistas (e-Social), marcando uma nova era na gest\u00e3o fiscal e trabalhista do <a href=\"https:\/\/site.cndl.org.br\/\" target=\"_blank\" rel=\"noopener\">pa\u00eds<\/a>.<\/p>\n<p>A medida tem como principal objetivo simplificar o processo de declara\u00e7\u00e3o e reduzir a duplicidade de informa\u00e7\u00f5es prestadas pelas empresas. O e-Social, que j\u00e1 centraliza diversas obriga\u00e7\u00f5es fiscais, previdenci\u00e1rias e trabalhistas, passa a incorporar tamb\u00e9m a DIRF, proporcionando uma gest\u00e3o mais transparente e integra\u00e7\u00e3o entre empregadores e governo.<\/p>\n<p>Com a integra\u00e7\u00e3o, as empresas n\u00e3o precisar\u00e3o mais enviar a DIRF separadamente e as informa\u00e7\u00f5es prestadas no e-Social ser\u00e3o automaticamente utilizadas para a gera\u00e7\u00e3o da DIRF, garantindo maior precis\u00e3o e consist\u00eancia nos dados. Outra vantagem \u00e9 que todas as obriga\u00e7\u00f5es acess\u00f3rias estar\u00e3o centralizadas em uma \u00fanica plataforma, facilitando o cumprimento das exig\u00eancias fiscais e trabalhistas.<\/p>\n<p><strong>O que muda:<\/strong><\/p>\n<ul>\n<li>Elimina\u00e7\u00e3o da DIRF como declara\u00e7\u00e3o separada: As empresas n\u00e3o precisar\u00e3o mais enviar a DIRF como um documento independente.<\/li>\n<li>Automatiza\u00e7\u00e3o da gera\u00e7\u00e3o de informa\u00e7\u00f5es: Os dados fornecidos no e-Social ser\u00e3o automaticamente utilizados para gerar as informa\u00e7\u00f5es anteriormente contidas na DIRF.Prazo de<\/li>\n<li>adapta\u00e7\u00e3o: As empresas ter\u00e3o at\u00e9 1\u00ba de janeiro de 2025 para se adequarem ao novo sistema, conforme prorroga\u00e7\u00e3o anunciada pela Receita Federal em mar\u00e7o de 2024.<\/li>\n<li>Integra\u00e7\u00e3o de dados: Haver\u00e1 uma maior integra\u00e7\u00e3o entre diferentes \u00e1reas da empresa, como RH, contabilidade e finan\u00e7as.<\/li>\n<\/ul>\n<p><strong>O que permanece:<\/strong><\/p>\n<ul>\n<li>Obrigatoriedade das informa\u00e7\u00f5es: As empresas continuar\u00e3o sendo obrigadas a fornecer as informa\u00e7\u00f5es sobre reten\u00e7\u00f5es na fonte, apenas em um formato diferente.<\/li>\n<li>Responsabilidade pela precis\u00e3o dos dados: As empresas ainda ser\u00e3o respons\u00e1veis pela exatid\u00e3o e atualiza\u00e7\u00e3o das informa\u00e7\u00f5es fornecidas.<\/li>\n<\/ul>\n<p>De acordo com Fl\u00e1via Gama, gerente de produto de folha da <a href=\"https:\/\/www.sankhya.com.br\/\" target=\"_blank\" rel=\"noopener\">Sankhya<\/a>, desenvolvedoras de software de gest\u00e3o empresarial (ERP\/EIP), esta mudan\u00e7a representa um avan\u00e7o significativo na simplifica\u00e7\u00e3o das obriga\u00e7\u00f5es acess\u00f3rias das empresas. \u201cCom a centraliza\u00e7\u00e3o das informa\u00e7\u00f5es, as empresas ter\u00e3o uma grande redu\u00e7\u00e3o no tempo dedicado ao preenchimento e envio de declara\u00e7\u00f5es e poder\u00e3o focar mais em suas atividades principais, ao inv\u00e9s de se preocuparem com a burocracia. Al\u00e9m disso, a integra\u00e7\u00e3o ajuda a ter uma maior seguran\u00e7a no processo de presta\u00e7\u00e3o de contas ao fisco\u201d, explica Gama.<\/p>\n<p>No entanto, a especialista alerta: &#8220;O ponto de aten\u00e7\u00e3o \u00e9 que ser\u00e1 preciso atualizar os sistemas de gest\u00e3o e realizar treinamentos com as equipes para adaptar os processos internos. Isso pode representar um desafio inicial, mas a longo prazo, melhorar\u00e1 significativamente o dia a dia da gest\u00e3o&#8221;.<\/p>\n<p>Gama tamb\u00e9m destaca os benef\u00edcios adicionais desta mudan\u00e7a: &#8220;A integra\u00e7\u00e3o ao e-Social n\u00e3o s\u00f3 simplifica o processo, mas tamb\u00e9m aumenta a precis\u00e3o dos dados e reduz a possibilidade de erros. Al\u00e9m disso, essa transi\u00e7\u00e3o pode ser uma oportunidade para as empresas reverem e otimizarem seus processos internos de gest\u00e3o de dados fiscais e trabalhistas&#8221;.<\/p>\n<p>As empresas devem ficar atentas \u00e0s orienta\u00e7\u00f5es e prazos estabelecidos pelo Governo Federal para a adapta\u00e7\u00e3o ao novo sistema. A substitui\u00e7\u00e3o da DIRF estava prevista para come\u00e7ar a ocorrer em 2024. No entanto, em mar\u00e7o de 2024, a Receita Federal prorrogou o prazo para 1\u00ba de janeiro de 2025.<\/p>\n","protected":false},"excerpt":{"rendered":"<p>Especialista fala como a medida ir\u00e1 otimizar a gest\u00e3o tribut\u00e1ria e como as empresas podem se beneficiar da determina\u00e7\u00e3o<\/p>\n","protected":false},"author":8,"featured_media":26735,"comment_status":"closed","ping_status":"closed","sticky":false,"template":"","format":"standard","meta":{"footnotes":""},"categories":[26],"tags":[595,5426,2503,336],"class_list":["post-26710","post","type-post","status-publish","format-standard","has-post-thumbnail","hentry","category-negocios-e-economia","tag-dirf","tag-e-social","tag-empresa","tag-gestao"],"_links":{"self":[{"href":"https:\/\/cndl.org.br\/varejosa\/wp-json\/wp\/v2\/posts\/26710","targetHints":{"allow":["GET"]}}],"collection":[{"href":"https:\/\/cndl.org.br\/varejosa\/wp-json\/wp\/v2\/posts"}],"about":[{"href":"https:\/\/cndl.org.br\/varejosa\/wp-json\/wp\/v2\/types\/post"}],"author":[{"embeddable":true,"href":"https:\/\/cndl.org.br\/varejosa\/wp-json\/wp\/v2\/users\/8"}],"replies":[{"embeddable":true,"href":"https:\/\/cndl.org.br\/varejosa\/wp-json\/wp\/v2\/comments?post=26710"}],"version-history":[{"count":0,"href":"https:\/\/cndl.org.br\/varejosa\/wp-json\/wp\/v2\/posts\/26710\/revisions"}],"wp:featuredmedia":[{"embeddable":true,"href":"https:\/\/cndl.org.br\/varejosa\/wp-json\/wp\/v2\/media\/26735"}],"wp:attachment":[{"href":"https:\/\/cndl.org.br\/varejosa\/wp-json\/wp\/v2\/media?parent=26710"}],"wp:term":[{"taxonomy":"category","embeddable":true,"href":"https:\/\/cndl.org.br\/varejosa\/wp-json\/wp\/v2\/categories?post=26710"},{"taxonomy":"post_tag","embeddable":true,"href":"https:\/\/cndl.org.br\/varejosa\/wp-json\/wp\/v2\/tags?post=26710"}],"curies":[{"name":"wp","href":"https:\/\/api.w.org\/{rel}","templated":true}]}}