{"id":26943,"date":"2024-08-21T10:39:21","date_gmt":"2024-08-21T13:39:21","guid":{"rendered":"https:\/\/cndl.org.br\/varejosa\/?p=26943"},"modified":"2024-08-21T10:39:21","modified_gmt":"2024-08-21T13:39:21","slug":"varejo-s-a-podcast-a-importancia-de-formalizar-o-seu-negocio","status":"publish","type":"post","link":"https:\/\/cndl.org.br\/varejosa\/varejo-s-a-podcast-a-importancia-de-formalizar-o-seu-negocio\/","title":{"rendered":"Varejo S.A. Podcast: a import\u00e2ncia de formalizar o seu neg\u00f3cio"},"content":{"rendered":"<p>A formaliza\u00e7\u00e3o de um neg\u00f3cio \u00e9 um passo crucial para qualquer empreendedor que busca crescer de maneira sustent\u00e1vel, garantir seguran\u00e7a jur\u00eddica e acessar benef\u00edcios essenciais como cr\u00e9dito e contrata\u00e7\u00e3o de funcion\u00e1rios. No epis\u00f3dio desta semana do <a href=\"https:\/\/open.spotify.com\/show\/5oanCczcvAwKOH28e65472\" target=\"_blank\" rel=\"noopener\">Varejo S.A. Podcast<\/a>, Eduardo Curado, gerente de solu\u00e7\u00f5es do Sebrae, explica a import\u00e2ncia desse processo e os desafios enfrentados pelos pequenos empreendedores no Brasil.<\/p>\n<p>Segundo Curado, o Brasil \u00e9 um pa\u00eds de empreendedores natos, mas o ambiente de neg\u00f3cios ainda apresenta desafios significativos. \u201cMelhoramos nos \u00faltimos anos, mas ainda de forma t\u00edmida, perto do potencial que temos\u201d, afirma. Ele destaca que os pequenos neg\u00f3cios representam cerca de 94% dos empreendimentos do pa\u00eds e s\u00e3o respons\u00e1veis por 80% dos empregos formais, um dado que refor\u00e7a a import\u00e2ncia da formaliza\u00e7\u00e3o para a economia nacional.<\/p>\n<p>Al\u00e9m disso, formalizar um neg\u00f3cio significa registr\u00e1-lo oficialmente e seguir as normas legais estabelecidas. Esse passo oferece diversas vantagens para o empreendedor, como seguran\u00e7a jur\u00eddica, com prote\u00e7\u00e3o legal e mais credibilidade m contratos, disputas e em casos de inadimpl\u00eancia; facilidade no acesso ao cr\u00e9dito, ja que bancos e institui\u00e7\u00f5es financeiras costumam exigir essa medida para conceder cr\u00e9dito, o que \u00e9 vital para o crescimento do neg\u00f3cio; confiabilidade na marca; e, at\u00e9 mesmo, contrata\u00e7\u00f5es de colaboradores, o que reduz riscos legais e melhora a rela\u00e7\u00e3o com empregados.<\/p>\n<p>Durante o bate-papo, o executivo do Sebrae lembra que o empreendedorismo j\u00e1 \u00e9 o segundo maior sonho do brasileiro, perdendo apenas para a casa pr\u00f3pria. No entanto, para transformar esse sonho em realidade, \u00e9 essencial que os empres\u00e1rios esejam cientes dos passos e das responsabilidades envolvidos na formaliza\u00e7\u00e3o. Curado finaliza destacando que a medida n\u00e3o apenas um requisito legal, mas uma estrat\u00e9gia fundamental para o sucesso de qualquer neg\u00f3cio.<\/p>\n<p>Para saber mais sobre a <a href=\"https:\/\/cndl.org.br\/varejosa\/\" target=\"_blank\" rel=\"noopener\">import\u00e2ncia<\/a> de formalizar o seu neg\u00f3cio, assista esse epis\u00f3dio completo no videocast.<\/p>\n<p><iframe loading=\"lazy\" title=\"YouTube video player\" src=\"https:\/\/www.youtube.com\/embed\/UWix4CI-o4k?si=EioQGi0qBBYbaRpl\" width=\"560\" height=\"315\" frameborder=\"0\" allowfullscreen=\"allowfullscreen\"><\/iframe><\/p>\n<p>Ou escute no seu tocador de <a href=\"https:\/\/open.spotify.com\/show\/5oanCczcvAwKOH28e65472\" target=\"_blank\" rel=\"noopener\">podcast<\/a> preferido.<\/p>\n<p><iframe loading=\"lazy\" style=\"border-radius: 12px;\" src=\"https:\/\/open.spotify.com\/embed\/episode\/54AFOgdpsDz9PXTgrYclpX?utm_source=generator\" width=\"100%\" height=\"352\" frameborder=\"0\" allowfullscreen=\"allowfullscreen\"><\/iframe><\/p>\n","protected":false},"excerpt":{"rendered":"<p>A medida \u00e9 um passo muito importante ajudar no crescimento sustent\u00e1vel da empresa<\/p>\n","protected":false},"author":33,"featured_media":26944,"comment_status":"closed","ping_status":"closed","sticky":false,"template":"","format":"standard","meta":{"footnotes":""},"categories":[70,5288],"tags":[4553,249,5437,4977],"class_list":["post-26943","post","type-post","status-publish","format-standard","has-post-thumbnail","hentry","category-destaque","category-podcast","tag-podcast","tag-varejo","tag-varejo-podcast","tag-varejo-s-a-podcast"],"_links":{"self":[{"href":"https:\/\/cndl.org.br\/varejosa\/wp-json\/wp\/v2\/posts\/26943","targetHints":{"allow":["GET"]}}],"collection":[{"href":"https:\/\/cndl.org.br\/varejosa\/wp-json\/wp\/v2\/posts"}],"about":[{"href":"https:\/\/cndl.org.br\/varejosa\/wp-json\/wp\/v2\/types\/post"}],"author":[{"embeddable":true,"href":"https:\/\/cndl.org.br\/varejosa\/wp-json\/wp\/v2\/users\/33"}],"replies":[{"embeddable":true,"href":"https:\/\/cndl.org.br\/varejosa\/wp-json\/wp\/v2\/comments?post=26943"}],"version-history":[{"count":0,"href":"https:\/\/cndl.org.br\/varejosa\/wp-json\/wp\/v2\/posts\/26943\/revisions"}],"wp:featuredmedia":[{"embeddable":true,"href":"https:\/\/cndl.org.br\/varejosa\/wp-json\/wp\/v2\/media\/26944"}],"wp:attachment":[{"href":"https:\/\/cndl.org.br\/varejosa\/wp-json\/wp\/v2\/media?parent=26943"}],"wp:term":[{"taxonomy":"category","embeddable":true,"href":"https:\/\/cndl.org.br\/varejosa\/wp-json\/wp\/v2\/categories?post=26943"},{"taxonomy":"post_tag","embeddable":true,"href":"https:\/\/cndl.org.br\/varejosa\/wp-json\/wp\/v2\/tags?post=26943"}],"curies":[{"name":"wp","href":"https:\/\/api.w.org\/{rel}","templated":true}]}}