{"id":26983,"date":"2024-08-02T16:22:51","date_gmt":"2024-08-02T19:22:51","guid":{"rendered":"https:\/\/cndl.org.br\/varejosa\/?p=26983"},"modified":"2024-08-26T12:04:35","modified_gmt":"2024-08-26T15:04:35","slug":"governo-quer-aumentar-a-contribuicao-social-sobre-lucro-liquido-csll-das-empresas","status":"publish","type":"post","link":"https:\/\/cndl.org.br\/varejosa\/governo-quer-aumentar-a-contribuicao-social-sobre-lucro-liquido-csll-das-empresas\/","title":{"rendered":"Governo quer aumentar a contribui\u00e7\u00e3o social sobre Lucro L\u00edquido (CSLL) das empresas"},"content":{"rendered":"<p style=\"text-align: right;\"><em>Por <strong>C\u00edcero Heraldo Novaes<\/strong>, <\/em><br \/>\n<em>presidente da C\u00e2mara de Dirigentes Lojistas (CDL) Uberl\u00e2ndia<\/em><\/p>\n<p>Recentemente, o Minist\u00e9rio da Fazenda levantou a possibilidade de aumentar a CSLL, tributo que incide sobre o lucro das empresas, em at\u00e9 um ponto percentual, durante dois anos.<\/p>\n<p>Segundo o governo, a proposta traria uma arrecada\u00e7\u00e3o de cerca de R$ 17 bilh\u00f5es por ano e compensaria a desonera\u00e7\u00e3o da folha de pagamento dos 17 setores que mais empregam no pa\u00eds.<\/p>\n<p><img loading=\"lazy\" decoding=\"async\" class=\"alignright wp-image-26985\" src=\"https:\/\/cndl.org.br\/varejosa\/wp-content\/uploads\/2024\/08\/Cicero-Heraldo-Novaes-presidente-da-CDL-Uberlandia1-682x1024.jpg\" alt=\"\" width=\"128\" height=\"192\" srcset=\"https:\/\/cndl.org.br\/varejosa\/wp-content\/uploads\/2024\/08\/Cicero-Heraldo-Novaes-presidente-da-CDL-Uberlandia1-682x1024.jpg 682w, https:\/\/cndl.org.br\/varejosa\/wp-content\/uploads\/2024\/08\/Cicero-Heraldo-Novaes-presidente-da-CDL-Uberlandia1-200x300.jpg 200w, https:\/\/cndl.org.br\/varejosa\/wp-content\/uploads\/2024\/08\/Cicero-Heraldo-Novaes-presidente-da-CDL-Uberlandia1-768x1152.jpg 768w, https:\/\/cndl.org.br\/varejosa\/wp-content\/uploads\/2024\/08\/Cicero-Heraldo-Novaes-presidente-da-CDL-Uberlandia1.jpg 853w\" sizes=\"auto, (max-width: 128px) 100vw, 128px\" \/>A nova <a href=\"https:\/\/cndl.org.br\/varejosa\/\" target=\"_blank\" rel=\"noopener\">tentativa<\/a> de aumentar a fonte arrecadat\u00f3ria do Estado sofre forte resist\u00eancia no Senado por imputar \u00e0s demais atividades econ\u00f4micas a responsabilidade por arcar com o pre\u00e7o das isen\u00e7\u00f5es concedidas a um grupo seleto.<\/p>\n<p>Diante da evidente rejei\u00e7\u00e3o da ideia no Congresso, o governo j\u00e1 debate a possibilidade de aumentar a Contribui\u00e7\u00e3o Social sobre Lucro L\u00edquido (CSLL) das institui\u00e7\u00f5es financeiras.<\/p>\n<p>Enquanto benef\u00edcios e incentivos s\u00e3o mantidos para segmentos com alto poder de influ\u00eancia pol\u00edtica, as empresas do com\u00e9rcio e dos servi\u00e7os, reais respons\u00e1veis pela maior gera\u00e7\u00e3o de emprego no pa\u00eds (mais de 60%), ser\u00e3o duramente penalizadas por uma Reforma Tribut\u00e1ria que deveria simplificar a vida do contribuinte, mas, em vez disso, vai aumentar a carga para compensar incentivos e isen\u00e7\u00f5es na base da negociata.<\/p>\n<p>O que mais nos preocupa neste momento \u00e9 a miopia do Estado diante do prenunciado colapso nas finan\u00e7as do pa\u00eds. S\u00e3o consecutivas decis\u00f5es irracionais, criadas para elevar a receita da Uni\u00e3o, sem levar em conta o principal antagonista do equil\u00edbrio fiscal, que s\u00e3o as despesas p\u00fablicas.<\/p>\n<p>Os gastos anuais com o funcionalismo brasileiro (ativo e inativo) correspondem a 13,5% do nosso Produto Interno Bruto. At\u00e9 quando a iniciativa privada ter\u00e1 que sangrar para que a m\u00e1quina p\u00fablica seja poupada?<\/p>\n<p>O Congresso precisa defender com urg\u00eancia a elabora\u00e7\u00e3o de uma Reforma Administrativa capaz de conter e racionalizar os gastos p\u00fablicos, mas que seja conduzida com a compet\u00eancia, transpar\u00eancia e responsabilidade que n\u00e3o presenciamos na Reforma Tribut\u00e1ria.<\/p>\n<p style=\"text-align: center;\"><em>*C\u00edcero Heraldo Novaes \u00e9 presidente da <a href=\"https:\/\/cdludi.org.br\/\" target=\"_blank\" rel=\"noopener\">C\u00e2mara de Dirigentes Lojistas (CDL) Uberl\u00e2ndia<\/a><\/em><\/p>\n","protected":false},"excerpt":{"rendered":"<p>Tributo incide sobre o lucro das empresas em at\u00e9 um ponto percentual, durante dois anos.<\/p>\n","protected":false},"author":3,"featured_media":26984,"comment_status":"closed","ping_status":"closed","sticky":false,"template":"","format":"standard","meta":{"footnotes":""},"categories":[2234],"tags":[2591,2564,583,387],"class_list":["post-26983","post","type-post","status-publish","format-standard","has-post-thumbnail","hentry","category-vozes-do-varejo","tag-cdl","tag-cdl-uberlandia","tag-csll","tag-tributo"],"_links":{"self":[{"href":"https:\/\/cndl.org.br\/varejosa\/wp-json\/wp\/v2\/posts\/26983","targetHints":{"allow":["GET"]}}],"collection":[{"href":"https:\/\/cndl.org.br\/varejosa\/wp-json\/wp\/v2\/posts"}],"about":[{"href":"https:\/\/cndl.org.br\/varejosa\/wp-json\/wp\/v2\/types\/post"}],"author":[{"embeddable":true,"href":"https:\/\/cndl.org.br\/varejosa\/wp-json\/wp\/v2\/users\/3"}],"replies":[{"embeddable":true,"href":"https:\/\/cndl.org.br\/varejosa\/wp-json\/wp\/v2\/comments?post=26983"}],"version-history":[{"count":0,"href":"https:\/\/cndl.org.br\/varejosa\/wp-json\/wp\/v2\/posts\/26983\/revisions"}],"wp:featuredmedia":[{"embeddable":true,"href":"https:\/\/cndl.org.br\/varejosa\/wp-json\/wp\/v2\/media\/26984"}],"wp:attachment":[{"href":"https:\/\/cndl.org.br\/varejosa\/wp-json\/wp\/v2\/media?parent=26983"}],"wp:term":[{"taxonomy":"category","embeddable":true,"href":"https:\/\/cndl.org.br\/varejosa\/wp-json\/wp\/v2\/categories?post=26983"},{"taxonomy":"post_tag","embeddable":true,"href":"https:\/\/cndl.org.br\/varejosa\/wp-json\/wp\/v2\/tags?post=26983"}],"curies":[{"name":"wp","href":"https:\/\/api.w.org\/{rel}","templated":true}]}}