{"id":27105,"date":"2024-09-20T10:01:16","date_gmt":"2024-09-20T13:01:16","guid":{"rendered":"https:\/\/cndl.org.br\/varejosa\/?p=27105"},"modified":"2024-09-10T15:13:55","modified_gmt":"2024-09-10T18:13:55","slug":"investimento-empresarial-em-ti-pode-chegar-a-11-do-faturamento","status":"publish","type":"post","link":"https:\/\/cndl.org.br\/varejosa\/investimento-empresarial-em-ti-pode-chegar-a-11-do-faturamento\/","title":{"rendered":"Investimento empresarial em TI pode chegar a 11% do faturamento"},"content":{"rendered":"<p>Investimento empresarial na \u00e1rea de Tecnologia da Informa\u00e7\u00e3o (TI) deve <a href=\"https:\/\/cndl.org.br\/varejosa\/\" target=\"_blank\" rel=\"noopener\">corresponder<\/a> a 11% do faturamento das empresas nos pr\u00f3ximos tr\u00eas anos, conforme estimativa da Funda\u00e7\u00e3o Get\u00falio Vargas (FGV). O dado foi informado \u00e0 imprensa pelo professor e coordenador de pesquisa na \u00e1rea, Fernando Meirelles, durante entrevista coletiva.<\/p>\n<p>A proje\u00e7\u00e3o da FGV n\u00e3o \u00e9 a \u00fanica otimista feita para o setor. De acordo com a consultoria especializada em tecnologia, IDC, o mercado de TI deve crescer 11% na Am\u00e9rica Latina ainda este ano. O Brasil deve se destacar, apresentando crescimento de 12%.<\/p>\n<p>A estimativa para o mercado brasileiro \u00e9 maior do que as proje\u00e7\u00f5es para Argentina (7%), Col\u00f4mbia (10%), M\u00e9xico (10%), Chile (11%) e Peru (11%). Os Estados Unidos tamb\u00e9m ficam abaixo do percentual nacional (9%).<\/p>\n<p>Apesar disso, o resultado estimado para o Brasil este ano deve se configurar como desacelera\u00e7\u00e3o, j\u00e1 que o crescimento observado em 2023 foi de 15%. Entretanto, o estudo da IDC revela que os neg\u00f3cios em TI devem voltar a acelerar em 2025, com avan\u00e7o estimado em 13%.<\/p>\n<p><strong>Empresas brasileiras reconhecem vantagens de investir em TI<\/strong><\/p>\n<p>Dados de 2023 mostram que as organiza\u00e7\u00f5es brasileiras reconhecem a necessidade de investir no setor. A \u201cPesquisa do Uso de TI\u201d, realizada pela FGV, revelou que as empresas do pa\u00eds chegaram a desembolsar 9,4% da receita l\u00edquida no ano em quest\u00e3o.<\/p>\n<p>A \u00e1rea \u00e9 respons\u00e1vel por produzir, armazenar, transmitir e dar acesso \u00e0s informa\u00e7\u00f5es, conforme a Pontif\u00edcia Universidade Cat\u00f3lica do Rio Grande do Sul (PUCRS). Para isso, oferece um conjunto de atividades e solu\u00e7\u00f5es processadas por recursos computacionais.<\/p>\n<p>A PUCRS destaca que o setor n\u00e3o trata apenas de informa\u00e7\u00e3o, mas tamb\u00e9m de sua organiza\u00e7\u00e3o e classifica\u00e7\u00e3o, auxiliando na tomada de decis\u00f5es das empresas, por meio de processos mais r\u00e1pidos e seguros.<\/p>\n<p>Dessa forma, parte dos investimentos pode ser direcionada para potencializar e inovar o setor de TI. O <a href=\"https:\/\/jebsweb.com.br\/treinamento-power-bi\/\" target=\"_blank\" rel=\"noopener\">treinamento de Power BI<\/a> \u00e9 um dos recursos utilizados para capacitar empreendedores, l\u00edderes de neg\u00f3cios e profissionais sobre an\u00e1lise de dados.<\/p>\n<p>H\u00e1, ainda, iniciativas usadas para corrigir falhas e garantir o desempenho do setor. \u00c9 o caso da <a href=\"https:\/\/jebsweb.com.br\/sustentacao-de-ambientes-de-ti\/\" target=\"_blank\" rel=\"noopener\">sustenta\u00e7\u00e3o TI<\/a>, que consiste em um conjunto de a\u00e7\u00f5es para o bom funcionamento de hardwares e softwares utilizados por uma organiza\u00e7\u00e3o.<\/p>\n<p>Os estudos tamb\u00e9m apontam a incorpora\u00e7\u00e3o da Intelig\u00eancia Artificial (IA) nas atividades operacionais. De acordo com a consultoria IDC, at\u00e9 2027, 25% das despesas de TI devem ser direcionadas \u00e0 tecnologia.<\/p>\n<p>J\u00e1 o coordenador da pesquisa em TI da FGV, Fernando Meirelles, destaca que softwares de intelig\u00eancia anal\u00edtica como BI, BR, CRM e outros de apoio ao trabalho executivo devem impulsionar o lucro das empresas.<\/p>\n<p><strong>Investimentos refletem no mercado de trabalho<\/strong><\/p>\n<p>O aumento dos investimentos no setor de TI tende a aquecer o mercado de trabalho na \u00e1rea. A expectativa \u00e9 que novas vagas de emprego sejam abertas pelas empresas. No entanto, dados da pesquisa \u201cDemanda de Talentos em TIC e Estrat\u00e9gia \u03a3TCEM\u201d, realizada pela Associa\u00e7\u00e3o Brasileira das Empresas de Tecnologia da Informa\u00e7\u00e3o e Comunica\u00e7\u00e3o (Brasscom), mostram uma lacuna entre a oferta de emprego e a m\u00e3o de obra dispon\u00edvel para o preenchimento das vagas.<\/p>\n<p>O estudo evidencia que n\u00e3o h\u00e1 profissionais suficientes para atender \u00e0 demanda do mercado. Enquanto o pa\u00eds forma, em m\u00e9dia, apenas 53 mil brasileiros na \u00e1rea por ano, a demanda m\u00e9dia anual das empresas \u00e9 de 159 mil profissionais.<\/p>\n<p>Ainda de acordo com a associa\u00e7\u00e3o, o setor de TI tamb\u00e9m encontra dificuldades para despertar o interesse de jovens pela forma\u00e7\u00e3o em tecnologia, sobretudo mulheres e negros, que representam a minoria na \u00e1rea.<\/p>\n<p>Nos cursos de TI, 82,2% do total de alunos \u00e9 do g\u00eanero masculino e apenas 14,8% do g\u00eanero feminino. No recorte racial, 45,5% dos estudantes se autodeclararam brancos; 28,2%, pardos; 6,9%, negros; 1,7%, asi\u00e1ticos; 0,5%, ind\u00edgenas; e 17,1% n\u00e3o informaram.<\/p>\n","protected":false},"excerpt":{"rendered":"<p>Dados da FGV e da IDC trazem proje\u00e7\u00f5es otimistas para o setor de Tecnologia da Informa\u00e7\u00e3o.<\/p>\n","protected":false},"author":8,"featured_media":27108,"comment_status":"closed","ping_status":"closed","sticky":false,"template":"","format":"standard","meta":{"footnotes":""},"categories":[26],"tags":[247,1006,414,1832,1833],"class_list":["post-27105","post","type-post","status-publish","format-standard","has-post-thumbnail","hentry","category-negocios-e-economia","tag-comercio","tag-empresas","tag-investimento","tag-tecnologia-da-informacao","tag-ti"],"_links":{"self":[{"href":"https:\/\/cndl.org.br\/varejosa\/wp-json\/wp\/v2\/posts\/27105","targetHints":{"allow":["GET"]}}],"collection":[{"href":"https:\/\/cndl.org.br\/varejosa\/wp-json\/wp\/v2\/posts"}],"about":[{"href":"https:\/\/cndl.org.br\/varejosa\/wp-json\/wp\/v2\/types\/post"}],"author":[{"embeddable":true,"href":"https:\/\/cndl.org.br\/varejosa\/wp-json\/wp\/v2\/users\/8"}],"replies":[{"embeddable":true,"href":"https:\/\/cndl.org.br\/varejosa\/wp-json\/wp\/v2\/comments?post=27105"}],"version-history":[{"count":0,"href":"https:\/\/cndl.org.br\/varejosa\/wp-json\/wp\/v2\/posts\/27105\/revisions"}],"wp:featuredmedia":[{"embeddable":true,"href":"https:\/\/cndl.org.br\/varejosa\/wp-json\/wp\/v2\/media\/27108"}],"wp:attachment":[{"href":"https:\/\/cndl.org.br\/varejosa\/wp-json\/wp\/v2\/media?parent=27105"}],"wp:term":[{"taxonomy":"category","embeddable":true,"href":"https:\/\/cndl.org.br\/varejosa\/wp-json\/wp\/v2\/categories?post=27105"},{"taxonomy":"post_tag","embeddable":true,"href":"https:\/\/cndl.org.br\/varejosa\/wp-json\/wp\/v2\/tags?post=27105"}],"curies":[{"name":"wp","href":"https:\/\/api.w.org\/{rel}","templated":true}]}}