{"id":27392,"date":"2024-09-17T16:46:05","date_gmt":"2024-09-17T19:46:05","guid":{"rendered":"https:\/\/cndl.org.br\/varejosa\/?p=27392"},"modified":"2024-09-16T14:53:20","modified_gmt":"2024-09-16T17:53:20","slug":"especialista-aponta-estrategia-para-empresas-salvarem-vidas-setembro-amarelo","status":"publish","type":"post","link":"https:\/\/cndl.org.br\/varejosa\/especialista-aponta-estrategia-para-empresas-salvarem-vidas-setembro-amarelo\/","title":{"rendered":"Setembro Amarelo: especialista aponta estrat\u00e9gia para empresas salvarem vidas"},"content":{"rendered":"<p>O suic\u00eddio \u00e9 um desafio cr\u00edtico de sa\u00fade p\u00fablica, que afeta a <a href=\"https:\/\/cndl.org.br\/varejosa\/\" target=\"_blank\" rel=\"noopener\">sociedade<\/a> como um todo e demanda aten\u00e7\u00e3o urgente. Dados da Organiza\u00e7\u00e3o Mundial da Sa\u00fade (OMS) revelam uma realidade alarmante: anualmente, mais pessoas perdem a <a href=\"https:\/\/site.cndl.org.br\/\" target=\"_blank\" rel=\"noopener\">vida<\/a> por suic\u00eddio do que por HIV, mal\u00e1ria ou c\u00e2ncer de mama, superando at\u00e9 mesmo o n\u00famero de mortes decorrentes de guerras e homic\u00eddios.<\/p>\n<p>Essa triste realidade \u00e9 ainda mais preocupante entre os jovens, sendo o suic\u00eddio a quarta principal causa de morte entre aqueles de 15 a 29 anos, ficando atr\u00e1s apenas de acidentes de tr\u00e2nsito, tuberculose e viol\u00eancia interpessoal.<\/p>\n<p>De acordo com Bia N\u00f3brega, especialista em desenvolvimento humano e organizacional e embaixadora da orienteme, plataforma que oferece solu\u00e7\u00f5es integradas para promover a sa\u00fade, a mobiliza\u00e7\u00e3o de esfor\u00e7os globais para enfrentar essa crise \u00e9 fundamental e as empresas tamb\u00e9m precisam estar atentas a seus colaboradores. \u201cTransformar a preven\u00e7\u00e3o do suic\u00eddio em uma prioridade global \u00e9 fundamental para salvar vidas\u201d, diz.<\/p>\n<p>Desde 2013, a campanha internacional Setembro Amarelo, introduzida no Brasil por Ant\u00f4nio Geraldo da Silva, presidente da Associa\u00e7\u00e3o Brasileira de Psiquiatria (ABP), tem desempenhado um papel de conscientiza\u00e7\u00e3o e rompimento de estigmas na sensibiliza\u00e7\u00e3o para o tema. Em parceria com o Conselho Federal de Medicina (CFM), a ABP vem promovendo a campanha anualmente desde 2014, alcan\u00e7ando parceiros em todo o pa\u00eds.<\/p>\n<p>Embora o Dia Mundial de Preven\u00e7\u00e3o ao Suic\u00eddio seja celebrado oficialmente em 10 de setembro, as a\u00e7\u00f5es do projeto se estendem ao longo do ano, constituindo-se na maior campanha anti-estigma do mundo. Em 2024, o lema escolhido \u00e9 &#8220;Se precisar, pe\u00e7a ajuda!&#8221;. &#8220;Oferecer ajuda \u00e9 fundamental, especialmente quando sabemos que praticamente 100% dos casos de suic\u00eddio est\u00e3o relacionados a doen\u00e7as mentais, muitas vezes n\u00e3o diagnosticadas ou tratadas inadequadamente&#8221;, completa a especialista.<\/p>\n<p>Ela \u00e9 um exemplo de lideran\u00e7a que utiliza sua experi\u00eancia para criar um impacto positivo no ambiente corporativo. Em 2020, enquanto geria a \u00e1rea de Pessoas de uma organiza\u00e7\u00e3o, ela desenvolveu um programa anti estigma voltado para a sa\u00fade mental, sensibilizando e capacitando outros gestores e o time de Recursos Humanos. Al\u00e9m disso, promoveu a\u00e7\u00f5es integradas que envolviam sa\u00fade mental, pr\u00e1ticas culturais, esportivas, nutri\u00e7\u00e3o e bem-estar.<\/p>\n<p>\u201cCom o apoio de avalia\u00e7\u00f5es permanentes e a oferta de atendimento psicol\u00f3gico amplo e irrestrito, os resultados foram bem positivos: a empresa alcan\u00e7ou a certifica\u00e7\u00e3o GPTW e entrou no Top 10 de Melhores Bancos para Trabalhar no Brasil, al\u00e9m de ser reconhecida como a Melhor Institui\u00e7\u00e3o Financeira em Sa\u00fade Mental do pa\u00eds\u201d, lembra, refor\u00e7ando que o maior ganho ainda est\u00e1 em promover a\u00e7\u00f5es para uma melhor qualidade de vida dos funcion\u00e1rios e prevenir problemas que possam levar ao ato fatal.<\/p>\n<p><strong>Cen\u00e1rio brasileiro preocupa<\/strong><\/p>\n<p>No Brasil, o cen\u00e1rio \u00e9 particularmente grave. Entre 2016 e 2021, as taxas de mortalidade por suic\u00eddio entre adolescentes de 15 a 19 anos aumentaram 49,3%, enquanto que entre jovens de 10 a 14 anos o aumento foi de 45%, conforme dados da Secretaria de Vigil\u00e2ncia em Sa\u00fade, do Minist\u00e9rio da Sa\u00fade. Em termos absolutos, 12,6 a cada 100 mil homens e 5,4 a cada 100 mil mulheres no pa\u00eds perdem a vida dessa forma tr\u00e1gica.<\/p>\n<p>Globalmente, as taxas de suic\u00eddio variam de maneira significativa. Enquanto alguns pa\u00edses europeus t\u00eam conseguido reduzir os \u00edndices, outras na\u00e7\u00f5es, especialmente na \u00c1sia Oriental, Am\u00e9rica Central e Am\u00e9rica do Sul, registram um aumento preocupante. Apesar da gravidade da quest\u00e3o, poucos pa\u00edses tratam a preven\u00e7\u00e3o do suic\u00eddio como uma prioridade de sa\u00fade p\u00fablica: apenas 38 pa\u00edses possuem uma estrat\u00e9gia nacional dedicada ao tema.<\/p>\n<p>Atualmente, Bia N\u00f3brega segue propagando a import\u00e2ncia do tema por meio de suas redes, mentorias e palestras. Este ano, ela d\u00e1 mais um passo ao se tornar embaixadora da orienteme, plataforma parceira em sa\u00fade mental desde 2020 e a \u00fanica no Brasil a oferecer solu\u00e7\u00f5es integradas para o bem-estar e produtividade dos colaboradores. A ferramenta unifica atendimento psicol\u00f3gico, nutricional e de orienta\u00e7\u00e3o f\u00edsica, proporcionando uma redu\u00e7\u00e3o importante nos \u00edndices de depress\u00e3o (34,48%), ansiedade (25,14%) e estresse (21,25%) \u2013 problemas cr\u00edticos em um pa\u00eds que \u00e9 o segundo mais depressivo e o primeiro mais ansioso do mundo.<\/p>\n<p>Al\u00e9m de atendimentos especializados via videochamadas, a plataforma possibilita que os profissionais de sa\u00fade estejam dispon\u00edveis para conversas via chat, com op\u00e7\u00f5es de troca de mensagens de texto, \u00e1udio, v\u00eddeo e imagem, garantindo um suporte cont\u00ednuo e pr\u00f3ximo. A orienteme ainda conta com ferramentas para identifica\u00e7\u00e3o de casos de risco, como os de idea\u00e7\u00e3o suicida, e protocolos de atendimento especializado, que age de forma \u00e1gil, humana e sens\u00edvel para ajudar essas pessoas a encontrarem novas raz\u00f5es para continuar.<\/p>\n<p>\u201cAs empresas, por meio de iniciativas como essa, podem desempenhar um papel divisor de \u00e1guas na promo\u00e7\u00e3o da sa\u00fade mental e na preven\u00e7\u00e3o do suic\u00eddio, ajudando a construir um futuro mais saud\u00e1vel e solid\u00e1rio para seus colaboradores e para toda a sociedade\u201d, conclui.<\/p>\n","protected":false},"excerpt":{"rendered":"<p>Neste Setembro Amarelo, plataforma de cuidados com a sa\u00fade mental nas empresas refor\u00e7a a import\u00e2ncia da preven\u00e7\u00e3o<\/p>\n","protected":false},"author":8,"featured_media":27393,"comment_status":"closed","ping_status":"closed","sticky":false,"template":"","format":"standard","meta":{"footnotes":""},"categories":[101],"tags":[5500],"class_list":["post-27392","post","type-post","status-publish","format-standard","has-post-thumbnail","hentry","category-tendencias","tag-setembro-amarelo"],"_links":{"self":[{"href":"https:\/\/cndl.org.br\/varejosa\/wp-json\/wp\/v2\/posts\/27392","targetHints":{"allow":["GET"]}}],"collection":[{"href":"https:\/\/cndl.org.br\/varejosa\/wp-json\/wp\/v2\/posts"}],"about":[{"href":"https:\/\/cndl.org.br\/varejosa\/wp-json\/wp\/v2\/types\/post"}],"author":[{"embeddable":true,"href":"https:\/\/cndl.org.br\/varejosa\/wp-json\/wp\/v2\/users\/8"}],"replies":[{"embeddable":true,"href":"https:\/\/cndl.org.br\/varejosa\/wp-json\/wp\/v2\/comments?post=27392"}],"version-history":[{"count":0,"href":"https:\/\/cndl.org.br\/varejosa\/wp-json\/wp\/v2\/posts\/27392\/revisions"}],"wp:featuredmedia":[{"embeddable":true,"href":"https:\/\/cndl.org.br\/varejosa\/wp-json\/wp\/v2\/media\/27393"}],"wp:attachment":[{"href":"https:\/\/cndl.org.br\/varejosa\/wp-json\/wp\/v2\/media?parent=27392"}],"wp:term":[{"taxonomy":"category","embeddable":true,"href":"https:\/\/cndl.org.br\/varejosa\/wp-json\/wp\/v2\/categories?post=27392"},{"taxonomy":"post_tag","embeddable":true,"href":"https:\/\/cndl.org.br\/varejosa\/wp-json\/wp\/v2\/tags?post=27392"}],"curies":[{"name":"wp","href":"https:\/\/api.w.org\/{rel}","templated":true}]}}