{"id":27725,"date":"2024-10-28T11:44:24","date_gmt":"2024-10-28T14:44:24","guid":{"rendered":"https:\/\/cndl.org.br\/varejosa\/?p=27725"},"modified":"2024-10-28T11:44:24","modified_gmt":"2024-10-28T14:44:24","slug":"profissionais-de-rig-do-brasil-se-reunem-em-encontro-promovido-pela-cndl-e-pelo-spc-brasil","status":"publish","type":"post","link":"https:\/\/cndl.org.br\/varejosa\/profissionais-de-rig-do-brasil-se-reunem-em-encontro-promovido-pela-cndl-e-pelo-spc-brasil\/","title":{"rendered":"Profissionais de RIG do Brasil se re\u00fanem em encontro promovido pela CNDL e pelo SPC Brasil"},"content":{"rendered":"<p>\u201cImportantes pol\u00edticas p\u00fablicas s\u00e3o decididas <a href=\"https:\/\/cndl.org.br\/varejosa\/?city=brasil\" target=\"_blank\" rel=\"noopener\">diariamente<\/a> e o Sistema CNDL est\u00e1 inserido nos principais debates do pa\u00eds\u201d. Foi com esta mensagem que o presidente da Confedera\u00e7\u00e3o Nacional de Dirigentes Lojistas (<a href=\"https:\/\/site.cndl.org.br\/\" target=\"_blank\" rel=\"noopener\">CNDL<\/a>), Jos\u00e9 C\u00e9sar da Costa, participou do Semin\u00e1rio Nacional Jur\u00eddico do SPC e Encontro de Rela\u00e7\u00f5es Institucionais e Governamentais (RIG) do Sistema CNDL, realizado na \u00faltima ter\u00e7a-feira (22), em S\u00e3o Paulo.<\/p>\n<p>O evento reuniu especialistas, advogados e profissionais de RIG do Brasil inteiro com o objetivo de capacitar as equipes da \u00e1rea que fazem parte do Sistema CNDL e debater os principais temas regulat\u00f3rios do setor em pauta.<\/p>\n<p>Abriram o Semin\u00e1rio falando das oportunidades e desafios de mercado das entidades, Nival Martins, superintendente Jur\u00eddico, Governan\u00e7a e RIG, e \u00cdtalo Rocha, superintendente Administrativo e Financeiro do SPC Brasil.\u00a0\u201c\u00c9 importante que todo o Sistema CNDL esteja conectado para que seja poss\u00edvel ampliar nossa rede de neg\u00f3cios e oferecer ao mercado nossas solu\u00e7\u00f5es. Os produtos do SPC Brasil t\u00eam uma qualidade diferenciada no mercado e \u00e9 fundamental que nossas equipes estejam preparadas para oferec\u00ea-los aos nossos associados\u201d, destacou \u00cdtalo Rocha.<\/p>\n<p>Em seguida, a palestra \u201cAs compet\u00eancias do jur\u00eddico de neg\u00f3cios\u201d foi ministrada pelo fundador do Instituto Jur\u00eddico sem Gravata, Fl\u00e1vio Franco, que destacou a import\u00e2ncia da maior participa\u00e7\u00e3o dos advogados no dia a dia das empresas, explorando as compet\u00eancias necess\u00e1rias para viabilizar neg\u00f3cios e gerar resultados mensur\u00e1veis, sem abstra\u00e7\u00f5es e subjetividades.<\/p>\n<p>&#8220;Por muito tempo, o jur\u00eddico foi visto como um departamento distante das decis\u00f5es e estrat\u00e9gias das empresas. Os gestores mais modernos est\u00e3o mostrando para as empresas que os advogados est\u00e3o ali para ajudar a viabilizar neg\u00f3cios&#8221;, disse Franco.<\/p>\n<p>A gerente Jur\u00eddica do SPC Brasil, V\u00edvian Moraes, fez uma apresenta\u00e7\u00e3o sobre a migra\u00e7\u00e3o do SPC Brasil para a SPC Brasil S\/A e as quest\u00f5es regulat\u00f3rias envolvidas no processo.\u00a0\u201cFoi um momento importante de revermos amigos e criarmos conex\u00e3o, alinhamento e integra\u00e7\u00e3o entre neg\u00f3cio e jur\u00eddicos. Afinal, n\u00e3o h\u00e1 como o Jur\u00eddico agregar valor ao neg\u00f3cio sem estar abra\u00e7ado a ele\u201d, afirmou Vivian Moraes.<\/p>\n<p>A Coordenadora de RIG da CNDL, Karoline Lima, falou sobre a estrutura\u00e7\u00e3o da \u00e1rea dentro do Sistema CNDL. \u201cAs rela\u00e7\u00f5es governamentais e institucionais t\u00eam sido um instrumento de alta relev\u00e2ncia para o Sistema CNDL no processo de constru\u00e7\u00e3o de pol\u00edticas p\u00fablicas voltadas para o fortalecimento e defesa do setor de com\u00e9rcio e servi\u00e7os. Participar conscientemente do processo de forma\u00e7\u00e3o das pol\u00edticas p\u00fablicas \u00e9 exercer a cidadania. A defesa de um interesse individual ou coletivo no processo de forma\u00e7\u00e3o de pol\u00edticas p\u00fablicas pode ser feita por meio de uma s\u00e9rie de ferramentas leg\u00edtimas, e \u00e9 utilizando toda nossa capilaridade e nossa experi\u00eancia que constru\u00edmos um di\u00e1logo construtivo com os Poderes Constitu\u00eddos e em todo o pa\u00eds para defender o nosso setor e nossas pautas\u201d, destacou Lima.<\/p>\n<p>Karoline Lima tamb\u00e9m destacou alguns processos fundamentais realizados pela equipe da CNDL. \u201cEm RIG, al\u00e9m de acompanhar pautas legislativas, realizar an\u00e1lises t\u00e9cnicas e jur\u00eddicas e comunicar constantemente, \u00e9 importante mapearmos as pessoas chaves que influenciam a nossa tem\u00e1tica de interesse, sendo essa de oportunidade ou risco aos neg\u00f3cios, ao setor e a sociedade \u201d, completou.<\/p>\n<p>O encontro contou ainda com a apresenta\u00e7\u00e3o \u201cGest\u00e3o do Contencioso e seus desafios\u201d realizada pelo Coordenador do Contencioso do SPC Brasil, Fabiano Diogo; a palestra \u201cEvolu\u00e7\u00e3o: Modelos de Refer\u00eancia para a Consolida\u00e7\u00e3o dos profissionais e da \u00e1rea RIG\u201d, pela experiente professora Denilde Holzhacker representando o Instituto de Rela\u00e7\u00f5es Governamentais &#8211; IRELGOV, primeiro think tank de rela\u00e7\u00f5es governamentais no Brasil; e \u201cQualifica\u00e7\u00e3o e estrat\u00e9gias em RIG\u201d, pelo consultor Eduardo Fayet, que falou pela da Associa\u00e7\u00e3o Brasileira de Rela\u00e7\u00f5es Institucionais e Governamentais \u2013 ABRIG.<\/p>\n<p>Um dos momentos de destaque da agenda foi a apresenta\u00e7\u00e3o dos resultados que estruturaram a \u00e1rea de RIG e atuam em suas localidades alinhados com estrat\u00e9gias e diretrizes nacionais. Al\u00e9m dos projetos \u201cPNDV &#8211; Programa Nacional de Desenvolvimento do Varejo\u201d e do \u201cPol\u00edticas P\u00fablicas 4.0\u201d, realizados em parceria com o Sebrae Nacional em mais de 18 estados pelo Brasil, projetos que tiveram foco em organizar e fortalecer a atividade de RIG no Sistema CNDL.<\/p>\n<p>O evento teve ainda a apresenta\u00e7\u00e3o dos cases RIG do Sistema CNDL, coordenado por Karoline Lima e Bianca Robles, RIG do SPC Brasil. Neste momento foram apresentados os cases da FCDL Santa Catarina, por Christiane Monta\u00f1o Vega, assessora parlamentar e Anderson Ramos Augusto, superintendente Jur\u00eddico. J\u00e1 o case da CDL de Belo Horizonte &#8211; MG foi apresentado por Edilson Cruz, gerente de RIG e por Marcone Costa, analista de RIG; a apresenta\u00e7\u00e3o da CDL Goi\u00e2nia foi realizada por Felipe Teles, coordenador jur\u00eddico; e o da Federa\u00e7\u00e3o Varejista do Rio Grande do Sul, por Clarice Terezinha Strassburger, diretora de RIG da Entidade.<\/p>\n<p>Participaram do encontro o presidente da Federa\u00e7\u00e3o Varejista do RS, Ivonei Pionner, o presidente da FCDL GO, Valdir Ribeiro, o presidente da CDL Fortaleza, Francisco de Assis Costa Cavalcante, o presidente da CDL Jo\u00e3o Pessoa, Nivaldo Vilar, o presidente da CDL Cuiab\u00e1, Junior Macagnam, entre outros presentes.<\/p>\n","protected":false},"excerpt":{"rendered":"<p>O encontro reuniu especialistas, advogados e profissionais de RIG de todo o Brasil com o objetivo de capacitar as equipes da \u00e1rea que fazem parte do Sistema CNDL<\/p>\n","protected":false},"author":10,"featured_media":27726,"comment_status":"closed","ping_status":"closed","sticky":false,"template":"","format":"standard","meta":{"footnotes":""},"categories":[70,1371],"tags":[279,2565,1206,262],"class_list":["post-27725","post","type-post","status-publish","format-standard","has-post-thumbnail","hentry","category-destaque","category-noticias-cndl","tag-cndl","tag-relacoes-institucionais-e-governamentais","tag-rig","tag-spc-brasil"],"_links":{"self":[{"href":"https:\/\/cndl.org.br\/varejosa\/wp-json\/wp\/v2\/posts\/27725","targetHints":{"allow":["GET"]}}],"collection":[{"href":"https:\/\/cndl.org.br\/varejosa\/wp-json\/wp\/v2\/posts"}],"about":[{"href":"https:\/\/cndl.org.br\/varejosa\/wp-json\/wp\/v2\/types\/post"}],"author":[{"embeddable":true,"href":"https:\/\/cndl.org.br\/varejosa\/wp-json\/wp\/v2\/users\/10"}],"replies":[{"embeddable":true,"href":"https:\/\/cndl.org.br\/varejosa\/wp-json\/wp\/v2\/comments?post=27725"}],"version-history":[{"count":0,"href":"https:\/\/cndl.org.br\/varejosa\/wp-json\/wp\/v2\/posts\/27725\/revisions"}],"wp:featuredmedia":[{"embeddable":true,"href":"https:\/\/cndl.org.br\/varejosa\/wp-json\/wp\/v2\/media\/27726"}],"wp:attachment":[{"href":"https:\/\/cndl.org.br\/varejosa\/wp-json\/wp\/v2\/media?parent=27725"}],"wp:term":[{"taxonomy":"category","embeddable":true,"href":"https:\/\/cndl.org.br\/varejosa\/wp-json\/wp\/v2\/categories?post=27725"},{"taxonomy":"post_tag","embeddable":true,"href":"https:\/\/cndl.org.br\/varejosa\/wp-json\/wp\/v2\/tags?post=27725"}],"curies":[{"name":"wp","href":"https:\/\/api.w.org\/{rel}","templated":true}]}}