{"id":27820,"date":"2025-01-01T08:02:41","date_gmt":"2025-01-01T11:02:41","guid":{"rendered":"https:\/\/cndl.org.br\/varejosa\/?p=27820"},"modified":"2025-01-10T10:59:50","modified_gmt":"2025-01-10T13:59:50","slug":"datas-importantes-para-o-varejo-em-2025-um-guia-completo","status":"publish","type":"post","link":"https:\/\/cndl.org.br\/varejosa\/datas-importantes-para-o-varejo-em-2025-um-guia-completo\/","title":{"rendered":"Datas importantes para o varejo em 2025: um guia completo"},"content":{"rendered":"<p>Em 2025, o varejo ter\u00e1 v\u00e1rias oportunidades ao longo do ano para impulsionar suas vendas, aproveitando momentos estrat\u00e9gicos que tradicionalmente atraem um grande volume de consumidores. Estas ocasi\u00f5es s\u00e3o caracterizadas por campanhas promocionais intensivas e ofertas especiais que estimulam o consumo. Para os varejistas, \u00e9 crucial planejar com anteced\u00eancia, garantindo que o estoque esteja preparado e que as estrat\u00e9gias de marketing sejam eficazes para capturar a aten\u00e7\u00e3o dos consumidores.\u00a0<\/p>\r\n<p>Dentre alguns pontos importantes para os empreendedores est\u00e1 entender que a personaliza\u00e7\u00e3o das ofertas e a cria\u00e7\u00e3o de experi\u00eancias de compra envolventes podem fazer toda a diferen\u00e7a na hora de se destacar em um mercado competitivo. Al\u00e9m disso, o avan\u00e7o da tecnologia, o uso de dados e a crescente digitaliza\u00e7\u00e3o do com\u00e9rcio oferecem novas oportunidades para os varejistas capitalizarem em \u00e9pocas de alta e baixa demanda.<\/p>\r\n<p>Assim, estar atento \u00e0s tend\u00eancias de consumo e adaptar-se rapidamente \u00e0s mudan\u00e7as do mercado s\u00e3o fatores essenciais para maximizar o sucesso durante esses per\u00edodos de pico de vendas.\u00a0Confira abaixo algumas datas interessantes para voc\u00ea agitar o seu n\u00e9gocio em 2025:<\/p>\r\n<!-- \/wp:post-content -->\r\n\r\n<!-- wp:paragraph \/-->\r\n\r\n<!-- wp:paragraph -->\r\n<h2 style=\"text-align: center;\"><strong>1\u00ba Semestre<\/strong><\/h2>\r\n<p><strong>Janeiro<\/strong><\/p>\r\n<p><strong>7 \u2013<\/strong> Dia do Leitor<\/p>\r\n<p><strong>19 \u2013 <\/strong>Dia Nacional dos profissionais da beleza (cabeleireiro, barbeiro, esteticista, manicure, pedicure, depilador e maquiador)<\/p>\r\n<p><strong>30 \u2013 <\/strong>Dia da Saudade<\/p>\r\n<p><strong>Fevereiro<\/strong><\/p>\r\n<p><strong>14 \u2013<\/strong> Valentine\u2019s Day (Dia Mundial do Amor)<\/p>\r\n<p><strong>Mar\u00e7o<\/strong><\/p>\r\n<p><strong>3 e 4 \u2013 <\/strong>Carnaval<\/p>\r\n<p><strong>8 \u2013 <\/strong>Dia Internacional da Mulher<\/p>\r\n<p><strong>15 \u2013 <\/strong>Dia do Consumidor<\/p>\r\n<p><strong>20 \u2013 <\/strong>Dia Internacional da Felicidade<\/p>\r\n<p><strong>Abril<\/strong><\/p>\r\n<p><strong>5 \u2013 <\/strong>Dia do Filho<\/p>\r\n<p><strong>13 \u2013 <\/strong>Dia do Beijo<\/p>\r\n<p><strong>20 \u2013 <\/strong>P\u00e1scoa<\/p>\r\n<p><strong>Maio<\/strong><\/p>\r\n<p><strong>11 \u2013 <\/strong>Dia das M\u00e3es<\/p>\r\n<p><strong>24 \u2013 <\/strong>Dia Mundial do Hamburguer<\/p>\r\n<p><strong>25 \u2013 <\/strong>Dia do Orgulho Nerd<\/p>\r\n<p><strong>Junho<\/strong><\/p>\r\n<p><strong>7 \u2013 <\/strong>Dia Nacional do Vinho<\/p>\r\n<p><strong>12 \u2013 <\/strong>Dia dos Namorados<\/p>\r\n<p><strong>24 \u2013<\/strong> Dia de S\u00e3o Jo\u00e3o<\/p>\r\n<p><strong>28 \u2013 <\/strong>Dia do Orgulho LGBTQIAPN+<\/p>\r\n<h2 style=\"text-align: center;\"><strong>2\u00ba Semestre<\/strong><\/h2>\r\n<p><strong>Julho<\/strong><\/p>\r\n<p><strong>7 \u2013 <\/strong>Dia Internacional do Chocolate<\/p>\r\n<p><strong>10 \u2013 <\/strong>Dia da Pizza<\/p>\r\n<p><strong>13 \u2013 <\/strong>Dia Mundial do Rock<\/p>\r\n<p><strong>16 \u2013 <\/strong>Dia do Comerciante<\/p>\r\n<p><strong>20 \u2013 <\/strong>Dia do Amigo<\/p>\r\n<p><strong>24 \u2013 <\/strong>Dia Internacional do Autocuidado<\/p>\r\n<p><strong>26 \u2013 <\/strong>Dia dos Av\u00f3s<\/p>\r\n<p><strong>Agosto<\/strong><\/p>\r\n<p><strong>7 \u2013 <\/strong>Dia Internacional da Cerveja <strong>10 \u2013 <\/strong>Dia dos Pais\u00a0<\/p>\r\n<p><strong>Setembro<\/strong><\/p>\r\n<p><strong>1 a 7 \u2013 <\/strong>Semana do Brasil (Black Friday Brasileira)<\/p>\r\n<p><strong>6 \u2013 <\/strong>Dia do Sexo<\/p>\r\n<p><strong>15 \u2013 <\/strong>Dia do Cliente<\/p>\r\n<p><strong>23 \u2013 <\/strong>Dia do Sorvete<\/p>\r\n<p><strong>Outubro<\/strong><\/p>\r\n<p><strong>4 \u2013 <\/strong>Dia dos Animais<\/p>\r\n<p><strong>5 \u2013 <\/strong>Dia Nacional da Micro e Pequena Empresa<\/p>\r\n<p><strong>12 \u2013 <\/strong>Dia das Crian\u00e7as<\/p>\r\n<p><strong>15 \u2013 <\/strong>Dia do Professor<\/p>\r\n<p><strong>29 \u2013 <\/strong>Dia do Livro<\/p>\r\n<p><strong>31 \u2013 <\/strong>Halloween<\/p>\r\n<p><strong>Novembro<\/strong><\/p>\r\n<p><strong>19 \u2013 <\/strong>Dia do Empreendedorismo Feminino<\/p>\r\n<p><strong>20 \u2013 <\/strong>Dia Nacional da Consci\u00eancia Negra<\/p>\r\n<p><strong>28 \u2013 <\/strong>Black Friday\/Cyber Monday<\/p>\r\n<p><strong>Dezembro<\/strong><\/p>\r\n<p><strong>25 \u2013 <\/strong>Natal<\/p>\r\n<p><strong>31 \u2013 <\/strong>Ano Novo<\/p>\r\n<!-- \/wp:paragraph -->\r\n<p>Essas s\u00e3o apenas algumas das datas que prometem movimentar o varejo em 2025. Estar preparado para cada uma delas \u00e9 essencial para garantir o sucesso do seu neg\u00f3cio. Planeje suas estrat\u00e9gias, aproveite as oportunidades e fa\u00e7a de 2025 um <a href=\"https:\/\/site.cndl.org.br\/\" target=\"_blank\" rel=\"noopener\">ano<\/a> inesquec\u00edvel para o seu <a href=\"https:\/\/cndl.org.br\/varejosa\/\" target=\"_blank\" rel=\"noopener\">com\u00e9rcio<\/a>.<\/p>","protected":false},"excerpt":{"rendered":"<p>O ano de 2025 promete ser um marco para o varejo, com datas estrat\u00e9gicas que podem alavancar as vendas e impulsionar o crescimento do setor<\/p>\n","protected":false},"author":33,"featured_media":27971,"comment_status":"closed","ping_status":"closed","sticky":false,"template":"","format":"standard","meta":{"footnotes":""},"categories":[70,101],"tags":[247,5527,249,250],"class_list":["post-27820","post","type-post","status-publish","format-standard","has-post-thumbnail","hentry","category-destaque","category-tendencias","tag-comercio","tag-feriado","tag-varejo","tag-vendas"],"_links":{"self":[{"href":"https:\/\/cndl.org.br\/varejosa\/wp-json\/wp\/v2\/posts\/27820","targetHints":{"allow":["GET"]}}],"collection":[{"href":"https:\/\/cndl.org.br\/varejosa\/wp-json\/wp\/v2\/posts"}],"about":[{"href":"https:\/\/cndl.org.br\/varejosa\/wp-json\/wp\/v2\/types\/post"}],"author":[{"embeddable":true,"href":"https:\/\/cndl.org.br\/varejosa\/wp-json\/wp\/v2\/users\/33"}],"replies":[{"embeddable":true,"href":"https:\/\/cndl.org.br\/varejosa\/wp-json\/wp\/v2\/comments?post=27820"}],"version-history":[{"count":0,"href":"https:\/\/cndl.org.br\/varejosa\/wp-json\/wp\/v2\/posts\/27820\/revisions"}],"wp:featuredmedia":[{"embeddable":true,"href":"https:\/\/cndl.org.br\/varejosa\/wp-json\/wp\/v2\/media\/27971"}],"wp:attachment":[{"href":"https:\/\/cndl.org.br\/varejosa\/wp-json\/wp\/v2\/media?parent=27820"}],"wp:term":[{"taxonomy":"category","embeddable":true,"href":"https:\/\/cndl.org.br\/varejosa\/wp-json\/wp\/v2\/categories?post=27820"},{"taxonomy":"post_tag","embeddable":true,"href":"https:\/\/cndl.org.br\/varejosa\/wp-json\/wp\/v2\/tags?post=27820"}],"curies":[{"name":"wp","href":"https:\/\/api.w.org\/{rel}","templated":true}]}}