{"id":27821,"date":"2024-12-27T08:03:03","date_gmt":"2024-12-27T11:03:03","guid":{"rendered":"https:\/\/cndl.org.br\/varejosa\/?p=27821"},"modified":"2024-11-22T13:04:37","modified_gmt":"2024-11-22T16:04:37","slug":"calendario-de-feriados-de-2025-planeje-o-seu-negocio","status":"publish","type":"post","link":"https:\/\/cndl.org.br\/varejosa\/calendario-de-feriados-de-2025-planeje-o-seu-negocio\/","title":{"rendered":"Calend\u00e1rio de feriados de 2025: planeje o seu neg\u00f3cio"},"content":{"rendered":"<p>O ano de 2025 est\u00e1 batendo \u00e0 porta, e com ele, uma s\u00e9rie de feriados nacionais que prometem movimentar o com\u00e9rcio e o varejo em todo o Brasil. Para lojistas e empreendedores, cada feriado \u00e9 uma oportunidade de ouro para alavancar as vendas e conquistar novos clientes. Mas, para aproveitar ao m\u00e1ximo essas datas, \u00e9 essencial estar bem informado e preparado para planejar promo\u00e7\u00f5es, ajustar o estoque ou criar campanhas de marketing.<\/p>\n<p>Vamos conferir os feriados nacionais que nos aguardam no pr\u00f3ximo ano? Quais fazem mais sentido para voc\u00ea aproveitar nos seus <a href=\"https:\/\/cndl.org.br\/varejosa\/\" target=\"_blank\" rel=\"noopener\">neg\u00f3cios<\/a>?<\/p>\n<ul>\n<li><strong>Ano Novo: 1\u00ba de janeiro (quarta-feira): <\/strong>o ano come\u00e7a com o tradicional feriado de Ano Novo, uma quarta-feira que promete ser o ponto de partida para um ano repleto de oportunidades. \u00c9 o momento de renovar as energias e tra\u00e7ar novas metas.<\/li>\n<\/ul>\n<ul>\n<li><strong>Carnaval: 3 e 4 de mar\u00e7o (segunda-feira e ter\u00e7a-feira): <\/strong>uma das festas mais aguardadas do ano, acontecer\u00e1 nos dias 3 e 4 de mar\u00e7o. Prepare-se para a folia e para os blocos de rua que tomam conta das cidades brasileiras. E, claro, n\u00e3o se esque\u00e7a de que a quarta-feira de cinzas, dia 5, \u00e9 ponto facultativo em muitos lugares.<\/li>\n<\/ul>\n<ul>\n<li><strong>Paix\u00e3o de Cristo: 18 de abril (sexta-feira): <\/strong>\u00a0a sexta-feira Santa, em 18 de abril, \u00e9 um feriado religioso que marca a Paix\u00e3o de Cristo. \u00c9 um momento de reflex\u00e3o para muitos, al\u00e9m de ser uma oportunidade para um feriado prolongado.<\/li>\n<\/ul>\n<ul>\n<li><strong>Tiradentes: 21 de abril (segunda-feira): <\/strong>data que homenageia Joaquim Jos\u00e9 da Silva Xavier, o Tiradentes, um dos l\u00edderes da Inconfid\u00eancia Mineira, ca\u00ed em uma segunda-feira, garantindo mais um fim de semana prolongado.<\/li>\n<\/ul>\n<ul>\n<li><strong>Dia do Trabalho: 1\u00ba de maio (quinta-feira): <\/strong>data importante para refletir sobre as conquistas dos trabalhadores ao longo dos anos.<\/li>\n<\/ul>\n<ul>\n<li><strong>Corpus Christi: 19 de junho (quinta-feira): <\/strong>celebra\u00e7\u00e3o religiosa que ocorre sempre em uma quinta-feira. Muitas cidades brasileiras realizam prociss\u00f5es e eventos religiosos nesta data.<\/li>\n<\/ul>\n<ul>\n<li><strong>Independ\u00eancia do Brasil: 7 de setembro (domingo): <\/strong>\u00e9 uma data c\u00edvica que celebra a independ\u00eancia do pa\u00eds de Portugal, em 1822.<\/li>\n<\/ul>\n<ul>\n<li><strong>Nossa Senhora Aparecida: 12 de outubro (domingo): <\/strong>dia de Nossa Senhora Aparecida, padroeira do Brasil, \u00e9 celebrado em 12 de outubro. Em 2025, tamb\u00e9m cai em um domingo, sendo uma data importante para os cat\u00f3licos.<\/li>\n<\/ul>\n<ul>\n<li><strong>Finados: 2 de novembro (domingo): <\/strong>uma data de homenagem aos entes queridos que j\u00e1 partiram. Em 2025, ser\u00e1 em um domingo, um dia de reflex\u00e3o e lembran\u00e7as.<\/li>\n<\/ul>\n<ul>\n<li><strong>Proclama\u00e7\u00e3o da Rep\u00fablica: 15 de novembro (s\u00e1bado): <\/strong>\u00a0uma data que marca a transi\u00e7\u00e3o do Brasil de uma monarquia para uma rep\u00fablica, em 1889.<\/li>\n<\/ul>\n<ul>\n<li><strong>Consci\u00eancia Negra: 20 de novembro (quinta-feira): <\/strong>data importante para refletir sobre a luta contra o racismo e a valoriza\u00e7\u00e3o da cultura afro-brasileira. Em 2025, ser\u00e1 em uma quinta-feira.<\/li>\n<\/ul>\n<ul>\n<li><strong>Natal: 25 de dezembro (quinta-feira): <\/strong>finalmente, uma das datas mais aguardadas do ano. Em 2025, cai em uma quinta-feira, podendo proporcionar um feriado prolongado para celebrar com a fam\u00edlia e amigos.<\/li>\n<\/ul>\n<p>Com um calend\u00e1rio de feriados t\u00e3o promissor, 2025 se apresenta como um ano de grandes oportunidades para o com\u00e9rcio. Planejar com anteced\u00eancia e estar preparado para cada data pode ser a chave para um ano de sucesso nas vendas. Aproveite cada uma dessas datas para se conectar com seus clientes e oferecer experi\u00eancias de compra para fidelizar todos <a href=\"https:\/\/site.cndl.org.br\/\" target=\"_blank\" rel=\"noopener\">eles<\/a>.<\/p>\n","protected":false},"excerpt":{"rendered":"<p>O calend\u00e1rio de feriados do pr\u00f3ximo ano est\u00e1 recheado de datas que podem ser um verdadeiro presente para o com\u00e9rcio<\/p>\n","protected":false},"author":33,"featured_media":27970,"comment_status":"closed","ping_status":"closed","sticky":false,"template":"","format":"standard","meta":{"footnotes":""},"categories":[70,101],"tags":[2863],"class_list":["post-27821","post","type-post","status-publish","format-standard","has-post-thumbnail","hentry","category-destaque","category-tendencias","tag-feriados"],"_links":{"self":[{"href":"https:\/\/cndl.org.br\/varejosa\/wp-json\/wp\/v2\/posts\/27821","targetHints":{"allow":["GET"]}}],"collection":[{"href":"https:\/\/cndl.org.br\/varejosa\/wp-json\/wp\/v2\/posts"}],"about":[{"href":"https:\/\/cndl.org.br\/varejosa\/wp-json\/wp\/v2\/types\/post"}],"author":[{"embeddable":true,"href":"https:\/\/cndl.org.br\/varejosa\/wp-json\/wp\/v2\/users\/33"}],"replies":[{"embeddable":true,"href":"https:\/\/cndl.org.br\/varejosa\/wp-json\/wp\/v2\/comments?post=27821"}],"version-history":[{"count":0,"href":"https:\/\/cndl.org.br\/varejosa\/wp-json\/wp\/v2\/posts\/27821\/revisions"}],"wp:featuredmedia":[{"embeddable":true,"href":"https:\/\/cndl.org.br\/varejosa\/wp-json\/wp\/v2\/media\/27970"}],"wp:attachment":[{"href":"https:\/\/cndl.org.br\/varejosa\/wp-json\/wp\/v2\/media?parent=27821"}],"wp:term":[{"taxonomy":"category","embeddable":true,"href":"https:\/\/cndl.org.br\/varejosa\/wp-json\/wp\/v2\/categories?post=27821"},{"taxonomy":"post_tag","embeddable":true,"href":"https:\/\/cndl.org.br\/varejosa\/wp-json\/wp\/v2\/tags?post=27821"}],"curies":[{"name":"wp","href":"https:\/\/api.w.org\/{rel}","templated":true}]}}