{"id":28012,"date":"2024-12-05T09:30:21","date_gmt":"2024-12-05T12:30:21","guid":{"rendered":"https:\/\/cndl.org.br\/varejosa\/?p=28012"},"modified":"2024-12-04T11:33:05","modified_gmt":"2024-12-04T14:33:05","slug":"o-plp-68-24-vai-acabar-com-o-simples-nacional","status":"publish","type":"post","link":"https:\/\/cndl.org.br\/varejosa\/o-plp-68-24-vai-acabar-com-o-simples-nacional\/","title":{"rendered":"O PLP 68\/24 vai acabar com o Simples Nacional"},"content":{"rendered":"<p style=\"text-align: right;\"><em>Por<strong> Jos\u00e9 Cesar da Costa<\/strong>,<\/em><br \/>\n<em>presidente da Confedera\u00e7\u00e3o Nacional de Dirigentes Lojistas (CNDL)<\/em><\/p>\n<p>O <a href=\"https:\/\/www25.senado.leg.br\/web\/atividade\/materias\/-\/materia\/164914\" target=\"_blank\" rel=\"noopener\">projeto de lei complementar<\/a> (PLP) que regulamenta a reforma tribut\u00e1ria (PLP 68\/24) coloca em risco 23 milh\u00f5es de micro e pequenas empresas do pa\u00eds. A proposta, que est\u00e1 atualmente em debate na Comiss\u00e3o de Constitui\u00e7\u00e3o e Justi\u00e7a (CCJ) do Senado Federal, coloca os pequenos empres\u00e1rios em um dilema: permanecer integralmente no Simples Nacional \u2014 mas repassar um cr\u00e9dito menor que o transferido pelas concorrentes fora do regime, perdendo competitividade \u2014, ou adotar um regime h\u00edbrido, recolhendo separadamente o IBS e a CBS. Esse modelo h\u00edbrido acarretaria custos tribut\u00e1rios mais altos e a necessidade de cumprir mais obriga\u00e7\u00f5es fiscais, tornando a opera\u00e7\u00e3o invi\u00e1vel para a maioria dos pequenos neg\u00f3cios.<\/p>\n<p><img loading=\"lazy\" decoding=\"async\" class=\"alignright  wp-image-11648\" src=\"https:\/\/cndl.org.br\/varejosa\/wp-content\/uploads\/2021\/02\/jose-cesar2-scaled-1-1006x1024.jpg\" alt=\"\" width=\"203\" height=\"207\" srcset=\"https:\/\/cndl.org.br\/varejosa\/wp-content\/uploads\/2021\/02\/jose-cesar2-scaled-1-1006x1024.jpg 1006w, https:\/\/cndl.org.br\/varejosa\/wp-content\/uploads\/2021\/02\/jose-cesar2-scaled-1-295x300.jpg 295w, https:\/\/cndl.org.br\/varejosa\/wp-content\/uploads\/2021\/02\/jose-cesar2-scaled-1-768x782.jpg 768w, https:\/\/cndl.org.br\/varejosa\/wp-content\/uploads\/2021\/02\/jose-cesar2-scaled-1-1509x1536.jpg 1509w\" sizes=\"auto, (max-width: 203px) 100vw, 203px\" \/>Desta forma, o Simples Nacional, que unificou diversos tributos em uma \u00fanica guia, simplificou a burocracia e impulsionou o crescimento de milh\u00f5es de pequenos empreendimentos, est\u00e1 em risco de perder sua efic\u00e1cia. De acordo com o Sebrae, 64% das empresas optantes por esse modelo de tributa\u00e7\u00e3o seriam for\u00e7adas a ir para a informalidade ou reduziriam suas atividades caso o Simples n\u00e3o existisse.<\/p>\n<p>Os pequenos neg\u00f3cios representam hoje 95% das empresas brasileiras, 30% do PIB nacional e 61% dos empregos gerados em 2024. Ainda de acordo com o Sebrae, 83% das empresas no Simples Nacional sobrevivem aos primeiros dois anos, enquanto, em outros regimes, esse \u00edndice cai para 38%.<\/p>\n<p>A Constitui\u00e7\u00e3o Federal de 1988 j\u00e1 falava em estabelecer um tratamento que favorecesse as micro e pequenas empresas. Ap\u00f3s d\u00e9cadas de expectativa por uma Reforma Tribut\u00e1ria que trouxesse um ambiente de neg\u00f3cios mais favor\u00e1vel ao pa\u00eds, os maiores gerados de emprego e renda se veem diante de um retrocesso que coloca suas empresas em uma situa\u00e7\u00e3o de vulnerabilidade e risco.<\/p>\n<p>Um caminho para tal situa\u00e7\u00e3o seria a altera\u00e7\u00e3o do texto do PLP 68\/24 para que seja poss\u00edvel a transfer\u00eancia de cr\u00e9dito integral da CBS no mesmo porcentual do regime regular. Outra sugest\u00e3o \u00e9 a permiss\u00e3o para que os tratamentos com al\u00edquota reduzida ou isen\u00e7\u00e3o do IBS e da CBS, bem como as opera\u00e7\u00f5es sujeitas \u00e0 tributa\u00e7\u00e3o monof\u00e1sica (como combust\u00edveis), sejam proporcionalmente deduzidos do valor devido pelo contribuinte do Simples Nacional.<\/p>\n<p>\u00c9 urgente que o Congresso Nacional apoie as micro e pequenas empresas do pa\u00eds e regulamente uma Reforma Tribut\u00e1ria que traga de fato crescimento e seguran\u00e7a aos neg\u00f3cios. Simples Nacional n\u00e3o \u00e9 gasto tribut\u00e1rio. Simples Nacional \u00e9 crescimento, gera\u00e7\u00e3o de renda e emprego. O Simples Nacional n\u00e3o pode acabar.<\/p>\n<p style=\"text-align: center;\"><em>*Jos\u00e9 Cesar da Costa \u00e9 presidente da Confedera\u00e7\u00e3o Nacional de Dirigentes Lojistas (<a href=\"https:\/\/cndl.org.br\/varejosa\/\" target=\"_blank\" rel=\"noopener\">CNDL<\/a>)<\/em><\/p>\n","protected":false},"excerpt":{"rendered":"<p>Regime n\u00e3o \u00e9 gasto tribut\u00e1rio, \u00e9 crescimento, gera\u00e7\u00e3o de renda e emprego<\/p>\n","protected":false},"author":32,"featured_media":28013,"comment_status":"closed","ping_status":"closed","sticky":false,"template":"","format":"standard","meta":{"footnotes":""},"categories":[70,2234],"tags":[279,285],"class_list":["post-28012","post","type-post","status-publish","format-standard","has-post-thumbnail","hentry","category-destaque","category-vozes-do-varejo","tag-cndl","tag-simples-nacional"],"_links":{"self":[{"href":"https:\/\/cndl.org.br\/varejosa\/wp-json\/wp\/v2\/posts\/28012","targetHints":{"allow":["GET"]}}],"collection":[{"href":"https:\/\/cndl.org.br\/varejosa\/wp-json\/wp\/v2\/posts"}],"about":[{"href":"https:\/\/cndl.org.br\/varejosa\/wp-json\/wp\/v2\/types\/post"}],"author":[{"embeddable":true,"href":"https:\/\/cndl.org.br\/varejosa\/wp-json\/wp\/v2\/users\/32"}],"replies":[{"embeddable":true,"href":"https:\/\/cndl.org.br\/varejosa\/wp-json\/wp\/v2\/comments?post=28012"}],"version-history":[{"count":0,"href":"https:\/\/cndl.org.br\/varejosa\/wp-json\/wp\/v2\/posts\/28012\/revisions"}],"wp:featuredmedia":[{"embeddable":true,"href":"https:\/\/cndl.org.br\/varejosa\/wp-json\/wp\/v2\/media\/28013"}],"wp:attachment":[{"href":"https:\/\/cndl.org.br\/varejosa\/wp-json\/wp\/v2\/media?parent=28012"}],"wp:term":[{"taxonomy":"category","embeddable":true,"href":"https:\/\/cndl.org.br\/varejosa\/wp-json\/wp\/v2\/categories?post=28012"},{"taxonomy":"post_tag","embeddable":true,"href":"https:\/\/cndl.org.br\/varejosa\/wp-json\/wp\/v2\/tags?post=28012"}],"curies":[{"name":"wp","href":"https:\/\/api.w.org\/{rel}","templated":true}]}}