{"id":28683,"date":"2025-03-17T13:23:21","date_gmt":"2025-03-17T16:23:21","guid":{"rendered":"https:\/\/cndl.org.br\/varejosa\/?p=28683"},"modified":"2025-03-17T13:29:36","modified_gmt":"2025-03-17T16:29:36","slug":"receita-federal-do-brasil-lanca-o-cnpj-alfanumerico","status":"publish","type":"post","link":"https:\/\/cndl.org.br\/varejosa\/receita-federal-do-brasil-lanca-o-cnpj-alfanumerico\/","title":{"rendered":"Receita Federal do Brasil lan\u00e7a o CNPJ Alfanum\u00e9rico"},"content":{"rendered":"<p>Para acompanhar o crescimento constante do empreendedorismo no Brasil e evitar o esgotamento da numera\u00e7\u00e3o atual, a Receita Federal do Brasil anunciou a implementa\u00e7\u00e3o do CNPJ Alfanum\u00e9rico. A partir de julho de 2026, todas as novas inscri\u00e7\u00f5es de empresas passar\u00e3o a receber esse novo formato, que combina n\u00fameros e letras. Importante destacar que os CNPJs j\u00e1 existentes n\u00e3o sofrer\u00e3o altera\u00e7\u00e3o, garantindo a <a href=\"https:\/\/cndl.org.br\/varejosa\/\" target=\"_blank\" rel=\"noopener\">continuidade<\/a> das identifica\u00e7\u00f5es empresariais j\u00e1 estabelecidas.<\/p>\n<p>A Receita Federal est\u00e1 tomando medidas para garantir uma transi\u00e7\u00e3o suave. As Secretarias da Fazenda estaduais e municipais ser\u00e3o notificadas antecipadamente para atualizar seus sistemas. Al\u00e9m disso, <a href=\"https:\/\/site.cndl.org.br\/\" target=\"_blank\" rel=\"noopener\">ser\u00e3o<\/a> disponibilizadas rotinas de c\u00e1lculo do d\u00edgito verificador em linguagens usuais, minimizando os impactos nas adequa\u00e7\u00f5es tecnol\u00f3gicas.<\/p>\n<p>O CNPJ Alfanum\u00e9rico manter\u00e1 os 14 d\u00edgitos do modelo atual, mas passar\u00e1 a incluir letras em sua composi\u00e7\u00e3o. O formato ser\u00e1: AA.AAA.AAA\/AAAA-DV, onde &#8220;A&#8221; pode ser qualquer n\u00famero de 0 a 9 ou qualquer letra de A a Z, e &#8220;DV&#8221; \u00e9 o d\u00edgito verificador calculado pela Receita Federal.<\/p>\n<p>O novo formato ser\u00e1 aplicado apenas para novas empresas registradas a partir de julho de 2026.<\/p>\n<p><strong>Fique atento!<\/strong><\/p>\n<p>Todos os sistemas informatizados que utilizam o CNPJ precisar\u00e3o ser atualizados. A Receita Federal manter\u00e1 uma comunica\u00e7\u00e3o ativa com empresas e entidades para garantir a transpar\u00eancia e a correta transi\u00e7\u00e3o para o novo modelo.<\/p>\n<p>Empresas que n\u00e3o adequarem seus sistemas no prazo podem enfrentar dificuldades na emiss\u00e3o de notas fiscais e na comunica\u00e7\u00e3o com clientes e fornecedores. Isso pode gerar atrasos em processos administrativos e fiscais, impactando as opera\u00e7\u00f5es.<\/p>\n<p>Al\u00e9m disso, as empresas inscritas com o novo CNPJ Alfanum\u00e9rico precisar\u00e3o ajustar seus sistemas para a emiss\u00e3o de documentos fiscais eletr\u00f4nicos e obriga\u00e7\u00f5es acess\u00f3rias.<\/p>\n<ul>\n<li>Empresas j\u00e1 existentes n\u00e3o precisar\u00e3o alterar seu CNPJ.<\/li>\n<li>Microempreendedores Individuais (MEIs) continuar\u00e3o com o CNPJ num\u00e9rico.<\/li>\n<li>As demais empresas e Pessoas Jur\u00eddicas (PJs) tamb\u00e9m manter\u00e3o seu CNPJ num\u00e9rico.<\/li>\n<\/ul>\n<p>Com essa mudan\u00e7a, a Receita Federal busca garantir um sistema de identifica\u00e7\u00e3o mais robusto e preparado para o futuro do ambiente de neg\u00f3cios no Brasil.<\/p>\n","protected":false},"excerpt":{"rendered":"<p>O CNPJ Alfanum\u00e9rico ser\u00e1 atribu\u00eddo, a partir de Julho de 2026<\/p>\n","protected":false},"author":33,"featured_media":28684,"comment_status":"closed","ping_status":"closed","sticky":false,"template":"","format":"standard","meta":{"footnotes":""},"categories":[1371],"tags":[5619],"class_list":["post-28683","post","type-post","status-publish","format-standard","has-post-thumbnail","hentry","category-noticias-cndl","tag-cnpj-alfanumerico"],"_links":{"self":[{"href":"https:\/\/cndl.org.br\/varejosa\/wp-json\/wp\/v2\/posts\/28683","targetHints":{"allow":["GET"]}}],"collection":[{"href":"https:\/\/cndl.org.br\/varejosa\/wp-json\/wp\/v2\/posts"}],"about":[{"href":"https:\/\/cndl.org.br\/varejosa\/wp-json\/wp\/v2\/types\/post"}],"author":[{"embeddable":true,"href":"https:\/\/cndl.org.br\/varejosa\/wp-json\/wp\/v2\/users\/33"}],"replies":[{"embeddable":true,"href":"https:\/\/cndl.org.br\/varejosa\/wp-json\/wp\/v2\/comments?post=28683"}],"version-history":[{"count":0,"href":"https:\/\/cndl.org.br\/varejosa\/wp-json\/wp\/v2\/posts\/28683\/revisions"}],"wp:featuredmedia":[{"embeddable":true,"href":"https:\/\/cndl.org.br\/varejosa\/wp-json\/wp\/v2\/media\/28684"}],"wp:attachment":[{"href":"https:\/\/cndl.org.br\/varejosa\/wp-json\/wp\/v2\/media?parent=28683"}],"wp:term":[{"taxonomy":"category","embeddable":true,"href":"https:\/\/cndl.org.br\/varejosa\/wp-json\/wp\/v2\/categories?post=28683"},{"taxonomy":"post_tag","embeddable":true,"href":"https:\/\/cndl.org.br\/varejosa\/wp-json\/wp\/v2\/tags?post=28683"}],"curies":[{"name":"wp","href":"https:\/\/api.w.org\/{rel}","templated":true}]}}