{"id":28788,"date":"2025-04-03T07:01:53","date_gmt":"2025-04-03T10:01:53","guid":{"rendered":"https:\/\/cndl.org.br\/varejosa\/?p=28788"},"modified":"2025-04-02T17:24:19","modified_gmt":"2025-04-02T20:24:19","slug":"busca-por-credito-cai-483-em-fevereiro-em-comparacao-com-o-mesmo-periodo-de-2024-aponta-indicador-da-cndl-spc-brasil","status":"publish","type":"post","link":"https:\/\/cndl.org.br\/varejosa\/busca-por-credito-cai-483-em-fevereiro-em-comparacao-com-o-mesmo-periodo-de-2024-aponta-indicador-da-cndl-spc-brasil\/","title":{"rendered":"Busca por cr\u00e9dito cai -4,83% em fevereiro em compara\u00e7\u00e3o com o mesmo per\u00edodo de 2024, aponta indicador da CNDL\/SPC Brasil"},"content":{"rendered":"<p>A busca por cr\u00e9dito no pa\u00eds caiu \u20104,83% em fevereiro de 2025 em rela\u00e7\u00e3o a fevereiro de 2024. Na <a href=\"https:\/\/cndl.org.br\/varejosa\/editorial\/editoriais\/pesquisa\/\" target=\"_blank\" rel=\"noopener\">passagem<\/a> de janeiro para fevereiro, o n\u00famero de consultas caiu -21,14%. \u00c9 o que mostra o Indicador de Demanda por Cr\u00e9dito da Confedera\u00e7\u00e3o Nacional de Dirigentes Lojistas (<a href=\"https:\/\/site.cndl.org.br\/\" target=\"_blank\" rel=\"noopener\">CNDL<\/a>) e do Servi\u00e7o de Prote\u00e7\u00e3o ao Cr\u00e9dito (SPC Brasil).<\/p>\n<p><img loading=\"lazy\" decoding=\"async\" class=\"aligncenter size-full wp-image-28793\" src=\"https:\/\/cndl.org.br\/varejosa\/wp-content\/uploads\/2025\/04\/1.jpg\" alt=\"\" width=\"536\" height=\"224\" srcset=\"https:\/\/cndl.org.br\/varejosa\/wp-content\/uploads\/2025\/04\/1.jpg 536w, https:\/\/cndl.org.br\/varejosa\/wp-content\/uploads\/2025\/04\/1-300x125.jpg 300w\" sizes=\"auto, (max-width: 536px) 100vw, 536px\" \/><\/p>\n<p>\u201cO aumento dos juros encarece o cr\u00e9dito e reduz sua demanda. Os consumidores est\u00e3o mais cautelosos para contratar novas d\u00edvidas, al\u00e9m de enfrentarem barreiras na obten\u00e7\u00e3o de cr\u00e9dito devido a restri\u00e7\u00f5es cadastrais. A alternativa para os consumidores \u00e9 buscar fintechs, cooperativas de cr\u00e9dito ou programas de renegocia\u00e7\u00e3o de d\u00edvidas em condi\u00e7\u00f5es mais favor\u00e1veis. No entanto, para realmente ser uma op\u00e7\u00e3o vantajosa, \u00e9 preciso priorizar quita\u00e7\u00e3o de d\u00edvidas caras antes de contrair novos cr\u00e9ditos, al\u00e9m de analisar cuidadosamente todas as taxas e custos envolvidos\u201d, destaca o presidente da CNDL, Jos\u00e9 C\u00e9sar da Costa.<\/p>\n<p>Analisando o perfil do consumidor que buscou cr\u00e9dito no Brasil em fevereiro, nota\u2010se que o p\u00fablico predominante \u00e9 o masculino, com participa\u00e7\u00e3o de 53,18%. Na abertura por faixa et\u00e1ria, o p\u00fablico com participa\u00e7\u00e3o mais expressiva foi de 40 a 49 anos, que representou 24,84% do total.<\/p>\n<p><img loading=\"lazy\" decoding=\"async\" class=\"aligncenter size-full wp-image-28792\" src=\"https:\/\/cndl.org.br\/varejosa\/wp-content\/uploads\/2025\/04\/2.jpg\" alt=\"\" width=\"507\" height=\"226\" srcset=\"https:\/\/cndl.org.br\/varejosa\/wp-content\/uploads\/2025\/04\/2.jpg 507w, https:\/\/cndl.org.br\/varejosa\/wp-content\/uploads\/2025\/04\/2-300x134.jpg 300w\" sizes=\"auto, (max-width: 507px) 100vw, 507px\" \/><\/p>\n<p>O indicador aponta que, do p\u00fablico consultado, 4,86% contrataram algum servi\u00e7o de cr\u00e9dito. Os dados mostram que desse p\u00fablico, 86,23% contrataram Empr\u00e9stimo e 11,86% Financiamento, totalizando 98,09%. Lembramos que um mesmo CPF pode contratar mais de um produto.<\/p>\n<p><img loading=\"lazy\" decoding=\"async\" class=\"aligncenter size-full wp-image-28791\" src=\"https:\/\/cndl.org.br\/varejosa\/wp-content\/uploads\/2025\/04\/3.jpg\" alt=\"Busca por cr\u00e9dito cai -4,83% em fevereiro em compara\u00e7\u00e3o com o mesmo per\u00edodo de 2024, aponta indicador da CNDL\/SPC Brasil\" width=\"575\" height=\"232\" srcset=\"https:\/\/cndl.org.br\/varejosa\/wp-content\/uploads\/2025\/04\/3.jpg 575w, https:\/\/cndl.org.br\/varejosa\/wp-content\/uploads\/2025\/04\/3-300x121.jpg 300w\" sizes=\"auto, (max-width: 575px) 100vw, 575px\" \/><\/p>\n<p>Observando a abertura por grupos financeiros que realizaram consultas em fevereiro, o grupo com participa\u00e7\u00e3o mais expressiva no Brasil foi Intermedia\u00e7\u00e3o monet\u00e1ria dep\u00f3sitos \u00e0 vista (34,22%), seguido por Atividades auxiliares dos servi\u00e7os financeiros (25,19%), que totalizam 59,41% das consultas.<\/p>\n<p>No momento da consulta, 34,16% dos consumidores possu\u00edam alguma restri\u00e7\u00e3o ativa.<\/p>\n<p>\u201cA baixa taxa de contrata\u00e7\u00e3o \u00e9 outro ponto de aten\u00e7\u00e3o, j\u00e1 que sugere uma restri\u00e7\u00e3o maior por parte das institui\u00e7\u00f5es financeiras. Com a alta inadimpl\u00eancia e os juros elevados, o acesso ao cr\u00e9dito se torna mais seletivo, impactando o consumo e potencialmente desacelerando setores como o varejo e a constru\u00e7\u00e3o civil.\u201d, alerta o presidente do SPC Brasil, Roque Pellizzaro Junior.<\/p>\n<p><img loading=\"lazy\" decoding=\"async\" class=\"aligncenter size-full wp-image-28790\" src=\"https:\/\/cndl.org.br\/varejosa\/wp-content\/uploads\/2025\/04\/5.jpg\" alt=\"Busca por cr\u00e9dito cai -4,83% em fevereiro em compara\u00e7\u00e3o com o mesmo per\u00edodo de 2024, aponta indicador da CNDL\/SPC Brasil\" width=\"531\" height=\"241\" srcset=\"https:\/\/cndl.org.br\/varejosa\/wp-content\/uploads\/2025\/04\/5.jpg 531w, https:\/\/cndl.org.br\/varejosa\/wp-content\/uploads\/2025\/04\/5-300x136.jpg 300w\" sizes=\"auto, (max-width: 531px) 100vw, 531px\" \/><\/p>\n<p>Abrindo os resultados de busca por cr\u00e9dito por regi\u00e3o, o Sudeste apresentou a maior participa\u00e7\u00e3o no n\u00famero de consultas em fevereiro, com 45,92%, seguido pelo Nordeste (21,27%), Sul (18,07%), Centro\u2010Oeste (8,26%) e Norte (6,49%).<\/p>\n<p><img loading=\"lazy\" decoding=\"async\" class=\"aligncenter size-full wp-image-28789\" src=\"https:\/\/cndl.org.br\/varejosa\/wp-content\/uploads\/2025\/04\/6.jpg\" alt=\"Busca por cr\u00e9dito cai -4,83% em fevereiro em compara\u00e7\u00e3o com o mesmo per\u00edodo de 2024, aponta indicador da CNDL\/SPC Brasil\" width=\"242\" height=\"241\" srcset=\"https:\/\/cndl.org.br\/varejosa\/wp-content\/uploads\/2025\/04\/6.jpg 242w, https:\/\/cndl.org.br\/varejosa\/wp-content\/uploads\/2025\/04\/6-150x150.jpg 150w\" sizes=\"auto, (max-width: 242px) 100vw, 242px\" \/><\/p>\n","protected":false},"excerpt":{"rendered":"<p>Na passagem de janeiro para fevereiro, o n\u00famero de consultas caiu -21,14%. No momento da consulta, 34,16% dos consumidores possu\u00edam alguma restri\u00e7\u00e3o no CPF<\/p>\n","protected":false},"author":10,"featured_media":28794,"comment_status":"closed","ping_status":"closed","sticky":false,"template":"","format":"standard","meta":{"footnotes":""},"categories":[70,2277],"tags":[279,779,341,618,2295],"class_list":["post-28788","post","type-post","status-publish","format-standard","has-post-thumbnail","hentry","category-destaque","category-pesquisa","tag-cndl","tag-demanda-por-credito","tag-economia","tag-financas","tag-pesquisa-cndl-spc-brasil"],"_links":{"self":[{"href":"https:\/\/cndl.org.br\/varejosa\/wp-json\/wp\/v2\/posts\/28788","targetHints":{"allow":["GET"]}}],"collection":[{"href":"https:\/\/cndl.org.br\/varejosa\/wp-json\/wp\/v2\/posts"}],"about":[{"href":"https:\/\/cndl.org.br\/varejosa\/wp-json\/wp\/v2\/types\/post"}],"author":[{"embeddable":true,"href":"https:\/\/cndl.org.br\/varejosa\/wp-json\/wp\/v2\/users\/10"}],"replies":[{"embeddable":true,"href":"https:\/\/cndl.org.br\/varejosa\/wp-json\/wp\/v2\/comments?post=28788"}],"version-history":[{"count":0,"href":"https:\/\/cndl.org.br\/varejosa\/wp-json\/wp\/v2\/posts\/28788\/revisions"}],"wp:featuredmedia":[{"embeddable":true,"href":"https:\/\/cndl.org.br\/varejosa\/wp-json\/wp\/v2\/media\/28794"}],"wp:attachment":[{"href":"https:\/\/cndl.org.br\/varejosa\/wp-json\/wp\/v2\/media?parent=28788"}],"wp:term":[{"taxonomy":"category","embeddable":true,"href":"https:\/\/cndl.org.br\/varejosa\/wp-json\/wp\/v2\/categories?post=28788"},{"taxonomy":"post_tag","embeddable":true,"href":"https:\/\/cndl.org.br\/varejosa\/wp-json\/wp\/v2\/tags?post=28788"}],"curies":[{"name":"wp","href":"https:\/\/api.w.org\/{rel}","templated":true}]}}