{"id":28868,"date":"2025-04-17T14:15:07","date_gmt":"2025-04-17T17:15:07","guid":{"rendered":"https:\/\/cndl.org.br\/varejosa\/?p=28868"},"modified":"2025-04-17T14:15:07","modified_gmt":"2025-04-17T17:15:07","slug":"panorama-do-comercio-sinais-de-recuperacao-em-meio-a-instabilidade-economica","status":"publish","type":"post","link":"https:\/\/cndl.org.br\/varejosa\/panorama-do-comercio-sinais-de-recuperacao-em-meio-a-instabilidade-economica\/","title":{"rendered":"Panorama do Com\u00e9rcio: sinais de recupera\u00e7\u00e3o em meio \u00e0 instabilidade econ\u00f4mica"},"content":{"rendered":"<p>A edi\u00e7\u00e3o de abril de 2025 do <a href=\"https:\/\/site.cndl.org.br\/panorama-do-comercio-2025\/\" target=\"_blank\" rel=\"noopener\">Panorama<\/a>\u00a0do Com\u00e9rcio, publicado pela Confedera\u00e7\u00e3o Nacional de Dirigentes Lojistas (<a href=\"https:\/\/cndl.org.br\/varejosa\/\" target=\"_blank\" rel=\"noopener\">CNDL<\/a>), j\u00e1 est\u00e1 dispon\u00edvel.\u00a0O com\u00e9rcio varejista deu sinais de for\u00e7a no in\u00edcio de 2025, mas esbarra em um ambiente de incertezas que penaliza a percep\u00e7\u00e3o de quem compra e de quem vende. Dados do IBGE mostram que, no acumulado de janeiro e fevereiro, o volume de vendas avan\u00e7ou 2,3% na compara\u00e7\u00e3o com o mesmo per\u00edodo do ano passado, enquanto o varejo ampliado \u2014 que inclui ve\u00edculos, motos, pe\u00e7as e material de constru\u00e7\u00e3o \u2014 anotou alta semelhante de 2,4%.<\/p>\n<p>O bom desempenho das vendas se reflete no emprego formal. Segundo o CAGED, fevereiro de 2025 registrou um saldo recorde de 431.995 novas vagas, com quase 47 mil postos criados apenas no com\u00e9rcio. A combina\u00e7\u00e3o de renda m\u00e9dia em eleva\u00e7\u00e3o e taxa de desemprego ainda baixa refor\u00e7a o dinamismo do setor, mesmo diante de custos de financiamento mais altos.<\/p>\n<p><strong>Confian\u00e7a em queda<\/strong><\/p>\n<p>Ao mesmo tempo, os indicadores de confian\u00e7a apontam para um cen\u00e1rio mais cauteloso. Tanto a avalia\u00e7\u00e3o do momento presente quanto as expectativas para os pr\u00f3ximos meses recuaram, mas foi o componente futuro \u2014 aquilo que consumidores e empres\u00e1rios esperam para os seus neg\u00f3cios e or\u00e7amentos \u2014 que registrou a maior queda. Esse descolamento entre indicadores reais e percep\u00e7\u00e3o reflete o impacto de tens\u00f5es fiscais, volatilidade cambial e a perspectiva de juros ainda mais altos.<\/p>\n<p>A infla\u00e7\u00e3o se mant\u00e9m como pedra no sapato: o IPCA est\u00e1 acelerando e j\u00e1 flerta com patamares acima do teto da meta definida pelo Banco Central. Diante desse quadro, a taxa Selic subiu para 14,25% ao ano e deve continuar subindo nos pr\u00f3ximos encontros do COPOM. O aperto monet\u00e1rio encarece linhas de cr\u00e9dito e pressiona o bolso do consumidor, colocando em xeque a continuidade do crescimento das vendas.<\/p>\n<p><strong>Endividamento, inadimpl\u00eancia e proje\u00e7\u00f5es<\/strong><\/p>\n<p>Apesar da melhora no emprego, as fam\u00edlias seguem com n\u00edveis elevados de endividamento. Os dados da CNDL e do SPC Brasil mostram nova acelera\u00e7\u00e3o na inadimpl\u00eancia, tanto entre pessoas f\u00edsicas quanto jur\u00eddicas. Esse movimento refor\u00e7a a necessidade de cautela na concess\u00e3o de cr\u00e9dito e de maior disciplina or\u00e7ament\u00e1ria por parte dos consumidores.<\/p>\n<p>O Boletim Focus mant\u00e9m a previs\u00e3o de crescimento do PIB em cerca de 2,0% para 2025, abaixo dos 3,4% registrados em 2024. J\u00e1 a infla\u00e7\u00e3o projetada para o ano subiu de 5,0% para 5,6%, evidenciando a \u201cdesancoragem\u201d das expectativas. A sustenta\u00e7\u00e3o desse cen\u00e1rio-base depender\u00e1 da evolu\u00e7\u00e3o das incertezas fiscais e da capacidade de resposta do ambiente externo.<\/p>\n<p>O com\u00e9rcio come\u00e7a 2025 com f\u00f4lego, mas enfrenta desafios que v\u00e3o muito al\u00e9m do caixa de caixa registradora.\u00a0Assista tamb\u00e9m ao v\u00eddeo abaixo com a especialista em Finan\u00e7as da\u00a0<a href=\"https:\/\/cndl.org.br\/varejosa\/editorial\/editoriais\/economia-e-financas\/\" target=\"_blank\" rel=\"noopener\">CNDL<\/a>, Merula Borges, com a an\u00e1lise do\u00a0Panorama\u00a0do Com\u00e9rcio deste m\u00eas.<\/p>\n<p><iframe loading=\"lazy\" title=\"Panorama do Com\u00e9rcio: sinais de recupera\u00e7\u00e3o em meio \u00e0 instabilidade econ\u00f4mica\" width=\"1100\" height=\"619\" src=\"https:\/\/www.youtube.com\/embed\/62pIZ7XYnlY?feature=oembed\" frameborder=\"0\" allow=\"accelerometer; autoplay; clipboard-write; encrypted-media; gyroscope; picture-in-picture; web-share\" referrerpolicy=\"strict-origin-when-cross-origin\" allowfullscreen><\/iframe><\/p>\n<p>&nbsp;<\/p>\n","protected":false},"excerpt":{"rendered":"<p>A edi\u00e7\u00e3o de abril de 2025 do Panorama do Com\u00e9rcio, publicado pela Confedera\u00e7\u00e3o Nacional de Dirigentes Lojistas (CNDL), j\u00e1 est\u00e1 dispon\u00edvel<\/p>\n","protected":false},"author":33,"featured_media":28869,"comment_status":"closed","ping_status":"closed","sticky":false,"template":"","format":"standard","meta":{"footnotes":""},"categories":[70,26],"tags":[279,247,341,317,5186,855,498,249],"class_list":["post-28868","post","type-post","status-publish","format-standard","has-post-thumbnail","hentry","category-destaque","category-negocios-e-economia","tag-cndl","tag-comercio","tag-economia","tag-empreendedorismo","tag-panorama","tag-panorama-do-comercio","tag-selic","tag-varejo"],"_links":{"self":[{"href":"https:\/\/cndl.org.br\/varejosa\/wp-json\/wp\/v2\/posts\/28868","targetHints":{"allow":["GET"]}}],"collection":[{"href":"https:\/\/cndl.org.br\/varejosa\/wp-json\/wp\/v2\/posts"}],"about":[{"href":"https:\/\/cndl.org.br\/varejosa\/wp-json\/wp\/v2\/types\/post"}],"author":[{"embeddable":true,"href":"https:\/\/cndl.org.br\/varejosa\/wp-json\/wp\/v2\/users\/33"}],"replies":[{"embeddable":true,"href":"https:\/\/cndl.org.br\/varejosa\/wp-json\/wp\/v2\/comments?post=28868"}],"version-history":[{"count":0,"href":"https:\/\/cndl.org.br\/varejosa\/wp-json\/wp\/v2\/posts\/28868\/revisions"}],"wp:featuredmedia":[{"embeddable":true,"href":"https:\/\/cndl.org.br\/varejosa\/wp-json\/wp\/v2\/media\/28869"}],"wp:attachment":[{"href":"https:\/\/cndl.org.br\/varejosa\/wp-json\/wp\/v2\/media?parent=28868"}],"wp:term":[{"taxonomy":"category","embeddable":true,"href":"https:\/\/cndl.org.br\/varejosa\/wp-json\/wp\/v2\/categories?post=28868"},{"taxonomy":"post_tag","embeddable":true,"href":"https:\/\/cndl.org.br\/varejosa\/wp-json\/wp\/v2\/tags?post=28868"}],"curies":[{"name":"wp","href":"https:\/\/api.w.org\/{rel}","templated":true}]}}