{"id":29147,"date":"2025-06-16T16:26:03","date_gmt":"2025-06-16T19:26:03","guid":{"rendered":"https:\/\/cndl.org.br\/varejosa\/?p=29147"},"modified":"2026-02-03T15:15:49","modified_gmt":"2026-02-03T18:15:49","slug":"aparencia-comportamento-e-conhecimento-impactam-na-imagem-do-lider","status":"publish","type":"post","link":"https:\/\/cndl.org.br\/varejosa\/aparencia-comportamento-e-conhecimento-impactam-na-imagem-do-lider\/","title":{"rendered":"Apar\u00eancia, comportamento e conhecimento impactam na imagem do l\u00edder"},"content":{"rendered":"<p>A imagem de um l\u00edder precisa estar alinhada \u00e0 miss\u00e3o, aos valores da empresa e ao p\u00fablico-alvo. Esse foi o tema do segundo m\u00f3dulo do treinamento \u201cEfeito L\u00edder\u201d, realizado na sede da C\u00e2mara de Dirigentes Lojistas de Cuiab\u00e1 (<a href=\"https:\/\/www.cdlcuiaba.com.br\/\" target=\"_blank\" rel=\"noopener\">CDL Cuiab\u00e1<\/a>).<\/p>\n<p>O curso foi desenvolvido para atender a uma demanda do setor de <a href=\"https:\/\/cndl.org.br\/varejosa\/\" target=\"_blank\" rel=\"noopener\">com\u00e9rcio<\/a> e servi\u00e7os e conta com sete m\u00f3dulos, com encontros semanais \u00e0s ter\u00e7as-feiras, no per\u00edodo da manh\u00e3. A primeira turma re\u00fane 30 participantes de diversos segmentos. A programa\u00e7\u00e3o inclui temas como: comunica\u00e7\u00e3o e influ\u00eancia, lideran\u00e7a que encanta, imagem corporativa, cultura organizacional e gest\u00e3o de indicadores, vendas online e habilidades digitais, al\u00e9m de engajamento que gera resultados.<\/p>\n<p>O segundo m\u00f3dulo foi conduzido por Denia Alexandrina, especialsta em imagem pessoal e corporativa. Com mais de 40 anos de experi\u00eancia no mercado da moda, ela \u00e9 s\u00f3cia da Denia Consultoria de Imagem Empresarial e atua com na \u00e1rea de imagem corporativa. Em entrevista ao site da CDL Cuiab\u00e1, ela falou sobre a import\u00e2ncia da imagem do l\u00edder estar alinhada com a miss\u00e3o, valores e p\u00fablico-alvo da empresa.<\/p>\n<p><strong>Qual a diferen\u00e7a entre imagem pessoal e corporativa?<\/strong><\/p>\n<p>Denia: A imagem pessoal est\u00e1 relacionada \u00e0s prefer\u00eancias individuais. J\u00e1 a corporativa deve refletir os valores e a miss\u00e3o da empresa, considerando o p\u00fablico-alvo. \u00c9 um posicionamento estrat\u00e9gico que vai al\u00e9m da est\u00e9tica: envolve tamb\u00e9m conhecimento e comportamento.<\/p>\n<p><strong>Como alinhar esses tr\u00eas pilares da imagem?<\/strong><\/p>\n<p>Denia: Na consultoria usamos o lema \u201ccomece por dentro\u201d. O profissional precisa refletir: como quero impactar e quem desejo atingir? A partir dessas respostas, \u00e9 poss\u00edvel ajustar o dress code e os demais elementos da apar\u00eancia.<\/p>\n<p><strong>O que \u00e9 dress code?<\/strong><\/p>\n<p>Denia: \u00c9 o c\u00f3digo de vestimenta adequado ao ambiente profissional. Assim como nos preparamos para um casamento de acordo com o que o convite pede, no ambiente de trabalho tamb\u00e9m precisamos nos apresentar de acordo com a cultura da empresa. A higiene pessoal, o cuidado com a roupa e a apar\u00eancia s\u00e3o fundamentais. Detalhes como odores, maquiagem borrada ou sapatos sujos chamam aten\u00e7\u00e3o \u2013 o \u201colho n\u00e3o tem cerca\u201d.<\/p>\n<p><strong>O que significa a express\u00e3o \u201colho n\u00e3o tem cerca\u201d?<\/strong><\/p>\n<p>Denia: Significa que o olhar \u00e9 atento aos detalhes. Ele repara no que est\u00e1 fora do lugar, mesmo sem a pessoa perceber. Por isso, \u00e9 importante aten\u00e7\u00e3o aos pequenos elementos da apresenta\u00e7\u00e3o pessoal.<\/p>\n<p><strong>Sobre o pilar do conhecimento: o que deve ser observado?<\/strong><\/p>\n<p>Denia: Troque o \u201ceu acho\u201d por \u201ceu penso\u201d. \u00c9 essencial conhecer profundamente o produto ou servi\u00e7o oferecido, manter-se atualizado e alinhar o vocabul\u00e1rio, o tom de voz e a linguagem ao perfil do p\u00fablico atendido.<\/p>\n<p><strong>E o comportamento?<\/strong><\/p>\n<p>Denia: O comportamento envolve atitudes como pontualidade, acolhimento, credibilidade, respeito, confian\u00e7a e organiza\u00e7\u00e3o. Pequenos gestos, como usar o crach\u00e1 corretamente, tamb\u00e9m fazem diferen\u00e7a. Compromisso com prazos e entregas refor\u00e7a a imagem de um profissional confi\u00e1vel.<\/p>\n<p><strong>Qual a dica final para os l\u00edderes?<\/strong><\/p>\n<p>Denia: Reflita se sua imagem est\u00e1 coerente com os valores da empresa e com o p\u00fablico que voc\u00ea lidera. Liste seus pontos fortes e identifique o que pode ser aprimorado. A imagem \u00e9 constru\u00edda diariamente, nos detalhes.<\/p>\n<p style=\"text-align: right;\">Por: Assessoria de imprensa &#8211; CDL Cuiab\u00e1<\/p>\n","protected":false},"excerpt":{"rendered":"<p>Com mais de 40 anos de experi\u00eancia, Denia, em entrevista exclusiva ao site da CDL, aborda diversos assuntos pol\u00eamicos e delicados<\/p>\n","protected":false},"author":18,"featured_media":26695,"comment_status":"closed","ping_status":"closed","sticky":false,"template":"","format":"standard","meta":{"footnotes":""},"categories":[1379,101],"tags":[336,3300,1648],"class_list":["post-29147","post","type-post","status-publish","format-standard","has-post-thumbnail","hentry","category-centro-oeste","category-tendencias","tag-gestao","tag-lider","tag-lideranca"],"_links":{"self":[{"href":"https:\/\/cndl.org.br\/varejosa\/wp-json\/wp\/v2\/posts\/29147","targetHints":{"allow":["GET"]}}],"collection":[{"href":"https:\/\/cndl.org.br\/varejosa\/wp-json\/wp\/v2\/posts"}],"about":[{"href":"https:\/\/cndl.org.br\/varejosa\/wp-json\/wp\/v2\/types\/post"}],"author":[{"embeddable":true,"href":"https:\/\/cndl.org.br\/varejosa\/wp-json\/wp\/v2\/users\/18"}],"replies":[{"embeddable":true,"href":"https:\/\/cndl.org.br\/varejosa\/wp-json\/wp\/v2\/comments?post=29147"}],"version-history":[{"count":0,"href":"https:\/\/cndl.org.br\/varejosa\/wp-json\/wp\/v2\/posts\/29147\/revisions"}],"wp:featuredmedia":[{"embeddable":true,"href":"https:\/\/cndl.org.br\/varejosa\/wp-json\/wp\/v2\/media\/26695"}],"wp:attachment":[{"href":"https:\/\/cndl.org.br\/varejosa\/wp-json\/wp\/v2\/media?parent=29147"}],"wp:term":[{"taxonomy":"category","embeddable":true,"href":"https:\/\/cndl.org.br\/varejosa\/wp-json\/wp\/v2\/categories?post=29147"},{"taxonomy":"post_tag","embeddable":true,"href":"https:\/\/cndl.org.br\/varejosa\/wp-json\/wp\/v2\/tags?post=29147"}],"curies":[{"name":"wp","href":"https:\/\/api.w.org\/{rel}","templated":true}]}}