{"id":29209,"date":"2025-06-17T06:30:51","date_gmt":"2025-06-17T09:30:51","guid":{"rendered":"https:\/\/cndl.org.br\/varejosa\/?p=29209"},"modified":"2025-06-16T15:55:29","modified_gmt":"2025-06-16T18:55:29","slug":"inadimplencia-de-pessoas-fisicas-bate-novo-recorde-historico-e-atinge-7073-milhoes-de-brasileiros-em-maio-revela-cndl-spc-brasil","status":"publish","type":"post","link":"https:\/\/cndl.org.br\/varejosa\/inadimplencia-de-pessoas-fisicas-bate-novo-recorde-historico-e-atinge-7073-milhoes-de-brasileiros-em-maio-revela-cndl-spc-brasil\/","title":{"rendered":"Inadimpl\u00eancia de Pessoas F\u00edsicas bate novo recorde hist\u00f3rico e atinge 70,73 milh\u00f5es de brasileiros em maio, revela CNDL\/SPC Brasil"},"content":{"rendered":"<p>O Indicador mensal da Confedera\u00e7\u00e3o Nacional de Dirigentes Lojistas (<a href=\"https:\/\/site.cndl.org.br\/\" target=\"_blank\" rel=\"noopener\">CNDL<\/a>) e do Servi\u00e7o de Prote\u00e7\u00e3o ao Cr\u00e9dito (SPC Brasil) revela que a inadimpl\u00eancia de pessoas f\u00edsicas continua em patamares alarmantes no pa\u00eds. Em maio de 2025, o Brasil registrou um total estimado de 70,73 milh\u00f5es de consumidores negativados, o que representa impressionantes 42,59% da popula\u00e7\u00e3o adulta. Este dado aponta para uma persist\u00eancia e agravamento do cen\u00e1rio, consolidando um dos maiores desafios econ\u00f4micos e sociais do momento.<\/p>\n<p>Os n\u00fameros de maio de 2025 mostram um crescimento de 6,28% no n\u00famero de inadimplentes em compara\u00e7\u00e3o com maio de 2024. A <a href=\"https:\/\/cndl.org.br\/varejosa\/editorial\/editoriais\/pesquisa\/\" target=\"_blank\" rel=\"noopener\">varia\u00e7\u00e3o<\/a> anual observada neste m\u00eas superou a do m\u00eas anterior, indicando uma acelera\u00e7\u00e3o na inclus\u00e3o de novos devedores. Na an\u00e1lise mensal, de abril para maio de 2025, o n\u00famero de devedores cresceu 0,78%. Para contextualizar, em abril de 2025, o n\u00famero de devedores havia crescido 4,59% na compara\u00e7\u00e3o anual e 1,09% na mensal, o que demonstra que, embora o crescimento mensal tenha desacelerado ligeiramente de abril para maio (de 1,09% para 0,78%), a base anual de inadimplentes continua se expandindo de forma significativa.<\/p>\n<p><img loading=\"lazy\" decoding=\"async\" class=\"aligncenter size-full wp-image-29216\" src=\"https:\/\/cndl.org.br\/varejosa\/wp-content\/uploads\/2025\/06\/1-1.jpg\" alt=\"\" width=\"624\" height=\"254\" srcset=\"https:\/\/cndl.org.br\/varejosa\/wp-content\/uploads\/2025\/06\/1-1.jpg 624w, https:\/\/cndl.org.br\/varejosa\/wp-content\/uploads\/2025\/06\/1-1-300x122.jpg 300w\" sizes=\"auto, (max-width: 624px) 100vw, 624px\" \/><\/p>\n<p>O presidente da CNDL, Jos\u00e9 C\u00e9sar da Costa, comenta o cen\u00e1rio:<\/p>\n<p>&#8220;\u00c9 com grande preocupa\u00e7\u00e3o que observamos a inadimpl\u00eancia atingir um novo recorde em maio. Esse cen\u00e1rio reitera a crescente dificuldade que o brasileiro tem enfrentado para equilibrar suas finan\u00e7as. Apesar de pequenas oscila\u00e7\u00f5es positivas em alguns indicadores econ\u00f4micos, como a taxa de desemprego, esses avan\u00e7os n\u00e3o t\u00eam sido suficientes para conter o endividamento das fam\u00edlias. A combina\u00e7\u00e3o de fatores como a alta nos pre\u00e7os de bens e servi\u00e7os essenciais, o custo elevado do cr\u00e9dito e a persist\u00eancia de um cen\u00e1rio econ\u00f4mico desafiador continua a empurrar milh\u00f5es de brasileiros para a lista de negativados&#8221;.<\/p>\n<p><strong>Perfil dos devedores: jovens adultos e d\u00edvidas de longo prazo em destaque<\/strong><\/p>\n<p>A an\u00e1lise aprofundada dos dados de maio de 2025 revela caracter\u00edsticas importantes sobre o perfil do inadimplente brasileiro. O crescimento do indicador anual de devedores est\u00e1 fortemente concentrado no aumento de inclus\u00f5es de consumidores com tempo de inadimpl\u00eancia entre 3 e 4 anos, registrando uma varia\u00e7\u00e3o expressiva de 46,17%. O tempo m\u00e9dio de atraso das d\u00edvidas \u00e9 de 27,9 meses (aproximadamente 2,3 anos).<\/p>\n<p><img loading=\"lazy\" decoding=\"async\" class=\"aligncenter size-full wp-image-29217\" src=\"https:\/\/cndl.org.br\/varejosa\/wp-content\/uploads\/2025\/06\/2-1.jpg\" alt=\"Inadimpl\u00eancia de Pessoas F\u00edsicas bate novo recorde hist\u00f3rico e atinge 70,73 milh\u00f5es de brasileiros em maio, revela CNDL\/SPC Brasil\" width=\"589\" height=\"232\" srcset=\"https:\/\/cndl.org.br\/varejosa\/wp-content\/uploads\/2025\/06\/2-1.jpg 589w, https:\/\/cndl.org.br\/varejosa\/wp-content\/uploads\/2025\/06\/2-1-300x118.jpg 300w\" sizes=\"auto, (max-width: 589px) 100vw, 589px\" \/><\/p>\n<p>Em rela\u00e7\u00e3o \u00e0 faixa et\u00e1ria, a maior participa\u00e7\u00e3o de devedores no Brasil em maio foi do grupo de 30 a 39 anos, representando 23,67% do total de inadimplentes. Essa faixa et\u00e1ria concentra cerca de 17,46 milh\u00f5es de pessoas negativadas, o que significa que mais da metade (51,44%) dos brasileiros nesse grupo et\u00e1rio est\u00e3o com o nome em cadastros de devedores. A distribui\u00e7\u00e3o por sexo se mant\u00e9m equilibrada, com 51,13% de mulheres e 48,87% de homens entre os devedores, com uma idade m\u00e9dia de 44,8 anos. Os dados de abril j\u00e1 indicavam essa tend\u00eancia, com 23,73% dos devedores na faixa de 30 a 39 anos e 51,21% desse grupo et\u00e1rio negativado, refor\u00e7ando a consist\u00eancia do perfil ao longo dos meses.<\/p>\n<p><img loading=\"lazy\" decoding=\"async\" class=\"aligncenter size-full wp-image-29218\" src=\"https:\/\/cndl.org.br\/varejosa\/wp-content\/uploads\/2025\/06\/3-1.jpg\" alt=\"Inadimpl\u00eancia de Pessoas F\u00edsicas bate novo recorde hist\u00f3rico e atinge 70,73 milh\u00f5es de brasileiros em maio, revela CNDL\/SPC Brasil\" width=\"591\" height=\"251\" srcset=\"https:\/\/cndl.org.br\/varejosa\/wp-content\/uploads\/2025\/06\/3-1.jpg 591w, https:\/\/cndl.org.br\/varejosa\/wp-content\/uploads\/2025\/06\/3-1-300x127.jpg 300w\" sizes=\"auto, (max-width: 591px) 100vw, 591px\" \/><\/p>\n<p><strong>D\u00edvidas m\u00e9dias e setores credores<\/strong><\/p>\n<p>Em maio de 2025, cada consumidor negativado devia, em m\u00e9dia, R$ 4.743,23 na soma de todas as suas d\u00edvidas, um ligeiro aumento em rela\u00e7\u00e3o aos R$ 4.689,54 registrados em abril. Al\u00e9m disso, cada inadimplente possu\u00eda, em m\u00e9dia, d\u00edvidas com 2,20 empresas credoras (em abril, eram 2,18).<br \/>\nA distribui\u00e7\u00e3o das d\u00edvidas por valor mostra que quase um ter\u00e7o dos consumidores (30,24%) tinha d\u00edvidas de at\u00e9 R$ 500. Esse percentual salta para 43,60% quando consideradas d\u00edvidas de at\u00e9 R$ 1.000, um comportamento muito similar ao de abril (30,15% e 43,65% respectivamente), evidenciando que grande parte da inadimpl\u00eancia se concentra em valores menores, mas que impactam significativamente o or\u00e7amento familiar.<\/p>\n<p><strong>Aumento no n\u00famero de d\u00edvidas em atraso impulsionado por bancos<\/strong><\/p>\n<p><img loading=\"lazy\" decoding=\"async\" class=\"aligncenter size-full wp-image-29212\" src=\"https:\/\/cndl.org.br\/varejosa\/wp-content\/uploads\/2025\/06\/4-1.jpg\" alt=\"Inadimpl\u00eancia de Pessoas F\u00edsicas bate novo recorde hist\u00f3rico e atinge 70,73 milh\u00f5es de brasileiros em maio, revela CNDL\/SPC Brasil\" width=\"588\" height=\"295\" srcset=\"https:\/\/cndl.org.br\/varejosa\/wp-content\/uploads\/2025\/06\/4-1.jpg 588w, https:\/\/cndl.org.br\/varejosa\/wp-content\/uploads\/2025\/06\/4-1-300x151.jpg 300w\" sizes=\"auto, (max-width: 588px) 100vw, 588px\" \/><\/p>\n<p>O n\u00famero de d\u00edvidas em atraso no Brasil tamb\u00e9m registrou um crescimento expressivo em maio de 2025, com um aumento de 11,15% em rela\u00e7\u00e3o ao mesmo per\u00edodo de 2024. Na compara\u00e7\u00e3o mensal (abril para maio), o n\u00famero de d\u00edvidas em atraso subiu 1,59%. \u00c9 not\u00e1vel que a varia\u00e7\u00e3o anual de d\u00edvidas em atraso em maio (11,15%) foi significativamente maior do que a observada em abril (8,75%), indicando uma piora substancial na capacidade de pagamento.<br \/>\nAo analisar a evolu\u00e7\u00e3o por setor credor, o segmento de Bancos destacou-se com o maior crescimento no n\u00famero de d\u00edvidas em atraso, registrando um aumento de 14,37% na compara\u00e7\u00e3o anual de maio. Em abril, esse crescimento j\u00e1 era consider\u00e1vel, de 12,41%. Os setores de Comunica\u00e7\u00e3o (3,63%) e \u00c1gua e Luz (0,99%) tamb\u00e9m apresentaram crescimento em maio. Em contrapartida, as d\u00edvidas com o setor de Com\u00e9rcio tiveram uma leve queda de -0,61% no total de d\u00edvidas em atraso.<br \/>\nEm termos de participa\u00e7\u00e3o no total de d\u00edvidas, o setor banc\u00e1rio continua a concentrar a maior fatia, com 66,77% do total, demonstrando a forte influ\u00eancia das opera\u00e7\u00f5es de cr\u00e9dito financeiro na inadimpl\u00eancia. \u00c1gua e Luz aparece na sequ\u00eancia com 9,89%, seguido pelo Com\u00e9rcio com 9,55% e Outros com 8,19%.<\/p>\n<p><img loading=\"lazy\" decoding=\"async\" class=\"aligncenter size-full wp-image-29213\" src=\"https:\/\/cndl.org.br\/varejosa\/wp-content\/uploads\/2025\/06\/5-1.jpg\" alt=\"\" width=\"603\" height=\"236\" srcset=\"https:\/\/cndl.org.br\/varejosa\/wp-content\/uploads\/2025\/06\/5-1.jpg 603w, https:\/\/cndl.org.br\/varejosa\/wp-content\/uploads\/2025\/06\/5-1-300x117.jpg 300w\" sizes=\"auto, (max-width: 603px) 100vw, 603px\" \/><\/p>\n<p><strong>Inadimpl\u00eancia por regi\u00e3o: Centro-Oeste lidera o crescimento<\/strong><\/p>\n<p><img loading=\"lazy\" decoding=\"async\" class=\"aligncenter size-full wp-image-29215\" src=\"https:\/\/cndl.org.br\/varejosa\/wp-content\/uploads\/2025\/06\/7.jpg\" alt=\"\" width=\"602\" height=\"244\" srcset=\"https:\/\/cndl.org.br\/varejosa\/wp-content\/uploads\/2025\/06\/7.jpg 602w, https:\/\/cndl.org.br\/varejosa\/wp-content\/uploads\/2025\/06\/7-300x122.jpg 300w\" sizes=\"auto, (max-width: 602px) 100vw, 602px\" \/><\/p>\n<p>A an\u00e1lise regional da inadimpl\u00eancia de pessoas f\u00edsicas revela disparidades importantes. Em maio de 2025, o Centro-Oeste apresentou a alta mais expressiva no n\u00famero de inadimplentes na compara\u00e7\u00e3o anual, com crescimento de 8,19%. Em termos de percentual da popula\u00e7\u00e3o adulta, a regi\u00e3o tamb\u00e9m lidera, com 46,12% de seus habitantes inclu\u00eddos em cadastros de devedores. As demais regi\u00f5es seguiram com aumentos anuais significativos: Sul (6,64%), Norte (5,14%), Sudeste (4,74%) e Nordeste (3,74%).<br \/>\nQuando se observa o n\u00famero de d\u00edvidas em atraso por regi\u00e3o, a maior alta anual em maio tamb\u00e9m veio do Centro-Oeste (14,47%), seguido por Sul (11,91%), Norte (11,24%), Sudeste (10,18%) e Nordeste (7,98%). A regi\u00e3o Sul, por sua vez, mant\u00e9m a menor propor\u00e7\u00e3o de negativados, com 38,00% de sua popula\u00e7\u00e3o adulta nesta condi\u00e7\u00e3o.<br \/>\n\u201cEsses dados reiteram a necessidade de um monitoramento cont\u00ednuo e de pol\u00edticas direcionadas para mitigar os impactos da inadimpl\u00eancia na economia brasileira. . \u00c9 um ciclo que precisa ser rompido com medidas estruturais e um olhar atento \u00e0s necessidades da popula\u00e7\u00e3o\u201d, alerta o presidente do SPC Brasil, Roque Pellizzaro J\u00fanior.<\/p>\n<p><img loading=\"lazy\" decoding=\"async\" class=\"aligncenter size-full wp-image-29211\" src=\"https:\/\/cndl.org.br\/varejosa\/wp-content\/uploads\/2025\/06\/8.jpg\" alt=\"\" width=\"560\" height=\"423\" srcset=\"https:\/\/cndl.org.br\/varejosa\/wp-content\/uploads\/2025\/06\/8.jpg 560w, https:\/\/cndl.org.br\/varejosa\/wp-content\/uploads\/2025\/06\/8-300x227.jpg 300w\" sizes=\"auto, (max-width: 560px) 100vw, 560px\" \/><\/p>\n","protected":false},"excerpt":{"rendered":"<p>Em maio de 2025, cada consumidor negativado devia, em m\u00e9dia, R$ 4.743,23 na soma de todas as suas d\u00edvidas<\/p>\n","protected":false},"author":10,"featured_media":27613,"comment_status":"closed","ping_status":"closed","sticky":false,"template":"","format":"standard","meta":{"footnotes":""},"categories":[70,2277],"tags":[266],"class_list":["post-29209","post","type-post","status-publish","format-standard","has-post-thumbnail","hentry","category-destaque","category-pesquisa","tag-inadimplencia"],"_links":{"self":[{"href":"https:\/\/cndl.org.br\/varejosa\/wp-json\/wp\/v2\/posts\/29209","targetHints":{"allow":["GET"]}}],"collection":[{"href":"https:\/\/cndl.org.br\/varejosa\/wp-json\/wp\/v2\/posts"}],"about":[{"href":"https:\/\/cndl.org.br\/varejosa\/wp-json\/wp\/v2\/types\/post"}],"author":[{"embeddable":true,"href":"https:\/\/cndl.org.br\/varejosa\/wp-json\/wp\/v2\/users\/10"}],"replies":[{"embeddable":true,"href":"https:\/\/cndl.org.br\/varejosa\/wp-json\/wp\/v2\/comments?post=29209"}],"version-history":[{"count":0,"href":"https:\/\/cndl.org.br\/varejosa\/wp-json\/wp\/v2\/posts\/29209\/revisions"}],"wp:featuredmedia":[{"embeddable":true,"href":"https:\/\/cndl.org.br\/varejosa\/wp-json\/wp\/v2\/media\/27613"}],"wp:attachment":[{"href":"https:\/\/cndl.org.br\/varejosa\/wp-json\/wp\/v2\/media?parent=29209"}],"wp:term":[{"taxonomy":"category","embeddable":true,"href":"https:\/\/cndl.org.br\/varejosa\/wp-json\/wp\/v2\/categories?post=29209"},{"taxonomy":"post_tag","embeddable":true,"href":"https:\/\/cndl.org.br\/varejosa\/wp-json\/wp\/v2\/tags?post=29209"}],"curies":[{"name":"wp","href":"https:\/\/api.w.org\/{rel}","templated":true}]}}