{"id":29336,"date":"2025-07-23T15:50:48","date_gmt":"2025-07-23T18:50:48","guid":{"rendered":"https:\/\/cndl.org.br\/varejosa\/?p=29336"},"modified":"2025-07-23T16:06:10","modified_gmt":"2025-07-23T19:06:10","slug":"bconnected-2025-celebra-15-anos-com-tematica-sobre-crescimento-expansao-e-hiperconexao","status":"publish","type":"post","link":"https:\/\/cndl.org.br\/varejosa\/bconnected-2025-celebra-15-anos-com-tematica-sobre-crescimento-expansao-e-hiperconexao\/","title":{"rendered":"BConnected 2025 celebra 15 anos com tem\u00e1tica sobre crescimento, expans\u00e3o e hiperconex\u00e3o"},"content":{"rendered":"<p>\u201cO C\u00f3digo do Crescimento \u2013 Decifrando as estrat\u00e9gias para expandir com intelig\u00eancia em um ambiente complexo e hiperconectado\u201d foi o tema escolhido para o BCONNECTED 2025. Realizado pelo Grupo BITTENCOURT, o evento consolidou-se, ao longo do tempo, como o maior encontro de gest\u00e3o de redes de <a href=\"https:\/\/cndl.org.br\/varejosa\/\" target=\"_blank\" rel=\"noopener\">neg\u00f3cios <\/a>e franquias da Am\u00e9rica Latina.<\/p>\n<p>Ao completar 15 anos, esta edi\u00e7\u00e3o promete ser memor\u00e1vel, pois tamb\u00e9m celebra os 40 anos do Grupo BITTENCOURT, consultoria idealizadora do projeto.<\/p>\n<p>O evento est\u00e1 ainda maior este ano. A <a href=\"https:\/\/site.cndl.org.br\/\" target=\"_blank\" rel=\"noopener\">expectativa<\/a> \u00e9 receber mais de 2 mil participantes entre os dias 7 e 8 de outubro, no Teatro Santander, em S\u00e3o Paulo. Oito em cada dez participantes possuem perfil decis\u00f3rio, entre fundadores, s\u00f3cios, C-Levels e diretores de opera\u00e7\u00f5es dos setores de varejo, franchising, ind\u00fastria e servi\u00e7os.<\/p>\n<p><a href=\"https:\/\/whatsapp.com\/channel\/0029VaNapMd0LKZ5yE4wsS1M\" target=\"_blank\" rel=\"noopener\"><img loading=\"lazy\" decoding=\"async\" class=\"size-full wp-image-29264 aligncenter\" src=\"https:\/\/cndl.org.br\/varejosa\/wp-content\/uploads\/2023\/01\/Banner-Ja-esta-no-canal.png\" alt=\"\" width=\"970\" height=\"90\" srcset=\"https:\/\/cndl.org.br\/varejosa\/wp-content\/uploads\/2023\/01\/Banner-Ja-esta-no-canal.png 970w, https:\/\/cndl.org.br\/varejosa\/wp-content\/uploads\/2023\/01\/Banner-Ja-esta-no-canal-300x28.png 300w, https:\/\/cndl.org.br\/varejosa\/wp-content\/uploads\/2023\/01\/Banner-Ja-esta-no-canal-768x71.png 768w\" sizes=\"auto, (max-width: 970px) 100vw, 970px\" \/><\/a><\/p>\n<p>Mais que um evento, o BCONNECTED \u00e9 uma experi\u00eancia imersiva, criada para que grandes l\u00edderes que moldam o futuro das empresas, compartilhem conhecimentos, ampliem seus aprendizados e realizem networking de alto valor, com potencial real de parcerias estrat\u00e9gicas e fechamento de neg\u00f3cios.<\/p>\n<p>A \u00faltima edi\u00e7\u00e3o reuniu mais de 1.700 executivos presencialmente, al\u00e9m de mais de 3 mil participantes via streaming. No total, quase 5 mil tomadores de decis\u00e3o estiveram conectados em busca de estrat\u00e9gias para crescer e inovar.<\/p>\n<p>O evento \u00e9 pioneiro ao reunir diferentes \u00e1reas sob um \u00fanico conceito: arte, cultura, gastronomia, entretenimento, responsabilidade social e ambiental, conte\u00fado relevante, relacionamento de alto n\u00edvel e neg\u00f3cios.<\/p>\n<p><strong>O c\u00f3digo do crescimento<\/strong><\/p>\n<p>Em um cen\u00e1rio cada vez mais din\u00e2mico, marcado pela hiperconectividade, por novos modelos de consumo e por desafios globais, as empresas que prosperam s\u00e3o aquelas capazes de desvendar as f\u00f3rmulas certas para inovar, expandir e se manter relevantes.<\/p>\n<p>Com esse pano de fundo, o tema deste ano tem como objetivo mostrar que o crescimento sustent\u00e1vel e escal\u00e1vel n\u00e3o acontece por acaso: ele segue um c\u00f3digo.<\/p>\n<p>O BCONNECTED 2025 vai reunir as mentes mais estrat\u00e9gicas do varejo, do franchising e da ind\u00fastria para traduzir os elementos essenciais da expans\u00e3o inteligente.<\/p>\n<p>Durante o evento, ser\u00e3o apresentados:<\/p>\n<p>\u00b7 Dados relevantes e tecnologias emergentes;<\/p>\n<p>\u00b7 Tend\u00eancias de comportamento e consumo;<\/p>\n<p>\u00b7 Casos nacionais e internacionais de sucesso;<\/p>\n<p>\u00b7 Pr\u00e1ticas de mercado que impactam o crescimento das organiza\u00e7\u00f5es.<\/p>\n<p>Tudo isso em um ambiente em constante transforma\u00e7\u00e3o.<\/p>\n<p>Ao final dos dois dias de programa\u00e7\u00e3o, espera-se que cada participante consiga responder, para si e para o seu neg\u00f3cio, o que realmente impulsiona o crescimento das marcas mais bem-sucedidas do mercado.<\/p>\n<p><strong>Palestrantes<\/strong><\/p>\n<p>Grandes nomes do mercado, de importantes empresas nacionais e internacionais, t\u00eam presen\u00e7a confirmada no BConnected 2025. Alguns deles, ser\u00e3o palestrantes no evento, com destaque para Dorival Oliveira, vice-presidente da Arcos Dorados | McDonald\u2019s Brasil; Denis Santos, Head de CRM &amp; Data Analytics da Stix; Paula Andrade, vice-presidente de Omnichannel da Natura; Raul Guaragna, presidente e CEO da DEXCO; Rafael Kiso, fundador e CMO da mLabs; Pierre Berenstein, CEO da Bold Hospitality Company; B\u00e1rbara Miranda, CEO da AmPm; Alvin Rauh Neto, diretor Comercial e s\u00f3cio da Karsten S.A.; Cl\u00f3vis Souza, fundador da Giuliana Flores; Gustavo Tannure, CEO da EzVolt e Jae Ho Lee, fundador do Grupo Morana e Franqueador do Ano pela PEGN.<\/p>\n<p><strong>Como participar:<\/strong><\/p>\n<p>Os dois primeiros lotes de ingressos j\u00e1 est\u00e3o esgotados. O terceiro lote est\u00e1 dispon\u00edvel para participa\u00e7\u00e3o presencial e online por meio da plataforma Sympla. <a href=\"https:\/\/www.sympla.com.br\/evento\/bconnected-2025\/2686082?d=CDNL30\" target=\"_blank\" rel=\"noopener\">Clique aqui para adquirir o seu ingresso<\/a>.<\/p>\n<p>Local:\u00a0Teatro Santander, S\u00e3o Paulo &#8211;\u00a0Avenida Presidente Juscelino Kubitschek, 2041, Vila Ol\u00edmpia \u2013 S\u00e3o Paulo<\/p>\n<p>Data e Hor\u00e1rio: de 7 a 8 de outubro de 2025, a partir das 8h30 at\u00e9 as 18h do segundo dia. Para mais informa\u00e7\u00f5es, acesse a p\u00e1gina oficial do evento <a href=\"https:\/\/bconnected.com.br\/\" target=\"_blank\" rel=\"noopener\">BCONNECTED 2025<\/a>.<\/p>\n","protected":false},"excerpt":{"rendered":"<p>Evento de gest\u00e3o de redes de neg\u00f3cios e franquias da Am\u00e9rica Latina ocorre em outubro e vai reunir mais de 2 mil l\u00edderes do varejo e do franchising<\/p>\n","protected":false},"author":8,"featured_media":29388,"comment_status":"closed","ping_status":"closed","sticky":false,"template":"","format":"standard","meta":{"footnotes":""},"categories":[101],"tags":[5720,5721],"class_list":["post-29336","post","type-post","status-publish","format-standard","has-post-thumbnail","hentry","category-tendencias","tag-bconnected","tag-bconnected-2025"],"_links":{"self":[{"href":"https:\/\/cndl.org.br\/varejosa\/wp-json\/wp\/v2\/posts\/29336","targetHints":{"allow":["GET"]}}],"collection":[{"href":"https:\/\/cndl.org.br\/varejosa\/wp-json\/wp\/v2\/posts"}],"about":[{"href":"https:\/\/cndl.org.br\/varejosa\/wp-json\/wp\/v2\/types\/post"}],"author":[{"embeddable":true,"href":"https:\/\/cndl.org.br\/varejosa\/wp-json\/wp\/v2\/users\/8"}],"replies":[{"embeddable":true,"href":"https:\/\/cndl.org.br\/varejosa\/wp-json\/wp\/v2\/comments?post=29336"}],"version-history":[{"count":0,"href":"https:\/\/cndl.org.br\/varejosa\/wp-json\/wp\/v2\/posts\/29336\/revisions"}],"wp:featuredmedia":[{"embeddable":true,"href":"https:\/\/cndl.org.br\/varejosa\/wp-json\/wp\/v2\/media\/29388"}],"wp:attachment":[{"href":"https:\/\/cndl.org.br\/varejosa\/wp-json\/wp\/v2\/media?parent=29336"}],"wp:term":[{"taxonomy":"category","embeddable":true,"href":"https:\/\/cndl.org.br\/varejosa\/wp-json\/wp\/v2\/categories?post=29336"},{"taxonomy":"post_tag","embeddable":true,"href":"https:\/\/cndl.org.br\/varejosa\/wp-json\/wp\/v2\/tags?post=29336"}],"curies":[{"name":"wp","href":"https:\/\/api.w.org\/{rel}","templated":true}]}}