{"id":29507,"date":"2025-08-11T09:20:47","date_gmt":"2025-08-11T12:20:47","guid":{"rendered":"https:\/\/cndl.org.br\/varejosa\/?p=29507"},"modified":"2025-08-11T09:20:47","modified_gmt":"2025-08-11T12:20:47","slug":"bconnected-reune-lideres-de-grandes-marcas-para-debater-o-futuro-dos-negocios-no-brasil","status":"publish","type":"post","link":"https:\/\/cndl.org.br\/varejosa\/bconnected-reune-lideres-de-grandes-marcas-para-debater-o-futuro-dos-negocios-no-brasil\/","title":{"rendered":"BCONNECTED re\u00fane l\u00edderes de grandes marcas para debater o futuro dos neg\u00f3cios no Brasil"},"content":{"rendered":"<p>Um dos encontros mais aguardados do ano no universo dos neg\u00f3cios, inova\u00e7\u00e3o e lideran\u00e7a, o BCONNECTED 2025, que ser\u00e1 realizado nos dias 07 e 08 de outubro, no Teatro Santander, em S\u00e3o Paulo, trar\u00e1 uma curadoria de conte\u00fado com l\u00edderes de importantes marcas globais.<\/p>\n<p>A edi\u00e7\u00e3o deste ano conta com o apoio institucional da Confedera\u00e7\u00e3o Nacional de Dirigentes Lojistas (<a href=\"https:\/\/site.cndl.org.br\/\" target=\"_blank\" rel=\"noopener\">CNDL<\/a>), refor\u00e7ando o compromisso da entidade com o fortalecimento do setor varejista no Brasil. Al\u00e9m disso, o\u00a0<a href=\"https:\/\/cndl.org.br\/varejosa\/\" target=\"_blank\" rel=\"noopener\">portal Varejo S.A.<\/a>\u00a0participa como media partner oficial do evento.<\/p>\n<p>Ao longo de uma programa\u00e7\u00e3o intensa e provocadora, nomes como Dorival Oliveira, vice-presidente da Arcos Dorados | McDonald\u2019s Brasil, e Paula Andrade, vice-presidente de Omnichannel da Natura, dividir\u00e3o o palco com executivos de empresas como Nvidia, Bold Hospitality Company, Totvs, Dexco, mLabs, AmPm, entre outras.<\/p>\n<p>\u201cEstamos reunindo mentes brilhantes que n\u00e3o apenas lideram grandes corpora\u00e7\u00f5es, mas que tamb\u00e9m est\u00e3o moldando o futuro dos seus setores\u201d, afirma Lyana Bittencourt, CEO do Grupo BITTENCOURT.<\/p>\n<p>Em sua 15\u00aa edi\u00e7\u00e3o, o evento promete ser memor\u00e1vel, pois reunir\u00e1 35 palestrantes de destaque em torno da tem\u00e1tica \u201cO C\u00f3digo do Crescimento \u2013 Decifrando as estrat\u00e9gias para expandir com intelig\u00eancia em um ambiente complexo e hiperconectado\u201d. Ser\u00e3o mais de 20 horas de conte\u00fado transformador, com debates, cases e insights sobre gest\u00e3o de marcas ic\u00f4nicas, cultura de inova\u00e7\u00e3o e lideran\u00e7a no mundo p\u00f3s-digital at\u00e9 novas abordagens de dados, experi\u00eancia do consumidor e franquias de impacto, em um encontro imperd\u00edvel para quem busca se conectar com as principais tend\u00eancias do mercado.<\/p>\n<p>Realizado pelo Grupo BITTENCOURT \u2013 consultoria idealizadora do projeto, que em 2025 celebra 40 anos \u2013, o evento consolidou-se, ao longo do tempo, como o maior encontro de gest\u00e3o de redes de neg\u00f3cios e franquias da Am\u00e9rica Latina, tendo expectativa de receber nesta edi\u00e7\u00e3o, mais de 2 mil participantes, entre os quais, 80% possuem perfil decis\u00f3rio, incluindo fundadores, s\u00f3cios, C-Levels e diretores de opera\u00e7\u00f5es dos setores de varejo, franchising, ind\u00fastria e servi\u00e7os.<\/p>\n<p><strong>PALESTRANTES E TEM\u00c1TICAS:<\/strong><\/p>\n<ul>\n<li><em>LIDERAN\u00c7A DE GRANDES MARCAS DE CONSUMO<\/em><\/li>\n<\/ul>\n<p>Executivos \u00e0 frente de marcas consagradas no varejo e do foodservice trazem os bastidores da gest\u00e3o de alto desempenho em escala nacional e global e abordam estrat\u00e9gias omnichannel, inova\u00e7\u00e3o em atendimento, fideliza\u00e7\u00e3o e ESG no consumo.<\/p>\n<p>\u2022 Dorival Oliveira \u2013 Vice-presidente da Arcos Dorados | McDonald\u2019s Brasil<br \/>\n\u2022 Pierre Berenstein \u2013 CEO da Bold Hospitality Company (Outback, Aussie e Abbraccio)<br \/>\n\u2022 B\u00e1rbara Miranda \u2013 CEO da AmPm<br \/>\n\u2022 Iuri Miranda \u2013 CEO da Firehouse SUBS<br \/>\n\u2022 Paula Andrade \u2013 Vice-presidente de Omnichannel da Natura<\/p>\n<ul>\n<li><em>FRANQUIAS, ESCALABILIDADE E MODELOS DE NEG\u00d3CIO<\/em><\/li>\n<\/ul>\n<p>Especialistas em expans\u00e3o e gest\u00e3o de redes franqueadas compartilham vis\u00f5es pr\u00e1ticas e ousadas sobre crescimento sustent\u00e1vel e discutem sobre inova\u00e7\u00e3o operacional e desafios da omnicanalidade no franchising.<\/p>\n<p>\u2022 Jae Ho Lee \u2013 Fundador do Grupo Morana e Franqueador do Ano pela PEGN<br \/>\n\u2022 Cl\u00f3vis Souza \u2013 Fundador da Giuliana Flores<br \/>\n\u2022 Wagner Quina \u2013 CEO da Botoclinic<br \/>\n\u2022 Gustavo Tannure \u2013 CEO da EzVolt<br \/>\n\u2022 Raul Guaragna \u2013 CEO da Dexco<\/p>\n<ul>\n<li><em>DADOS, TECNOLOGIA E TRANSFORMA\u00c7\u00c3O DIGITAL<\/em><\/li>\n<\/ul>\n<p>L\u00edderes do ecossistema tech debatem sobre como dados, intelig\u00eancia artificial e plataformas que est\u00e3o redefinindo o varejo e os servi\u00e7os.<\/p>\n<p>\u2022 Denis Araujo \u2013 Head de CRM &amp; Data Analytics da Stix<br \/>\n\u2022 Marcelo Pontieri \u2013 Diretor de Marketing Enterprise para Am\u00e9rica Latina da Nvidia<br \/>\n\u2022 El\u00f3i Assis \u2013 Diretor-executivo de Produtos de Varejo e Distribui\u00e7\u00e3o da Totvs<br \/>\n\u2022 Rafael Kiso \u2013 Fundador e CMO da mLabs<\/p>\n<ul>\n<li><em>LIDERAN\u00c7A ADAPTATIVA E COMPLEXIDADE<\/em><\/li>\n<\/ul>\n<p>Reflex\u00f5es profundas sobre como liderar em ambientes complexos, desafiadores e em constante muta\u00e7\u00e3o, com nomes de peso no pensamento organizacional global.<\/p>\n<p>\u2022 Dave Snowden \u2013 CSO da The Cynefin Co.<br \/>\n\u2022 Alexandre Magno \u2013 CEO da The Cynefin Co. Brazil<br \/>\n\u2022 Fabio Neto \u2013 S\u00f3cio da Starse<br \/>\n\u2022 Guilherme Reitz \u2013 CEO da Yungaz<\/p>\n<ul>\n<li><em>CRIATIVIDADE, ENTRETENIMENTO E INOVA\u00c7\u00c3O EM MARCAS AFETIVAS<\/em><\/li>\n<\/ul>\n<p>Profissionais que unem arte, emo\u00e7\u00e3o e prop\u00f3sito para alinhar uma marca ic\u00f4nica em conex\u00e3o multigeracional por meio da inova\u00e7\u00e3o afetiva e licenciamento criativo.<\/p>\n<p>\u2022 Mauro Sousa, Marina Sousa e Marcos Saraiva \u2013 Diretores-executivos da MSP Est\u00fadios<\/p>\n<ul>\n<li>Como participar: <a href=\"https:\/\/www.sympla.com.br\/evento\/bconnected-2025\/2686082?d=CDNL30\" target=\"_blank\" rel=\"noopener\">os ingressos est\u00e3o dispon\u00edveis para participa\u00e7\u00e3o presencial e online por meio da plataforma Sympla. Clique aqui para adquirir o seu ingresso<\/a>.<\/li>\n<li>Local: Teatro Santander, S\u00e3o Paulo<br \/>\nAvenida Presidente Juscelino Kubitschek, 2041, Vila Ol\u00edmpia \u2013 S\u00e3o Paulo<\/li>\n<li>Data e Hor\u00e1rio: de 7 a 8 de outubro de 2025, a partir das 8h30 at\u00e9 as 18h do segundo dia.<\/li>\n<\/ul>\n","protected":false},"excerpt":{"rendered":"<p>35 palestrantes trar\u00e3o insights em torno da tem\u00e1tica \u201cO C\u00f3digo do Crescimento&#8221;<\/p>\n","protected":false},"author":8,"featured_media":29509,"comment_status":"closed","ping_status":"closed","sticky":false,"template":"","format":"standard","meta":{"footnotes":""},"categories":[101],"tags":[5720],"class_list":["post-29507","post","type-post","status-publish","format-standard","has-post-thumbnail","hentry","category-tendencias","tag-bconnected"],"_links":{"self":[{"href":"https:\/\/cndl.org.br\/varejosa\/wp-json\/wp\/v2\/posts\/29507","targetHints":{"allow":["GET"]}}],"collection":[{"href":"https:\/\/cndl.org.br\/varejosa\/wp-json\/wp\/v2\/posts"}],"about":[{"href":"https:\/\/cndl.org.br\/varejosa\/wp-json\/wp\/v2\/types\/post"}],"author":[{"embeddable":true,"href":"https:\/\/cndl.org.br\/varejosa\/wp-json\/wp\/v2\/users\/8"}],"replies":[{"embeddable":true,"href":"https:\/\/cndl.org.br\/varejosa\/wp-json\/wp\/v2\/comments?post=29507"}],"version-history":[{"count":0,"href":"https:\/\/cndl.org.br\/varejosa\/wp-json\/wp\/v2\/posts\/29507\/revisions"}],"wp:featuredmedia":[{"embeddable":true,"href":"https:\/\/cndl.org.br\/varejosa\/wp-json\/wp\/v2\/media\/29509"}],"wp:attachment":[{"href":"https:\/\/cndl.org.br\/varejosa\/wp-json\/wp\/v2\/media?parent=29507"}],"wp:term":[{"taxonomy":"category","embeddable":true,"href":"https:\/\/cndl.org.br\/varejosa\/wp-json\/wp\/v2\/categories?post=29507"},{"taxonomy":"post_tag","embeddable":true,"href":"https:\/\/cndl.org.br\/varejosa\/wp-json\/wp\/v2\/tags?post=29507"}],"curies":[{"name":"wp","href":"https:\/\/api.w.org\/{rel}","templated":true}]}}