{"id":29546,"date":"2025-08-14T10:34:33","date_gmt":"2025-08-14T13:34:33","guid":{"rendered":"https:\/\/cndl.org.br\/varejosa\/?p=29546"},"modified":"2025-08-14T10:34:33","modified_gmt":"2025-08-14T13:34:33","slug":"inadimplencia-de-pessoas-fisicas-no-brasil-acelera-e-atinge-7137-milhoes-de-devedores-em-julho-aponta-cndl-spc-brasil","status":"publish","type":"post","link":"https:\/\/cndl.org.br\/varejosa\/inadimplencia-de-pessoas-fisicas-no-brasil-acelera-e-atinge-7137-milhoes-de-devedores-em-julho-aponta-cndl-spc-brasil\/","title":{"rendered":"Inadimpl\u00eancia de pessoas f\u00edsicas no brasil acelera e atinge 71,37 milh\u00f5es de devedores em julho, aponta CNDL\/SPC Brasil"},"content":{"rendered":"<p>O cen\u00e1rio da inadimpl\u00eancia no Brasil continua a se agravar, com o pa\u00eds registrando um aumento no ritmo de crescimento anual de devedores e d\u00edvidas. Em julho de 2025, o <a href=\"https:\/\/cndl.org.br\/varejosa\/editorial\/editoriais\/pesquisa\/\" target=\"_blank\" rel=\"noopener\">Indicador<\/a> de Inadimpl\u00eancia de Pessoas F\u00edsicas, apurado pela Confedera\u00e7\u00e3o Nacional de Dirigentes Lojistas (<a href=\"https:\/\/site.cndl.org.br\/\" target=\"_blank\" rel=\"noopener\">CNDL<\/a>) e pelo SPC Brasil (Servi\u00e7o de Prote\u00e7\u00e3o ao Cr\u00e9dito) estima que 71,37 milh\u00f5es de brasileiros est\u00e3o com o nome negativado, representando 42,91% da popula\u00e7\u00e3o adulta do pa\u00eds.<\/p>\n<p>A varia\u00e7\u00e3o anual observada em julho de 2025 foi de 7,98% no n\u00famero de inadimplentes em rela\u00e7\u00e3o a julho de 2024. Na passagem de junho para julho, o n\u00famero de devedores cresceu 0,23%.<\/p>\n<p><img loading=\"lazy\" decoding=\"async\" class=\"aligncenter size-full wp-image-29548\" src=\"https:\/\/cndl.org.br\/varejosa\/wp-content\/uploads\/2025\/08\/1.jpg\" alt=\"Inadimpl\u00eancia de pessoas f\u00edsicas no brasil acelera e atinge 71,37 milh\u00f5es de devedores em julho, aponta CNDL\/SPC Brasil\" width=\"577\" height=\"247\" srcset=\"https:\/\/cndl.org.br\/varejosa\/wp-content\/uploads\/2025\/08\/1.jpg 577w, https:\/\/cndl.org.br\/varejosa\/wp-content\/uploads\/2025\/08\/1-300x128.jpg 300w\" sizes=\"auto, (max-width: 577px) 100vw, 577px\" \/><\/p>\n<p>Jos\u00e9 C\u00e9sar da Costa, presidente da CNDL, comenta a persist\u00eancia do cen\u00e1rio. &#8220;Ainda que a varia\u00e7\u00e3o mensal tenha mostrado uma desacelera\u00e7\u00e3o, o ritmo de crescimento anual da inadimpl\u00eancia se intensificou em julho, o que \u00e9 um sinal de alerta. Isso significa que, apesar de algumas varia\u00e7\u00f5es pontuais, o cen\u00e1rio de endividamento dos brasileiros continua complexo, com mais pessoas entrando para a lista de devedores ao longo do \u00faltimo ano. A alta persistente dos juros e a infla\u00e7\u00e3o ainda impactam o custo de vida, e a dificuldade de acesso a cr\u00e9dito seguem corroendo o poder de compra e a capacidade de honrar compromissos. O desafio n\u00e3o \u00e9 s\u00f3 limpar o nome, mas romper com o ciclo da inadimpl\u00eancia cr\u00f4nica, o que exige mais do que acordos pontuais \u2014 requer planejamento, acesso a renegocia\u00e7\u00f5es justas, educa\u00e7\u00e3o financeira e a\u00e7\u00f5es do mercado e do Estado para evitar o endividamento constante e repetido&#8221;.<\/p>\n<p><strong>PERFIL DOS DEVEDORES: D\u00cdVIDAS ANTIGAS E FAIXA ET\u00c1RIA MANT\u00caM RELEV\u00c2NCIA<\/strong><\/p>\n<p>A an\u00e1lise detalhada dos dados de julho de 2025 revela que o crescimento do indicador anual de devedores se concentrou no aumento de inclus\u00f5es de consumidores com tempo de inadimpl\u00eancia de 3 a 4 anos, com uma varia\u00e7\u00e3o de 44,32%. Embora ligeiramente menor que os 46,54% observados em junho para esse grupo, o dado reafirma a dificuldade de quita\u00e7\u00e3o de d\u00edvidas de longo prazo. O tempo m\u00e9dio de atraso das d\u00edvidas no Brasil atingiu 28,3 meses (aproximadamente 2,4 anos) em julho, um leve aumento em rela\u00e7\u00e3o aos 28,1 meses de junho.<\/p>\n<p><img loading=\"lazy\" decoding=\"async\" class=\"aligncenter size-full wp-image-29549\" src=\"https:\/\/cndl.org.br\/varejosa\/wp-content\/uploads\/2025\/08\/2.jpg\" alt=\"Inadimpl\u00eancia de pessoas f\u00edsicas no brasil acelera e atinge 71,37 milh\u00f5es de devedores em julho, aponta CNDL\/SPC Brasil\" width=\"586\" height=\"238\" srcset=\"https:\/\/cndl.org.br\/varejosa\/wp-content\/uploads\/2025\/08\/2.jpg 586w, https:\/\/cndl.org.br\/varejosa\/wp-content\/uploads\/2025\/08\/2-300x122.jpg 300w\" sizes=\"auto, (max-width: 586px) 100vw, 586px\" \/><\/p>\n<p>Em rela\u00e7\u00e3o \u00e0 faixa et\u00e1ria, o grupo de 30 a 39 anos manteve a maior participa\u00e7\u00e3o no total de devedores em julho, com 23,67%. S\u00e3o 17,62 milh\u00f5es de pessoas nesta faixa et\u00e1ria registrada em cadastro de devedores. Tal montante equivale a 51,93% da popula\u00e7\u00e3o nesta faixa et\u00e1ria.<\/p>\n<p>A distribui\u00e7\u00e3o por sexo permanece est\u00e1vel, com 51,13% de mulheres e 48,87% de homens entre os devedores, com a idade m\u00e9dia dos inadimplentes permanecendo em 44,8 anos.<\/p>\n<p><img loading=\"lazy\" decoding=\"async\" class=\"aligncenter size-full wp-image-29551\" src=\"https:\/\/cndl.org.br\/varejosa\/wp-content\/uploads\/2025\/08\/3.jpg\" alt=\"Inadimpl\u00eancia de pessoas f\u00edsicas no brasil acelera e atinge 71,37 milh\u00f5es de devedores em julho, aponta CNDL\/SPC Brasil\" width=\"571\" height=\"246\" srcset=\"https:\/\/cndl.org.br\/varejosa\/wp-content\/uploads\/2025\/08\/3.jpg 571w, https:\/\/cndl.org.br\/varejosa\/wp-content\/uploads\/2025\/08\/3-300x129.jpg 300w\" sizes=\"auto, (max-width: 571px) 100vw, 571px\" \/><\/p>\n<p><strong>D\u00cdVIDAS M\u00c9DIAS E SETORES CREDORES: BANCOS IMPULSIONAM AUMENTO GERAL<\/strong><\/p>\n<p>Em julho de 2025, cada consumidor negativado devia, em m\u00e9dia, R$ 4.777,28 na soma de todas as suas d\u00edvidas. Cada inadimplente possu\u00eda, em m\u00e9dia, d\u00edvidas com 2,21 empresas credoras, mantendo a m\u00e9dia de junho.<\/p>\n<p>A distribui\u00e7\u00e3o das d\u00edvidas por valor mostra que quase tr\u00eas em cada dez consumidores (30,21%) tinham d\u00edvidas de at\u00e9 R$ 500. Esse percentual atinge 43,42% quando consideradas d\u00edvidas de at\u00e9 R$ 1.000, indicando que grande parte da inadimpl\u00eancia ainda se concentra em valores menores.<\/p>\n<p><img loading=\"lazy\" decoding=\"async\" class=\"aligncenter size-full wp-image-29553\" src=\"https:\/\/cndl.org.br\/varejosa\/wp-content\/uploads\/2025\/08\/4.jpg\" alt=\"\" width=\"591\" height=\"253\" srcset=\"https:\/\/cndl.org.br\/varejosa\/wp-content\/uploads\/2025\/08\/4.jpg 591w, https:\/\/cndl.org.br\/varejosa\/wp-content\/uploads\/2025\/08\/4-300x128.jpg 300w\" sizes=\"auto, (max-width: 591px) 100vw, 591px\" \/><\/p>\n<p>O n\u00famero de d\u00edvidas em atraso no Brasil tamb\u00e9m registrou um crescimento expressivo em julho de 2025, com um aumento de 13,81% em rela\u00e7\u00e3o ao mesmo per\u00edodo de 2024. Na compara\u00e7\u00e3o mensal (junho para julho), o n\u00famero de d\u00edvidas em atraso subiu 0,31%.<\/p>\n<p><img loading=\"lazy\" decoding=\"async\" class=\"aligncenter size-full wp-image-29554\" src=\"https:\/\/cndl.org.br\/varejosa\/wp-content\/uploads\/2025\/08\/5.jpg\" alt=\"\" width=\"589\" height=\"244\" srcset=\"https:\/\/cndl.org.br\/varejosa\/wp-content\/uploads\/2025\/08\/5.jpg 589w, https:\/\/cndl.org.br\/varejosa\/wp-content\/uploads\/2025\/08\/5-300x124.jpg 300w\" sizes=\"auto, (max-width: 589px) 100vw, 589px\" \/><\/p>\n<p>Ao analisar a evolu\u00e7\u00e3o por setor credor, o segmento de Bancos continuou a se destacar, com o maior crescimento no n\u00famero de d\u00edvidas em atraso, registrando um aumento de 17,01% na compara\u00e7\u00e3o anual de julho. Os setores de \u00c1gua e Luz (9,97%) e Comunica\u00e7\u00e3o (3,68%) tamb\u00e9m apresentaram crescimento. Em contrapartida, as d\u00edvidas com o setor de Com\u00e9rcio (-0,24%) apresentaram uma leve queda no total de d\u00edvidas em atraso, em linha com a tend\u00eancia de junho (-0,22%).<\/p>\n<p><img loading=\"lazy\" decoding=\"async\" class=\"aligncenter size-full wp-image-29552\" src=\"https:\/\/cndl.org.br\/varejosa\/wp-content\/uploads\/2025\/08\/6.jpg\" alt=\"\" width=\"601\" height=\"265\" srcset=\"https:\/\/cndl.org.br\/varejosa\/wp-content\/uploads\/2025\/08\/6.jpg 601w, https:\/\/cndl.org.br\/varejosa\/wp-content\/uploads\/2025\/08\/6-300x132.jpg 300w\" sizes=\"auto, (max-width: 601px) 100vw, 601px\" \/><\/p>\n<p>Em termos de participa\u00e7\u00e3o no total de d\u00edvidas, o setor banc\u00e1rio segue predominante, com 66,65% do total, reiterando a forte influ\u00eancia das opera\u00e7\u00f5es de cr\u00e9dito financeiro na inadimpl\u00eancia. \u00c1gua e Luz aparece na sequ\u00eancia com 9,95%, seguido pelo Com\u00e9rcio com 9,43% e Outros com 8,23%.<\/p>\n<p><strong>INADIMPL\u00caNCIA POR REGI\u00c3O: CENTRO-OESTE LIDERA ACELERA\u00c7\u00c3O<\/strong><\/p>\n<p>A an\u00e1lise regional da inadimpl\u00eancia de pessoas f\u00edsicas revela que o Centro-Oeste apresentou a alta mais expressiva no n\u00famero de inadimplentes na compara\u00e7\u00e3o anual em julho, com crescimento de 9,82%. Em termos de percentual da popula\u00e7\u00e3o adulta, a regi\u00e3o tamb\u00e9m lidera, com 46,55% de seus habitantes inclu\u00eddos em cadastros de devedores, consolidando-se como a regi\u00e3o com a maior propor\u00e7\u00e3o de negativados. As demais regi\u00f5es seguiram com aumentos anuais significativos: Sudeste (7,23%), Norte (6,42%), Nordeste (6,21%) e Sul (4,45%).<\/p>\n<p><img loading=\"lazy\" decoding=\"async\" class=\"aligncenter size-full wp-image-29555\" src=\"https:\/\/cndl.org.br\/varejosa\/wp-content\/uploads\/2025\/08\/7.jpg\" alt=\"\" width=\"430\" height=\"277\" srcset=\"https:\/\/cndl.org.br\/varejosa\/wp-content\/uploads\/2025\/08\/7.jpg 430w, https:\/\/cndl.org.br\/varejosa\/wp-content\/uploads\/2025\/08\/7-300x193.jpg 300w\" sizes=\"auto, (max-width: 430px) 100vw, 430px\" \/><\/p>\n<p>Quando se observa o n\u00famero de d\u00edvidas em atraso por regi\u00e3o, a maior alta anual em julho tamb\u00e9m veio do Centro-Oeste (17,05%), seguido por Sudeste (13,80%), Norte (13,19%), Nordeste (11,18%) e Sul (10,73%). A regi\u00e3o Sul, por sua vez, continua com a menor propor\u00e7\u00e3o de negativados em rela\u00e7\u00e3o \u00e0 sua popula\u00e7\u00e3o adulta, com 37,71%.<br \/>\n\u201cOs dados mostram que o n\u00famero de d\u00edvidas cresceu em um ritmo superior ao crescimento no n\u00famero de inadimplentes. Isso significa que as pessoas n\u00e3o apenas continuam devendo, como est\u00e3o acumulando novas d\u00edvidas, criando um ciclo de endividamento cont\u00ednuo\u201d, alerta o presidente do SPC Brasil, Rique Pellizzaro J\u00fanior.<\/p>\n<p><img loading=\"lazy\" decoding=\"async\" class=\"aligncenter size-full wp-image-29556\" src=\"https:\/\/cndl.org.br\/varejosa\/wp-content\/uploads\/2025\/08\/8.jpg\" alt=\"\" width=\"447\" height=\"295\" srcset=\"https:\/\/cndl.org.br\/varejosa\/wp-content\/uploads\/2025\/08\/8.jpg 447w, https:\/\/cndl.org.br\/varejosa\/wp-content\/uploads\/2025\/08\/8-300x198.jpg 300w\" sizes=\"auto, (max-width: 447px) 100vw, 447px\" \/><\/p>\n<p>\u201cO indicador mostra que a m\u00e9dia de atraso nas d\u00edvidas \u00e9 superior a 28 meses e que 44,32% do crescimento da inadimpl\u00eancia vem de d\u00edvidas com mais de 3 anos de atraso, o que aponta que muitos consumidores est\u00e3o paralisados financeiramente e n\u00e3o conseguem retomar o controle das suas contas. Al\u00e9m disso, \u00e9 poss\u00edvel perceber que n\u00e3o s\u00e3o d\u00edvidas grandes que est\u00e3o sufocando os brasileiros, mas sim pequenas d\u00edvidas que se acumulam ao longo do tempo. Muitas vezes, essas pend\u00eancias v\u00eam de contas b\u00e1sicas como \u00e1gua, luz, celular ou compras parceladas em valores baixos \u2014 e quando n\u00e3o s\u00e3o resolvidas logo, acabam virando uma bola de neve, com juros altos e impactos s\u00e9rios para o cr\u00e9dito do consumidor\u201d, afirma o presidente do SPC Brasil.<\/p>\n<p><img loading=\"lazy\" decoding=\"async\" class=\"aligncenter size-full wp-image-29550\" src=\"https:\/\/cndl.org.br\/varejosa\/wp-content\/uploads\/2025\/08\/9.jpg\" alt=\"\" width=\"516\" height=\"364\" srcset=\"https:\/\/cndl.org.br\/varejosa\/wp-content\/uploads\/2025\/08\/9.jpg 516w, https:\/\/cndl.org.br\/varejosa\/wp-content\/uploads\/2025\/08\/9-300x212.jpg 300w\" sizes=\"auto, (max-width: 516px) 100vw, 516px\" \/><\/p>\n<p style=\"text-align: right;\">\n","protected":false},"excerpt":{"rendered":"<p>A varia\u00e7\u00e3o anual observada em julho de 2025 foi de 7,98% no n\u00famero de inadimplentes em rela\u00e7\u00e3o a julho de 2024<\/p>\n","protected":false},"author":10,"featured_media":27197,"comment_status":"closed","ping_status":"closed","sticky":false,"template":"","format":"standard","meta":{"footnotes":""},"categories":[70,2277],"tags":[266,5287],"class_list":["post-29546","post","type-post","status-publish","format-standard","has-post-thumbnail","hentry","category-destaque","category-pesquisa","tag-inadimplencia","tag-pesquisa-cndl-spc"],"_links":{"self":[{"href":"https:\/\/cndl.org.br\/varejosa\/wp-json\/wp\/v2\/posts\/29546","targetHints":{"allow":["GET"]}}],"collection":[{"href":"https:\/\/cndl.org.br\/varejosa\/wp-json\/wp\/v2\/posts"}],"about":[{"href":"https:\/\/cndl.org.br\/varejosa\/wp-json\/wp\/v2\/types\/post"}],"author":[{"embeddable":true,"href":"https:\/\/cndl.org.br\/varejosa\/wp-json\/wp\/v2\/users\/10"}],"replies":[{"embeddable":true,"href":"https:\/\/cndl.org.br\/varejosa\/wp-json\/wp\/v2\/comments?post=29546"}],"version-history":[{"count":0,"href":"https:\/\/cndl.org.br\/varejosa\/wp-json\/wp\/v2\/posts\/29546\/revisions"}],"wp:featuredmedia":[{"embeddable":true,"href":"https:\/\/cndl.org.br\/varejosa\/wp-json\/wp\/v2\/media\/27197"}],"wp:attachment":[{"href":"https:\/\/cndl.org.br\/varejosa\/wp-json\/wp\/v2\/media?parent=29546"}],"wp:term":[{"taxonomy":"category","embeddable":true,"href":"https:\/\/cndl.org.br\/varejosa\/wp-json\/wp\/v2\/categories?post=29546"},{"taxonomy":"post_tag","embeddable":true,"href":"https:\/\/cndl.org.br\/varejosa\/wp-json\/wp\/v2\/tags?post=29546"}],"curies":[{"name":"wp","href":"https:\/\/api.w.org\/{rel}","templated":true}]}}