{"id":29618,"date":"2025-08-27T12:00:54","date_gmt":"2025-08-27T15:00:54","guid":{"rendered":"https:\/\/cndl.org.br\/varejosa\/?p=29618"},"modified":"2025-08-27T12:00:54","modified_gmt":"2025-08-27T15:00:54","slug":"varejo-s-a-podcast-celebra-4-anos-com-episodio-especial-e-relembra-grandes-momentos","status":"publish","type":"post","link":"https:\/\/cndl.org.br\/varejosa\/varejo-s-a-podcast-celebra-4-anos-com-episodio-especial-e-relembra-grandes-momentos\/","title":{"rendered":"Varejo S.A. Podcast celebra 4 anos com epis\u00f3dio especial e relembra grandes momentos"},"content":{"rendered":"<p>O Varejo S.A. Podcast, produzido pela Confedera\u00e7\u00e3o Nacional de Dirigentes Lojistas (<a href=\"https:\/\/site.cndl.org.br\/\" target=\"_blank\" rel=\"noopener\">CNDL<\/a>), acaba de completar 4 anos no ar e lan\u00e7ou um epis\u00f3dio especial para celebrar a data. Desde 2020, o programa se tornou um dos espa\u00e7os mais relevantes para discutir os rumos do varejo brasileiro, com entrevistas que unem informa\u00e7\u00e3o, leveza e proximidade com o dia a dia do empreendedor.<\/p>\n<p>Ao longo dessa jornada, o podcast acompanhou de perto as transforma\u00e7\u00f5es do setor: da digitaliza\u00e7\u00e3o acelerada durante a pandemia, \u00e0s tend\u00eancias de consumo consciente, passando por inova\u00e7\u00e3o tecnol\u00f3gica, intelig\u00eancia artificial, mercado de trabalho, sustentabilidade e empreendedorismo feminino. Cada epis\u00f3dio trouxe reflex\u00f5es valiosas para empres\u00e1rios, executivos e profissionais interessados em entender os desafios e oportunidades do com\u00e9rcio e servi\u00e7os no pa\u00eds.<\/p>\n<p><strong>Marcas e vozes que fizeram hist\u00f3ria<\/strong><\/p>\n<p>Nesses quatro anos, grandes nomes do varejo e da economia estiveram no microfone do <a href=\"https:\/\/cndl.org.br\/varejosa\/\" target=\"_blank\" rel=\"noopener\">Varejo<\/a> S.A. Podcast. Executivos e especialistas de marcas como Shopee, Magazine Luiza, TOTVS, Sebrae, Leroy Merlin, Farm e Amazon compartilharam experi\u00eancias, estrat\u00e9gias e aprendizados que inspiraram o p\u00fablico. Al\u00e9m disso, personalidades do setor tamb\u00e9m trouxeram an\u00e1lises sobre comportamento do consumidor, tend\u00eancias de mercado e pol\u00edticas p\u00fablicas que afetam o dia a dia dos neg\u00f3cios.<\/p>\n<p>No programa especial de anivers\u00e1rio, <span class=\"TextRun SCXW107045048 BCX0\" lang=\"PT-BR\" xml:lang=\"PT-BR\" data-contrast=\"auto\"><span class=\"NormalTextRun SCXW107045048 BCX0\">nosso editor do Varejo S.A., Alex Akira, relembra alguns epis\u00f3dios marcantes dessa trajet\u00f3ria junto com o host do programa e gerente executivo da CNDL, Daniel Sakamoto. <\/span><\/span>Al\u00e9m dos bastidores, eles destacam os aprendizados acumulados em mais de uma centena de epis\u00f3dios produzidos. \u00c9 um convite para revisitar a trajet\u00f3ria do podcast e, ao mesmo tempo, refletir sobre os pr\u00f3ximos passos do varejo brasileiro.<\/p>\n<p><strong>O que vem pela frente<\/strong><\/p>\n<p>Com o setor em constante transforma\u00e7\u00e3o, o Varejo S.A. Podcast segue comprometido em trazer conversas relevantes, que ajudam a preparar empreendedores e gestores para um ambiente cada vez mais competitivo. A meta \u00e9 ampliar ainda mais o alcance do programa, consolidando-o, ainda mais, como fonte essencial de informa\u00e7\u00e3o e inspira\u00e7\u00e3o.<\/p>\n<p>Assista agora ao epis\u00f3dio especial de 4 anos no YouTube:<\/p>\n<p><iframe loading=\"lazy\" title=\"YouTube video player\" src=\"https:\/\/www.youtube.com\/embed\/Hcp2aXPfx9Y?si=dSIF_6ZxOI1OV2pm\" width=\"560\" height=\"315\" frameborder=\"0\" allowfullscreen=\"allowfullscreen\"><\/iframe><\/p>\n<p>Voc\u00ea tamb\u00e9m pode escutar via seu tocador de podcast predileto:<\/p>\n<p><iframe loading=\"lazy\" style=\"border-radius: 12px;\" src=\"https:\/\/open.spotify.com\/embed\/episode\/4blRYAKJvEC3yafSev29L2?utm_source=generator\" width=\"100%\" height=\"352\" frameborder=\"0\" allowfullscreen=\"allowfullscreen\" data-testid=\"embed-iframe\"><\/iframe><\/p>\n","protected":false},"excerpt":{"rendered":"<p>Cada epis\u00f3dio trouxe reflex\u00f5es valiosas para empres\u00e1rios, executivos e profissionais interessados em entender os desafios e oportunidades do com\u00e9rcio e servi\u00e7os no pa\u00eds<\/p>\n","protected":false},"author":33,"featured_media":29619,"comment_status":"closed","ping_status":"closed","sticky":false,"template":"","format":"standard","meta":{"footnotes":""},"categories":[70,5288],"tags":[4553,4977],"class_list":["post-29618","post","type-post","status-publish","format-standard","has-post-thumbnail","hentry","category-destaque","category-podcast","tag-podcast","tag-varejo-s-a-podcast"],"_links":{"self":[{"href":"https:\/\/cndl.org.br\/varejosa\/wp-json\/wp\/v2\/posts\/29618","targetHints":{"allow":["GET"]}}],"collection":[{"href":"https:\/\/cndl.org.br\/varejosa\/wp-json\/wp\/v2\/posts"}],"about":[{"href":"https:\/\/cndl.org.br\/varejosa\/wp-json\/wp\/v2\/types\/post"}],"author":[{"embeddable":true,"href":"https:\/\/cndl.org.br\/varejosa\/wp-json\/wp\/v2\/users\/33"}],"replies":[{"embeddable":true,"href":"https:\/\/cndl.org.br\/varejosa\/wp-json\/wp\/v2\/comments?post=29618"}],"version-history":[{"count":0,"href":"https:\/\/cndl.org.br\/varejosa\/wp-json\/wp\/v2\/posts\/29618\/revisions"}],"wp:featuredmedia":[{"embeddable":true,"href":"https:\/\/cndl.org.br\/varejosa\/wp-json\/wp\/v2\/media\/29619"}],"wp:attachment":[{"href":"https:\/\/cndl.org.br\/varejosa\/wp-json\/wp\/v2\/media?parent=29618"}],"wp:term":[{"taxonomy":"category","embeddable":true,"href":"https:\/\/cndl.org.br\/varejosa\/wp-json\/wp\/v2\/categories?post=29618"},{"taxonomy":"post_tag","embeddable":true,"href":"https:\/\/cndl.org.br\/varejosa\/wp-json\/wp\/v2\/tags?post=29618"}],"curies":[{"name":"wp","href":"https:\/\/api.w.org\/{rel}","templated":true}]}}