{"id":29640,"date":"2025-09-02T12:05:26","date_gmt":"2025-09-02T15:05:26","guid":{"rendered":"https:\/\/cndl.org.br\/varejosa\/?p=29640"},"modified":"2025-08-28T14:50:22","modified_gmt":"2025-08-28T17:50:22","slug":"bconnected-2025-debate-como-crescer-em-um-mundo-hiperconectado-e-em-constante-transformacao","status":"publish","type":"post","link":"https:\/\/cndl.org.br\/varejosa\/bconnected-2025-debate-como-crescer-em-um-mundo-hiperconectado-e-em-constante-transformacao\/","title":{"rendered":"BCONNECTED 2025 debate como crescer em um mundo hiperconectado e em constante transforma\u00e7\u00e3o"},"content":{"rendered":"<p>No mundo hiperconectado de hoje, crescer deixou de ser uma quest\u00e3o de seguir f\u00f3rmulas prontas. O passado j\u00e1 n\u00e3o garante o futuro e, diante da complexidade do cen\u00e1rio p\u00f3s-digital, \u00e9 o movimento que gera clareza. Nesse contexto, l\u00edderes de marcas globais como Alpargatas, Nvidia, McDonald\u2019s, Tommy Hilfiger, AmPm, Natura, Dexco, Stix, entre outras, discutem, durante o BCONNECTED 2025, a cultura de inova\u00e7\u00e3o, as abordagens in\u00e9ditas em dados, as mais recentes experi\u00eancias do consumidor virtual e as estrat\u00e9gias mais atuais em expans\u00e3o de neg\u00f3cios.<\/p>\n<p>Sob o tema \u201cO C\u00f3digo do Crescimento \u2013 Decifrando as estrat\u00e9gias para expandir com intelig\u00eancia em um ambiente complexo e hiperconectado\u201d, o evento que ocorre nos dias 07 e 08 de outubro no Teatro Santander, em S\u00e3o Paulo, ter\u00e1 programa\u00e7\u00e3o din\u00e2mica e inspiradora. \u201cQueremos oferecer aos participantes do evento, um conte\u00fado relevante sobre como empresas e gestores podem encontrar equil\u00edbrio, simplificar processos e transformar a complexidade em motor de crescimento\u201d, afirma Lyana Bittencourt, CEO do Grupo BITTENCOURT.<\/p>\n<p>A edi\u00e7\u00e3o deste ano conta com o apoio institucional da Confedera\u00e7\u00e3o Nacional de Dirigentes Lojistas (<a href=\"https:\/\/site.cndl.org.br\/\" target=\"_blank\" rel=\"noopener\">CNDL<\/a>), refor\u00e7ando o compromisso da entidade com o fortalecimento do setor varejista no Brasil. Al\u00e9m disso, o\u00a0<a href=\"https:\/\/cndl.org.br\/varejosa\/\" target=\"_blank\" rel=\"noopener\">portal Varejo S.A.<\/a>\u00a0participa como media partner oficial do evento.<\/p>\n<p>Em sua 15\u00aa edi\u00e7\u00e3o, o BCONNECTED 2025 reunir\u00e1 35 palestrantes para debater a profunda transforma\u00e7\u00e3o dos neg\u00f3cios em um cen\u00e1rio onde o consumidor mais informado, exigente e imprevis\u00edvel, ocupa o centro das decis\u00f5es. \u201cO que sustenta as marcas s\u00e3o rela\u00e7\u00f5es de confian\u00e7a capazes de atravessar as oscila\u00e7\u00f5es do mercado. Por isto, o evento ser\u00e1 um espa\u00e7o para mostrar como empresas de diversos setores est\u00e3o reinventando modelos, redesenhando prioridades e criando novas formas de se conectar com seus p\u00fablicos, estabelecendo as bases para um crescimento sustent\u00e1vel\u201d, ressalta a executiva.<\/p>\n<p>Realizado pelo Grupo BITTENCOURT \u2013 consultoria idealizadora do projeto, que em 2025 celebra 40 anos \u2013, o evento consolidou-se, ao longo do tempo, como o maior encontro de gest\u00e3o de redes de neg\u00f3cios e franquias da Am\u00e9rica Latina, tendo expectativa de receber nesta edi\u00e7\u00e3o, mais de 2 mil participantes, entre os quais, 80% possuem perfil decis\u00f3rio, incluindo fundadores, s\u00f3cios, C-Levels e diretores de opera\u00e7\u00f5es dos setores de varejo, franchising, ind\u00fastria e servi\u00e7os.<\/p>\n<ul>\n<li>Como participar: <a href=\"https:\/\/www.sympla.com.br\/evento\/bconnected-2025\/2686082?d=CDNL30\" target=\"_blank\" rel=\"noopener\">os ingressos est\u00e3o dispon\u00edveis para participa\u00e7\u00e3o presencial e online por meio da plataforma Sympla. Clique aqui para adquirir o seu ingresso.<\/a><\/li>\n<li>Local:\u00a0Teatro Santander, S\u00e3o Paulo,\u00a0Avenida Presidente Juscelino Kubitschek, 2041, Vila Ol\u00edmpia \u2013 S\u00e3o Paulo<\/li>\n<li>Data e Hor\u00e1rio: de 7 a 8 de outubro de 2025, a partir das 8h30 at\u00e9 as 18h do segundo dia.<\/li>\n<\/ul>\n","protected":false},"excerpt":{"rendered":"<p>Um dos encontros mais aguardados do ano no universo dos neg\u00f3cios trar\u00e1 conte\u00fado transformador, com debates, cases e insights sobre gest\u00e3o de marcas ic\u00f4nicas, cultura de inova\u00e7\u00e3o e lideran\u00e7a na era p\u00f3s-digital<\/p>\n","protected":false},"author":8,"featured_media":29644,"comment_status":"closed","ping_status":"closed","sticky":false,"template":"","format":"standard","meta":{"footnotes":""},"categories":[101],"tags":[5720,5721],"class_list":["post-29640","post","type-post","status-publish","format-standard","has-post-thumbnail","hentry","category-tendencias","tag-bconnected","tag-bconnected-2025"],"_links":{"self":[{"href":"https:\/\/cndl.org.br\/varejosa\/wp-json\/wp\/v2\/posts\/29640","targetHints":{"allow":["GET"]}}],"collection":[{"href":"https:\/\/cndl.org.br\/varejosa\/wp-json\/wp\/v2\/posts"}],"about":[{"href":"https:\/\/cndl.org.br\/varejosa\/wp-json\/wp\/v2\/types\/post"}],"author":[{"embeddable":true,"href":"https:\/\/cndl.org.br\/varejosa\/wp-json\/wp\/v2\/users\/8"}],"replies":[{"embeddable":true,"href":"https:\/\/cndl.org.br\/varejosa\/wp-json\/wp\/v2\/comments?post=29640"}],"version-history":[{"count":0,"href":"https:\/\/cndl.org.br\/varejosa\/wp-json\/wp\/v2\/posts\/29640\/revisions"}],"wp:featuredmedia":[{"embeddable":true,"href":"https:\/\/cndl.org.br\/varejosa\/wp-json\/wp\/v2\/media\/29644"}],"wp:attachment":[{"href":"https:\/\/cndl.org.br\/varejosa\/wp-json\/wp\/v2\/media?parent=29640"}],"wp:term":[{"taxonomy":"category","embeddable":true,"href":"https:\/\/cndl.org.br\/varejosa\/wp-json\/wp\/v2\/categories?post=29640"},{"taxonomy":"post_tag","embeddable":true,"href":"https:\/\/cndl.org.br\/varejosa\/wp-json\/wp\/v2\/tags?post=29640"}],"curies":[{"name":"wp","href":"https:\/\/api.w.org\/{rel}","templated":true}]}}