{"id":29736,"date":"2025-09-27T14:15:12","date_gmt":"2025-09-27T17:15:12","guid":{"rendered":"https:\/\/cndl.org.br\/varejosa\/?p=29736"},"modified":"2025-09-17T14:24:21","modified_gmt":"2025-09-17T17:24:21","slug":"bconnected-2025-se-prepara-para-discutir-os-caminhos-da-expansao-em-um-mundo-hiperconectado","status":"publish","type":"post","link":"https:\/\/cndl.org.br\/varejosa\/bconnected-2025-se-prepara-para-discutir-os-caminhos-da-expansao-em-um-mundo-hiperconectado\/","title":{"rendered":"BConnected 2025 se prepara para discutir os caminhos da expans\u00e3o em um mundo hiperconectado"},"content":{"rendered":"<p>O BConnected 2025 se aproxima com a promessa de reunir, em S\u00e3o Paulo nos dias 7 e 8 de outubro, lideran\u00e7as empresariais, especialistas e marcas que ditam o ritmo dos neg\u00f3cios no Brasil e no mundo. Comemorando seus 15 anos de hist\u00f3ria, o encontro traz como tem\u00e1tica central \u201cO C\u00f3digo do Crescimento\u201d, um convite para decifrar quais pr\u00e1ticas, valores e estrat\u00e9gias s\u00e3o realmente capazes de sustentar empresas em tempos de transforma\u00e7\u00e3o acelerada e hiperconex\u00e3o.<\/p>\n<p>Mais do que um f\u00f3rum de debates, o evento se consolidou como ponto de encontro para quem deseja entender os rumos do varejo, do franchising e da gest\u00e3o de redes em um cen\u00e1rio cada vez mais competitivo. Ao longo das edi\u00e7\u00f5es, o BConnected se firmou como um espa\u00e7o em que conceitos inovadores saem do discurso e ganham aplicabilidade no dia a dia das organiza\u00e7\u00f5es.<\/p>\n<p>A edi\u00e7\u00e3o deste ano conta com o apoio institucional da Confedera\u00e7\u00e3o Nacional de Dirigentes Lojistas (<a href=\"https:\/\/site.cndl.org.br\/\" target=\"_blank\" rel=\"noopener\">CNDL<\/a>), refor\u00e7ando o compromisso da entidade com o fortalecimento do setor varejista no Brasil. Al\u00e9m disso, o\u00a0<a href=\"https:\/\/cndl.org.br\/varejosa\/\" target=\"_blank\" rel=\"noopener\">portal Varejo S.A.<\/a>\u00a0participa como media partner oficial do evento.<\/p>\n<p><strong>Novas vozes para novos desafios<\/strong><\/p>\n<p>Entre os palestrantes j\u00e1 confirmados, nomes de peso refor\u00e7am a diversidade de olhares que o evento pretende oferecer. Carlos Paschoal, VP da Alpargatas e respons\u00e1vel por Havaianas no Brasil, promete trazer a vis\u00e3o de uma das marcas mais ic\u00f4nicas do pa\u00eds sobre inova\u00e7\u00e3o sem perder ess\u00eancia. Daniela Dantas, VP da WGSN na Am\u00e9rica Latina, chega com a miss\u00e3o de traduzir as principais tend\u00eancias globais de consumo e comportamento. J\u00e1 Julien Gazier, CEO da Leroy Merlin, compartilha a experi\u00eancia de liderar uma gigante do varejo em um momento de forte digitaliza\u00e7\u00e3o e transforma\u00e7\u00e3o cultural.<\/p>\n<p>Essas presen\u00e7as se somam a outros executivos e especialistas j\u00e1 anunciados, refor\u00e7ando a proposta de debater crescimento sob diferentes \u00e2ngulos: da tecnologia \u00e0 cultura organizacional, da gest\u00e3o de pessoas \u00e0s novas expectativas dos consumidores.<\/p>\n<p><strong>O que est\u00e1 em jogo para empresas e empreendedores<\/strong><\/p>\n<p>O pano de fundo do BConnected n\u00e3o poderia ser mais atual: um mundo hiperconectado, onde consumidores transitam entre o f\u00edsico e o digital com naturalidade, e onde decis\u00f5es precisam ser tomadas em velocidade recorde. Para muitas empresas, crescer j\u00e1 n\u00e3o \u00e9 apenas abrir novas unidades ou aumentar faturamento, mas sim construir modelos de neg\u00f3cio resilientes, capazes de resistir a crises e manter relev\u00e2ncia no longo prazo.<\/p>\n<p>Nesse contexto, o evento deve lan\u00e7ar luz sobre quest\u00f5es como:<\/p>\n<ul>\n<li>Como expandir em mercados cada vez mais competitivos sem perder identidade?<\/li>\n<li>Quais tecnologias realmente impactam a efici\u00eancia e a rela\u00e7\u00e3o com clientes?<\/li>\n<li>Como formar lideran\u00e7as e equipes preparadas para lidar com complexidade?<\/li>\n<li>De que forma a sustentabilidade \u2014 econ\u00f4mica, social e ambiental \u2014 se torna parte insepar\u00e1vel da estrat\u00e9gia de expans\u00e3o?<\/li>\n<\/ul>\n<p><strong>O palco do franchising brasileiro<\/strong><\/p>\n<p>Al\u00e9m dos debates e pain\u00e9is, o Pr\u00eamio TOP 25 do Franchising Brasileiro, realizado pelo Grupo Bittencourt, ter\u00e1 destaque dentro da programa\u00e7\u00e3o. A iniciativa valoriza redes que conseguiram aliar expans\u00e3o e inova\u00e7\u00e3o, servindo de vitrine para pr\u00e1ticas que j\u00e1 est\u00e3o transformando o setor. Os finalistas de 2025 mostrar\u00e3o, na pr\u00e1tica, como diferentes neg\u00f3cios decodificaram seus pr\u00f3prios \u201cc\u00f3digos de crescimento\u201d, equilibrando escalabilidade com prop\u00f3sito.<\/p>\n<p><strong>Expectativas para a edi\u00e7\u00e3o hist\u00f3rica<\/strong><\/p>\n<p>Ao completar 15 anos, o BConnected 2025\u00a0n\u00e3o se limita a celebrar sua trajet\u00f3ria, mas mira no futuro. A expectativa \u00e9 que os debates tragam respostas pr\u00e1ticas para empres\u00e1rios, franqueadores, executivos e gestores que enxergam no evento uma b\u00fassola para os pr\u00f3ximos passos.<\/p>\n<p>Seja para redes consolidadas que buscam novos patamares de crescimento, seja para neg\u00f3cios emergentes que ainda est\u00e3o estruturando suas bases, a edi\u00e7\u00e3o de 2025 se apresenta como espa\u00e7o estrat\u00e9gico para compartilhar experi\u00eancias, fazer networking e, principalmente, entender quais s\u00e3o os c\u00f3digos invis\u00edveis que sustentam a expans\u00e3o sustent\u00e1vel em tempos de incerteza.<\/p>\n<p><strong>BConnected 2025<\/strong><\/p>\n<ul>\n<li>Como participar:\u00a0<a href=\"https:\/\/www.sympla.com.br\/evento\/bconnected-2025\/2686082?d=CDNL30\" target=\"_blank\" rel=\"noopener\">os ingressos est\u00e3o dispon\u00edveis para participa\u00e7\u00e3o presencial e online por meio da plataforma Sympla. Clique aqui para adquirir o seu ingresso.<\/a><\/li>\n<li>Local:\u00a0Teatro Santander, S\u00e3o Paulo,\u00a0Avenida Presidente Juscelino Kubitschek, 2041, Vila Ol\u00edmpia \u2013 S\u00e3o Paulo<\/li>\n<li>Data e Hor\u00e1rio: de 7 a 8 de outubro de 2025, a partir das 8h30 at\u00e9 as 18h do segundo dia.<\/li>\n<\/ul>\n","protected":false},"excerpt":{"rendered":"<p>Evento ocorre em S\u00e3o Paulo nos dias 7 e 8 de outubro<\/p>\n","protected":false},"author":33,"featured_media":29737,"comment_status":"closed","ping_status":"closed","sticky":false,"template":"","format":"standard","meta":{"footnotes":""},"categories":[70,101],"tags":[5720,5721],"class_list":["post-29736","post","type-post","status-publish","format-standard","has-post-thumbnail","hentry","category-destaque","category-tendencias","tag-bconnected","tag-bconnected-2025"],"_links":{"self":[{"href":"https:\/\/cndl.org.br\/varejosa\/wp-json\/wp\/v2\/posts\/29736","targetHints":{"allow":["GET"]}}],"collection":[{"href":"https:\/\/cndl.org.br\/varejosa\/wp-json\/wp\/v2\/posts"}],"about":[{"href":"https:\/\/cndl.org.br\/varejosa\/wp-json\/wp\/v2\/types\/post"}],"author":[{"embeddable":true,"href":"https:\/\/cndl.org.br\/varejosa\/wp-json\/wp\/v2\/users\/33"}],"replies":[{"embeddable":true,"href":"https:\/\/cndl.org.br\/varejosa\/wp-json\/wp\/v2\/comments?post=29736"}],"version-history":[{"count":0,"href":"https:\/\/cndl.org.br\/varejosa\/wp-json\/wp\/v2\/posts\/29736\/revisions"}],"wp:featuredmedia":[{"embeddable":true,"href":"https:\/\/cndl.org.br\/varejosa\/wp-json\/wp\/v2\/media\/29737"}],"wp:attachment":[{"href":"https:\/\/cndl.org.br\/varejosa\/wp-json\/wp\/v2\/media?parent=29736"}],"wp:term":[{"taxonomy":"category","embeddable":true,"href":"https:\/\/cndl.org.br\/varejosa\/wp-json\/wp\/v2\/categories?post=29736"},{"taxonomy":"post_tag","embeddable":true,"href":"https:\/\/cndl.org.br\/varejosa\/wp-json\/wp\/v2\/tags?post=29736"}],"curies":[{"name":"wp","href":"https:\/\/api.w.org\/{rel}","templated":true}]}}