{"id":29993,"date":"2025-10-23T15:07:15","date_gmt":"2025-10-23T18:07:15","guid":{"rendered":"https:\/\/cndl.org.br\/varejosa\/?p=29993"},"modified":"2026-02-03T14:45:20","modified_gmt":"2026-02-03T17:45:20","slug":"marcas-que-se-importam-2025-historias-reais-de-marcas-e-lideres-de-alta-excelencia-em-sustentabilidade","status":"publish","type":"post","link":"https:\/\/cndl.org.br\/varejosa\/marcas-que-se-importam-2025-historias-reais-de-marcas-e-lideres-de-alta-excelencia-em-sustentabilidade\/","title":{"rendered":"\u201cMarcas que se Importam 2025\u201d: hist\u00f3rias reais de marcas e l\u00edderes de alta excel\u00eancia em sustentabilidade"},"content":{"rendered":"<p>No dia 27 de outubro, a FAAP receber\u00e1 a primeira edi\u00e7\u00e3o do Marcas que se Importam 2025, um grande encontro que inaugura um novo ciclo de lideran\u00e7a sustent\u00e1vel no Brasil. As inscri\u00e7\u00f5es j\u00e1 est\u00e3o abertas, s\u00e3o gratuitas e as vagas limitadas.<\/p>\n<p>O Marcas que se Importam n\u00e3o \u00e9 um pr\u00eamio de sustentabilidade, nem mais um evento sobre ESG. \u00c9 uma liga de marcas de car\u00e1ter, empresas, organiza\u00e7\u00f5es da sociedade civil e representantes da ci\u00eancia, que compartilham experi\u00eancias de impacto positivo, baseadas em princ\u00edpios, cren\u00e7as e pr\u00e1ticas de responsabilidade social e sustentabilidade na gest\u00e3o dos neg\u00f3cios.<\/p>\n<p>S\u00e3o hist\u00f3rias reais de transforma\u00e7\u00e3o e impacto positivo de marcas de alta excel\u00eancia, virtuosas, selecionadas com rigor t\u00e9cnico, e que demonstram na pr\u00e1tica como \u00e9 poss\u00edvel alinhar resultados empresariais a impacto social, ambiental e \u00e9tico. No palco, com formato inovador e palestras curtas e impactantes, marcas e l\u00edderes apresentar\u00e3o aquilo que praticam e acreditam.<\/p>\n<p>\u201cUma marca que se importa \u00e9 uma marca que pratica, de verdade, a responsabilidade social e a sustentabilidade como parte da sua estrat\u00e9gia de neg\u00f3cio. Queremos que as hist\u00f3rias compartilhadas inspirem outras organiza\u00e7\u00f5es a tamb\u00e9m se importarem com o clima, a diversidade, a inclus\u00e3o, a biodiversidade, a inova\u00e7\u00e3o sustent\u00e1vel e as rela\u00e7\u00f5es humanas\u201d, explica Ricardo Voltolini, CEO da Ideia Sustent\u00e1vel e idealizador da iniciativa.<\/p>\n<p><strong>O que esperar do Marcas que se importam?<\/strong><\/p>\n<ul>\n<li>Marcas que se importam com mudan\u00e7as no clima.<\/li>\n<li>Marcas que se importam com transforma\u00e7\u00f5es reais.<\/li>\n<li>Marcas que se importam com responsabilidade social.<\/li>\n<li>Marcas que se importam com sustentabilidade na gest\u00e3o dos neg\u00f3cios.<\/li>\n<li>Marcas que se importam com l\u00edderes que se norteiam por princ\u00edpios \u00e9ticos.<\/li>\n<li>Marcas que se importam com \u00e9tica e transpar\u00eancia.<\/li>\n<li>Marcas que se importam com a preserva\u00e7\u00e3o da biodiversidade.<\/li>\n<li>Marcas que se importam com as rela\u00e7\u00f5es humanas<\/li>\n<li>Marcas que se importam com a inova\u00e7\u00e3o para a sustentabilidade na pr\u00e1tica.<\/li>\n<li>Marcas que se importam com a alta excel\u00eancia e que querem compartilhar suas hist\u00f3rias \u00e0queles que buscam o mesmo caminho!<\/li>\n<\/ul>\n<p><strong>Crit\u00e9rios e curadoria<\/strong><\/p>\n<p>As marcas que se importam foram selecionadas a partir de pesquisa do Observat\u00f3rio de Pr\u00e1ticas em Sustentabilidade da Ideia Sustent\u00e1vel e validadas por um Conselho Consultivo de 10 especialistas com mais de 20 anos de experi\u00eancia no tema. Seis crit\u00e9rios nortearam a curadoria: convic\u00e7\u00e3o, impacto positivo, abrang\u00eancia, coer\u00eancia, lideran\u00e7a e prop\u00f3sito estrat\u00e9gico.<\/p>\n<p>\u201cMais do que storytelling, o que teremos \u00e9 storydoing: exemplos de quem j\u00e1 pratica uma lideran\u00e7a orientada por valores e que mostra, na pr\u00e1tica, que \u00e9 poss\u00edvel conciliar neg\u00f3cios, impacto social e sustentabilidade\u201d, refor\u00e7a Voltolini.<\/p>\n<p>A edi\u00e7\u00e3o deste ano conta com o apoio e a participa\u00e7\u00e3o do portal Varejo S.A. e da Confedera\u00e7\u00e3o dos Dirigentes Lojistas (CNDL).<\/p>\n<p><strong>Marcas que se Importam 2025<\/strong><\/p>\n<p>Data: 27 de outubro de 2025<\/p>\n<p>Local: FAAP \u2013 S\u00e3o Paulo<\/p>\n<p>Inscri\u00e7\u00f5es gratuitas (vagas limitadas): <a href=\"https:\/\/ideiasustentavel.com.br\/marcas-que-se-importam\/\" target=\"_blank\" rel=\"noopener\">Link<\/a><\/p>\n<p>D\u00favidas: <a href=\"contato@ideiasustentavel.com.br\" target=\"_blank\" rel=\"noopener\">E-mail<\/a><\/p>\n","protected":false},"excerpt":{"rendered":"<p>Uma liga que re\u00fane empresas, organiza\u00e7\u00f5es da sociedade civil e representantes da ci\u00eancia que compartilham experi\u00eancias de impacto positivo<\/p>\n","protected":false},"author":8,"featured_media":29994,"comment_status":"closed","ping_status":"closed","sticky":false,"template":"","format":"standard","meta":{"footnotes":""},"categories":[26],"tags":[5814,5828],"class_list":["post-29993","post","type-post","status-publish","format-standard","has-post-thumbnail","hentry","category-negocios-e-economia","tag-marcas-que-se-importam","tag-marcas-que-se-importam-2025"],"_links":{"self":[{"href":"https:\/\/cndl.org.br\/varejosa\/wp-json\/wp\/v2\/posts\/29993","targetHints":{"allow":["GET"]}}],"collection":[{"href":"https:\/\/cndl.org.br\/varejosa\/wp-json\/wp\/v2\/posts"}],"about":[{"href":"https:\/\/cndl.org.br\/varejosa\/wp-json\/wp\/v2\/types\/post"}],"author":[{"embeddable":true,"href":"https:\/\/cndl.org.br\/varejosa\/wp-json\/wp\/v2\/users\/8"}],"replies":[{"embeddable":true,"href":"https:\/\/cndl.org.br\/varejosa\/wp-json\/wp\/v2\/comments?post=29993"}],"version-history":[{"count":0,"href":"https:\/\/cndl.org.br\/varejosa\/wp-json\/wp\/v2\/posts\/29993\/revisions"}],"wp:featuredmedia":[{"embeddable":true,"href":"https:\/\/cndl.org.br\/varejosa\/wp-json\/wp\/v2\/media\/29994"}],"wp:attachment":[{"href":"https:\/\/cndl.org.br\/varejosa\/wp-json\/wp\/v2\/media?parent=29993"}],"wp:term":[{"taxonomy":"category","embeddable":true,"href":"https:\/\/cndl.org.br\/varejosa\/wp-json\/wp\/v2\/categories?post=29993"},{"taxonomy":"post_tag","embeddable":true,"href":"https:\/\/cndl.org.br\/varejosa\/wp-json\/wp\/v2\/tags?post=29993"}],"curies":[{"name":"wp","href":"https:\/\/api.w.org\/{rel}","templated":true}]}}